{"id":518970,"date":"2025-11-07T20:00:36","date_gmt":"2025-11-07T20:00:36","guid":{"rendered":"https:\/\/www.europesays.com\/fr\/518970\/"},"modified":"2025-11-07T20:00:36","modified_gmt":"2025-11-07T20:00:36","slug":"concert-israelien-a-la-philharmonie-de-paris-comment-le-dispositif-de-securite-renforce-a-t-il-pu-etre-dejoue","status":"publish","type":"post","link":"https:\/\/www.europesays.com\/fr\/518970\/","title":{"rendered":"Concert isra\u00e9lien \u00e0 la Philharmonie de Paris\u00a0: comment le dispositif de s\u00e9curit\u00e9 renforc\u00e9 a-t-il pu \u00eatre d\u00e9jou\u00e9 ?"},"content":{"rendered":"<p class=\"col subheadline margin_bottom_subheadline widescreen-12 desktop-10\">La salle parisienne avait consid\u00e9rablement renforc\u00e9 sa s\u00e9curit\u00e9 pour le concert de l\u2019orchestre philharmonique d\u2019Isra\u00ebl, ce jeudi 6 novembre dans la soir\u00e9e. Des policiers \u00e9taient m\u00eame venus en renfort. Malgr\u00e9 tout, des fumig\u00e8nes ont \u00e9t\u00e9 introduits \u00e0 l\u2019int\u00e9rieur de la salle, d\u00e9jouant les d\u00e9tecteurs et la palpation.<\/p>\n<p>Par <a href=\"https:\/\/www.leparisien.fr\/auteur\/florian-loisy\/\" class=\"author_link\" rel=\"nofollow noopener\" target=\"_blank\">Florian Loisy<\/a>\u00a0<\/p>\n<p>Le 7 novembre 2025 \u00e0 20h40<\/p>\n","protected":false},"excerpt":{"rendered":"La salle parisienne avait consid\u00e9rablement renforc\u00e9 sa s\u00e9curit\u00e9 pour le concert de l\u2019orchestre philharmonique d\u2019Isra\u00ebl, ce jeudi 6&hellip;\n","protected":false},"author":2,"featured_media":518971,"comment_status":"","ping_status":"","sticky":false,"template":"","format":"standard","meta":{"footnotes":""},"categories":[1888],"tags":[11,1777,674,118,1011,27,1944,12,626,25],"class_list":{"0":"post-518970","1":"post","2":"type-post","3":"status-publish","4":"format-standard","5":"has-post-thumbnail","7":"category-paris","8":"tag-actualites","9":"tag-eu","10":"tag-europe","11":"tag-faits-divers","12":"tag-fr","13":"tag-france","14":"tag-ma-ville","15":"tag-news","16":"tag-paris","17":"tag-republique-francaise"},"share_on_mastodon":{"url":"https:\/\/pubeurope.com\/@fr\/115510196498258849","error":""},"_links":{"self":[{"href":"https:\/\/www.europesays.com\/fr\/wp-json\/wp\/v2\/posts\/518970","targetHints":{"allow":["GET"]}}],"collection":[{"href":"https:\/\/www.europesays.com\/fr\/wp-json\/wp\/v2\/posts"}],"about":[{"href":"https:\/\/www.europesays.com\/fr\/wp-json\/wp\/v2\/types\/post"}],"author":[{"embeddable":true,"href":"https:\/\/www.europesays.com\/fr\/wp-json\/wp\/v2\/users\/2"}],"replies":[{"embeddable":true,"href":"https:\/\/www.europesays.com\/fr\/wp-json\/wp\/v2\/comments?post=518970"}],"version-history":[{"count":0,"href":"https:\/\/www.europesays.com\/fr\/wp-json\/wp\/v2\/posts\/518970\/revisions"}],"wp:featuredmedia":[{"embeddable":true,"href":"https:\/\/www.europesays.com\/fr\/wp-json\/wp\/v2\/media\/518971"}],"wp:attachment":[{"href":"https:\/\/www.europesays.com\/fr\/wp-json\/wp\/v2\/media?parent=518970"}],"wp:term":[{"taxonomy":"category","embeddable":true,"href":"https:\/\/www.europesays.com\/fr\/wp-json\/wp\/v2\/categories?post=518970"},{"taxonomy":"post_tag","embeddable":true,"href":"https:\/\/www.europesays.com\/fr\/wp-json\/wp\/v2\/tags?post=518970"}],"curies":[{"name":"wp","href":"https:\/\/api.w.org\/{rel}","templated":true}]}}