{"id":518978,"date":"2025-11-07T20:05:47","date_gmt":"2025-11-07T20:05:47","guid":{"rendered":"https:\/\/www.europesays.com\/fr\/518978\/"},"modified":"2025-11-07T20:05:47","modified_gmt":"2025-11-07T20:05:47","slug":"le-prince-harry-entend-t-il-retourner-vivre-au-royaume-uni-cette-petite-phrase-qui-en-dit-long","status":"publish","type":"post","link":"https:\/\/www.europesays.com\/fr\/518978\/","title":{"rendered":"Le prince Harry entend-t-il retourner vivre au Royaume-Uni ? Cette petite phrase qui en dit long"},"content":{"rendered":"<p>                             Par Naoual Lalouchi<\/p>\n<p>                Le 7 novembre 2025 \u00e0 20h56<\/p>\n<p>                                    <img decoding=\"async\" src=\"https:\/\/www.europesays.com\/fr\/wp-content\/uploads\/2025\/11\/ea7d47cdb29f527d1e6f839cfb0b3ce3ac1b8e113ad964ce57b951a6385f15fb.jpg\" alt=\"Prince Harry: vie priv\u00e9e, famille, pouvoir\u2026 Ce qu\u2019il faut conna\u00eetre\" class=\"a11y-hidden\" fetchpriority=\"high\"\/><\/p>\n<p class=\"fig-standfirst\">\n    Dans un texte publi\u00e9 ce mercredi 5 novembre, intitul\u00e9 \u00abLe lien, les plaisanteries, le courage\u00a0: ce que signifie \u00eatre britannique\u00bb, le prince Harry a rendu un vibrant hommage \u00e0 sa terre natale. De quoi \u00e9veiller de nouvelles sp\u00e9culations\u2026<\/p>\n<p class=\"fig-paragraph\">Le prince Harry a quitt\u00e9 le Royaume-Uni\u00a0<a href=\"https:\/\/www.gala.fr\/l_actu\/news_de_stars\/le-prince-harry-force-de-quitter-ses-fonctions-royales-et-le-royaume-uni-ses-revelations-fracassantes_534051\" data-fig-type=\"Article\" data-gtm-custom-categorie=\"navigation\" data-gtm-custom-action=\"crossclick\" data-gtm-custom-label=\"Contextuel\" data-gtm-event=\"customEventSPE\" data-fig-domain=\"GALA\" target=\"_blank\" rel=\"noopener\">avec fracas en 2020<\/a>, renon\u00e7ant ainsi \u00e0 ses fonctions royales.\u00a0<a href=\"http:\/\/www.gala.fr\/l_actu\/news_de_stars\/meghan-markle-invisible-a-montecito-ses-voisins-peu-enthousiasmes-elle-n-a-jamais-vraiment-cherche-a-s-integrer-20250528\" data-fig-type=\"Article\" data-gtm-custom-categorie=\"navigation\" data-gtm-custom-action=\"crossclick\" data-gtm-custom-label=\"Contextuel\" data-gtm-event=\"customEventSPE\" data-fig-domain=\"GALA\" target=\"_blank\" rel=\"noopener\">Install\u00e9 \u00e0 Montecito<\/a>, en Californie, avec son \u00e9pouse\u00a0<a href=\"http:\/\/www.gala.fr\/royautes\/elle-a-un-petit-role-a-quoi-va-ressembler-le-retour-de-meghan-markle-au-cinema-20251106\" data-fig-type=\"Article\" data-gtm-custom-categorie=\"navigation\" data-gtm-custom-action=\"crossclick\" data-gtm-custom-label=\"Contextuel\" data-gtm-event=\"customEventSPE\" data-fig-domain=\"GALA\" target=\"_blank\" rel=\"noopener\">Meghan Markle<\/a>, son fils\u00a0<a href=\"http:\/\/www.gala.fr\/royautes\/archie-et-lilibet-trop-exposes-sur-les-reseaux-sociaux-le-prince-harry-dit-stop-a-meghan-markle-20251105\" data-fig-type=\"Article\" data-gtm-custom-categorie=\"navigation\" data-gtm-custom-action=\"crossclick\" data-gtm-custom-label=\"Contextuel\" data-gtm-event=\"customEventSPE\" data-fig-domain=\"GALA\" target=\"_blank\" rel=\"noopener\">Archie<\/a>, 7 ans, et sa fille\u00a0<a href=\"http:\/\/www.gala.fr\/royautes\/archie-en-fourmi-lilibet-en-luciole-les-enfants-d-harry-et-meghan-absolument-craquants-pour-halloween-20251102\" data-fig-type=\"Article\" data-gtm-custom-categorie=\"navigation\" data-gtm-custom-action=\"crossclick\" data-gtm-custom-label=\"Contextuel\" data-gtm-event=\"customEventSPE\" data-fig-domain=\"GALA\" target=\"_blank\" rel=\"noopener\">Lilibet<\/a>, 4 ans, le duc de Sussex continue pourtant de montrer son attachement \u00e0 son pays natal. Ses tentatives de\u00a0<a href=\"http:\/\/www.gala.fr\/royautes\/le-prince-harry-monte-au-creneau-contre-ceux-qui-veulent-saboter-ses-reconciliations-avec-son-pere-20250929\" data-fig-type=\"Article\" data-gtm-custom-categorie=\"navigation\" data-gtm-custom-action=\"crossclick\" data-gtm-custom-label=\"Contextuel\" data-gtm-event=\"customEventSPE\" data-fig-domain=\"GALA\" target=\"_blank\" rel=\"noopener\">r\u00e9conciliation avec son p\u00e8re<\/a>, le roi Charles III, ont r\u00e9cemment fait parler, ravivant les soup\u00e7ons d\u2019un\u00a0<a href=\"http:\/\/www.gala.fr\/royautes\/le-prince-harry-pret-a-demander-la-nationalite-americaine-sa-reponse-ne-fait-aucun-doute-20251031\" data-fig-type=\"Article\" data-gtm-custom-categorie=\"navigation\" data-gtm-custom-action=\"crossclick\" data-gtm-custom-label=\"Contextuel\" data-gtm-event=\"customEventSPE\" data-fig-domain=\"GALA\" target=\"_blank\" rel=\"noopener\">possible retour \u00ab\u00e0 la maison\u00bb<\/a> . Longtemps d\u00e9menties par son entourage, les rumeurs ont repris de plus belle apr\u00e8s la publication d\u2019un texte sign\u00e9 de sa main ce mercredi 5 novembre. Dans ce texte intitul\u00e9 \u00abLe lien, les plaisanteries, le courage\u00a0: ce que signifie \u00eatre britannique\u00bb, le prince Harry rend un hommage vibrant \u00e0 l\u2019Angleterre. Un message qui n\u2019a pas manqu\u00e9 de faire jaser et qui laisse \u00e0 penser que le fils cadet du\u00a0<a href=\"http:\/\/www.gala.fr\/royautes\/le-roi-a-fondu-en-larmes-comment-le-cancer-a-revele-un-nouveau-visage-de-charles-iii-20251104\" data-fig-type=\"Article\" data-gtm-custom-categorie=\"navigation\" data-gtm-custom-action=\"crossclick\" data-gtm-custom-label=\"Contextuel\" data-gtm-event=\"customEventSPE\" data-fig-domain=\"GALA\" target=\"_blank\" rel=\"noopener\">roi Charles III\u00a0<\/a>semble, plus que jamais, en qu\u00eate de ce lien avec le Royaume-Uni.<\/p>\n<p class=\"fig-paragraph\">Les mots choisis par le duc de Sussex ont aussit\u00f4t relanc\u00e9 les sp\u00e9culations sur un possible retour. Dans son texte, il \u00e9crit\u00a0: \u00abBien que je vive actuellement aux \u00c9tats-Unis, la Grande-Bretagne est, et restera toujours, le pays que j\u2019ai servi et pour lequel j\u2019ai combattu avec fiert\u00e9. Les plaisanteries au mess, au club-house, au pub, dans les tribunes, aussi ridicules que cela puisse para\u00eetre, ce sont ces choses qui font de nous des Britanniques. Je n\u2019en ai pas honte. J\u2019aime \u00e7a.\u00bb Une d\u00e9claration forte, qui r\u00e9sonne comme une confession. Car derri\u00e8re l\u2019image d\u2019un p\u00e8re de famille install\u00e9 sous le soleil californien, certains voient poindre la nostalgie d\u2019un prince tiraill\u00e9 entre la libert\u00e9 choisie et l\u2019attachement visc\u00e9ral \u00e0 sa terre natale. En quelques phrases seulement, Harry semble rappeler qu\u2019il reste, avant tout, un soldat britannique.<\/p>\n<p>    <a href=\"#slideshow-header\"><\/p>\n<p class=\"fig-slideshow__title\">\n                    PHOTOS &#8211; Kate Middleton, Harry, William\u00a0: leurs statues de cire sont tr\u00e8s ressemblantes\u2026 ou pas\u00a0!\n                <\/p>\n<p>    <\/a><\/p>\n<p>                                    <a class=\"fig-a11y-skip a11y-hidden\" href=\"#fig-a11y-skip-main-inarticle\"><br \/>\n        Passer la publicit\u00e9<br \/>\n    <\/a><\/p>\n<p>Un hommage rendu \u00e0 Toronto pour la Journ\u00e9e du Souvenir<\/p>\n<p class=\"fig-paragraph\">Comme le pr\u00e9cise le\u00a0<a href=\"https:\/\/www.thedailybeast.com\/prince-harry-teases-dramatic-return-to-the-uk\/\" target=\"_blank\" rel=\"nofollow noopener\" data-gtm-custom-categorie=\"navigation\" data-gtm-custom-action=\"crossclick\" data-gtm-custom-label=\"Contextuel\" data-gtm-event=\"customEventSPE\">Daily Beast<\/a>, ce texte a \u00e9t\u00e9 largement diffus\u00e9 par les agences de presse internationales \u00e0 l\u2019occasion des c\u00e9r\u00e9monies de la Journ\u00e9e des anciens combattants, c\u00e9l\u00e9br\u00e9es dans le monde entier cette semaine. Le prince Harry, tr\u00e8s investi dans les causes militaires, a d\u2019ailleurs pris part \u00e0 la\u00a0<a href=\"http:\/\/www.gala.fr\/royautes\/le-prince-william-brille-a-la-cop30-mais-le-prince-harry-tente-de-lui-voler-la-vedette-20251107\" data-fig-type=\"Article\" data-gtm-custom-categorie=\"navigation\" data-gtm-custom-action=\"crossclick\" data-gtm-custom-label=\"Contextuel\" data-gtm-event=\"customEventSPE\" data-fig-domain=\"GALA\" target=\"_blank\" rel=\"noopener\">Journ\u00e9e du Souvenir<\/a>, le 6 novembre \u00e0 Toronto. Entour\u00e9 d\u2019anciens soldats et de familles endeuill\u00e9es, il a rendu hommage \u00e0 ceux qui ont servi sous les drapeaux, rappelant ses propres ann\u00e9es de service en Afghanistan. Deux missions, men\u00e9es en tant que copilote-mitrailleur sur un h\u00e9licopt\u00e8re Apache, ont profond\u00e9ment marqu\u00e9 son parcours. Ce retour symbolique sur ses engagements militaires, au-del\u00e0 de la comm\u00e9moration, sonne comme une fa\u00e7on pour le fr\u00e8re du\u00a0<a href=\"http:\/\/www.gala.fr\/royautes\/le-prince-william-plus-sexy-que-jamais-a-43-ans-mais-quel-est-son-secret-20251107\" data-fig-type=\"Article\" data-gtm-custom-categorie=\"navigation\" data-gtm-custom-action=\"crossclick\" data-gtm-custom-label=\"Contextuel\" data-gtm-event=\"customEventSPE\" data-fig-domain=\"GALA\" target=\"_blank\" rel=\"noopener\">prince William\u00a0<\/a>de\u00a0<a href=\"https:\/\/www.gala.fr\/royautes\/le-prince-harry-pret-a-demander-la-nationalite-americaine-sa-reponse-ne-fait-aucun-doute-20251031\" target=\"_blank\" data-fig-type=\"Article\" rel=\"nofollow noopener\" data-gtm-custom-categorie=\"navigation\" data-gtm-custom-action=\"crossclick\" data-gtm-custom-label=\"Contextuel\" data-gtm-event=\"customEventSPE\" data-fig-domain=\"GALA\">renouer<\/a>\u00a0avec ce pan de sa vie o\u00f9 il s\u2019est senti le plus proche de son pays.<\/p>\n<p class=\"fig-paragraph\">Article \u00e9crit en collaboration avec 6Medias.<\/p>\n","protected":false},"excerpt":{"rendered":"Par Naoual Lalouchi Le 7 novembre 2025 \u00e0 20h56 Dans un texte publi\u00e9 ce mercredi 5 novembre, intitul\u00e9&hellip;\n","protected":false},"author":2,"featured_media":518979,"comment_status":"","ping_status":"","sticky":false,"template":"","format":"standard","meta":{"footnotes":""},"categories":[1588],"tags":[11,14477,1777,674,545,5861,9047,12,8133,473,1853,1851,1850,1852],"class_list":{"0":"post-518978","1":"post","2":"type-post","3":"status-publish","4":"format-standard","5":"has-post-thumbnail","7":"category-royaume-uni","8":"tag-actualites","9":"tag-demenagement","10":"tag-eu","11":"tag-europe","12":"tag-famille-royale-britannique","13":"tag-gotha","14":"tag-harry-dangleterre","15":"tag-news","16":"tag-retour","17":"tag-royaume-uni","18":"tag-royaume-uni-de-grande-bretagne-et-dirlande-du-nord","19":"tag-uk","20":"tag-united-kingdom","21":"tag-united-kingdom-of-great-britain-and-northern-ireland"},"share_on_mastodon":{"url":"https:\/\/pubeurope.com\/@fr\/115510220714903093","error":""},"_links":{"self":[{"href":"https:\/\/www.europesays.com\/fr\/wp-json\/wp\/v2\/posts\/518978","targetHints":{"allow":["GET"]}}],"collection":[{"href":"https:\/\/www.europesays.com\/fr\/wp-json\/wp\/v2\/posts"}],"about":[{"href":"https:\/\/www.europesays.com\/fr\/wp-json\/wp\/v2\/types\/post"}],"author":[{"embeddable":true,"href":"https:\/\/www.europesays.com\/fr\/wp-json\/wp\/v2\/users\/2"}],"replies":[{"embeddable":true,"href":"https:\/\/www.europesays.com\/fr\/wp-json\/wp\/v2\/comments?post=518978"}],"version-history":[{"count":0,"href":"https:\/\/www.europesays.com\/fr\/wp-json\/wp\/v2\/posts\/518978\/revisions"}],"wp:featuredmedia":[{"embeddable":true,"href":"https:\/\/www.europesays.com\/fr\/wp-json\/wp\/v2\/media\/518979"}],"wp:attachment":[{"href":"https:\/\/www.europesays.com\/fr\/wp-json\/wp\/v2\/media?parent=518978"}],"wp:term":[{"taxonomy":"category","embeddable":true,"href":"https:\/\/www.europesays.com\/fr\/wp-json\/wp\/v2\/categories?post=518978"},{"taxonomy":"post_tag","embeddable":true,"href":"https:\/\/www.europesays.com\/fr\/wp-json\/wp\/v2\/tags?post=518978"}],"curies":[{"name":"wp","href":"https:\/\/api.w.org\/{rel}","templated":true}]}}