{"id":518984,"date":"2025-11-07T20:09:36","date_gmt":"2025-11-07T20:09:36","guid":{"rendered":"https:\/\/www.europesays.com\/fr\/518984\/"},"modified":"2025-11-07T20:09:36","modified_gmt":"2025-11-07T20:09:36","slug":"verif-les-poupees-sexuelles-a-caractere-pedopornographique-etaient-elles-agreees-par-lue","status":"publish","type":"post","link":"https:\/\/www.europesays.com\/fr\/518984\/","title":{"rendered":"V\u00c9RIF&rsquo; &#8211; Les poup\u00e9es sexuelles \u00e0 caract\u00e8re p\u00e9dopornographique \u00e9taient-elles \u00ab\u00a0agr\u00e9\u00e9es par l&rsquo;UE\u00a0\u00bb\u202f?"},"content":{"rendered":"<ul class=\"jsx-862013697 ArticleChapo__List\">\n<li class=\"jsx-862013697 ArticleChapo__List_Item flex\">La r\u00e9pression des fraudes a signal\u00e9 samedi \u00e0 la justice la pr\u00e9sence sur Shein de jouets \u00e0 caract\u00e8re p\u00e9dopornographique.<\/li>\n<li class=\"jsx-862013697 ArticleChapo__List_Item flex\">Un internaute affirme que ces poup\u00e9es sexuelles \u00e0 l&rsquo;image d&rsquo;une enfant avaient \u00e9t\u00e9 \u00ab\u00a0agr\u00e9\u00e9es par l&rsquo;UE\u00a0\u00bb.<\/li>\n<li class=\"jsx-862013697 ArticleChapo__List_Item flex\">Une fausse information d\u00e9mentie par Bruxelles et Paris.<\/li>\n<\/ul>\n<p><a href=\"https:\/\/www.tf1info.fr\/actualite\/les-verificateurs-12325\/\" rel=\"noopener\" class=\"jsx-484472199 Link jsx-1428418400 jsx-1910851033\" target=\"_blank\"><\/p>\n<p style=\"font-weight:400\" class=\"jsx-1837267516\">Suivez la couverture compl\u00e8te<\/p>\n<p style=\"font-weight:800\" class=\"jsx-1837267516\">L&rsquo;info pass\u00e9e au crible des V\u00e9rificateurs<\/p>\n<p><\/a><\/p>\n<p data-module=\"article-paragraph\" class=\"jsx-3046738180 Paragraph Paragraph__End\">La vision est gla\u00e7ante. Une poup\u00e9e aux formes et aux traits d&rsquo;une jeune enfant, doudou \u00e0 la main, vendue comme une \u00ab\u00a0poup\u00e9e sexuelle\u00a0\u00bb sur la plateforme chinoise Shein. La <a href=\"https:\/\/www.tf1info.fr\/justice-faits-divers\/des-poupees-a-caractere-pedopornographique-vendues-sur-shein-la-justice-francaise-saisie-2404127.html\" target=\"_blank\" rel=\"noopener\">r\u00e9v\u00e9lation de cette offre commerciale  (nouvelle fen\u00eatre)<\/a>sordide a \u00e9t\u00e9 largement comment\u00e9e depuis le 1\u1d49\u02b3 novembre, conduisant la r\u00e9pression des fraudes \u00e0 alerter le parquet de Paris. Mais si la justice fran\u00e7aise a r\u00e9agi au plus vite, certains affirment d\u00e9sormais que les coupables seraient \u00e0 chercher&#8230; du c\u00f4t\u00e9 de Bruxelles.\u00a0<\/p>\n<p><img decoding=\"async\" src=\"https:\/\/www.europesays.com\/fr\/wp-content\/uploads\/2025\/11\/verif-fake-sur-les-poupees-shein-748f86-0@1x.jpeg\" alt=\"Cet internaute affirme \u00e0 tort que les poup\u00e9es sexuelles commercialis\u00e9es sur Shein avaient \u00e9t\u00e9 &quot;agr\u00e9\u00e9es par l'UE&quot;, le 5 novembre 2025 - Capture d'\u00e9cran\" loading=\"lazy\" importance=\"low\" fetchpriority=\"low\" class=\"\" data-module=\"article-image\"\/>Cet internaute affirme \u00e0 tort que les poup\u00e9es sexuelles commercialis\u00e9es sur Shein avaient \u00e9t\u00e9 \u00ab\u00a0agr\u00e9\u00e9es par l&rsquo;UE\u00a0\u00bb, le 5 novembre 2025 &#8211; Capture d&rsquo;\u00e9cran<\/p>\n<p data-module=\"article-paragraph\" class=\"jsx-3046738180 Paragraph Paragraph__End\">\u00ab\u00a0Les fameuses poup\u00e9es Shein dont tout le monde parle ont \u00e9t\u00e9 agr\u00e9\u00e9es\u00a0\u00bb par l&rsquo;Union europ\u00e9enne (UE), assure par exemple un internaute <a href=\"https:\/\/archive.ph\/wip\/6KEmY\" target=\"_blank\" rel=\"nofollow noopener\">sur X (nouvelle fen\u00eatre)<\/a>. D&rsquo;apr\u00e8s lui, les responsables seraient ceux \u00ab\u00a0au sein de l&rsquo;UE, qui ont donn\u00e9 l&rsquo;autorisation de les vendre en Europe\u00a0\u00bb. Alors, le g\u00e9ant chinois de l\u2019e-commerce avait-il r\u00e9ellement re\u00e7u l&rsquo;autorisation pour vendre ces produits p\u00e9dopornographiques ?<\/p>\n<p>Une r\u00e9glementation, pas une autorisation<\/p>\n<p data-module=\"article-paragraph\" class=\"jsx-3046738180 Paragraph\">Cette rumeur s&rsquo;appuie sur une incompr\u00e9hension du fonctionnement de l&rsquo;UE. Certes, Bruxelles peut l\u00e9gif\u00e9rer lorsqu&rsquo;il s&rsquo;agit de protection des consommateurs. Si ce n&rsquo;est pas une comp\u00e9tence exclusive de l&rsquo;Union europ\u00e9enne, ce sont bien ses institutions qui ont fix\u00e9 les r\u00e8gles en la mati\u00e8re par le biais de mesures d&rsquo;harmonisation pour le march\u00e9 unique. Les \u00c9tats membres peuvent ensuite mettre en \u0153uvre ou maintenir des mesures nationales plus strictes, tant qu&rsquo;elles restent compatibles avec les trait\u00e9s. C&rsquo;est le cas pour le r\u00e8glement qui encadre <a href=\"https:\/\/www.consilium.europa.eu\/en\/press\/press-releases\/2025\/10\/13\/council-adopts-new-rules-to-make-children-toys-safer\/\" target=\"_blank\" rel=\"nofollow noopener\">la s\u00e9curit\u00e9 des jouets (nouvelle fen\u00eatre)<\/a>, par exemple. Le r\u00e8glement en la mati\u00e8re concerne principalement l&rsquo;utilisation de produits chimiques et la pr\u00e9sence de substances dangereuses dans la composition des jouets.<\/p>\n<p data-module=\"article-paragraph\" class=\"jsx-3046738180 Paragraph Paragraph__End\">Un cadre l\u00e9gal que doivent respecter tous les fabricants qui souhaitent commercialiser un produit sur le march\u00e9 europ\u00e9en. Leur production doit ainsi r\u00e9pondre \u00e0 un <a href=\"https:\/\/www.consilium.europa.eu\/fr\/policies\/toy-safety\/#operators \" target=\"_blank\" rel=\"nofollow noopener\">certain nombre d&rsquo;exigences,  (nouvelle fen\u00eatre)<\/a>applicables en fonction du secteur. L&rsquo;entreprise se doit ensuite d&rsquo;\u00e9valuer sa conformit\u00e9 aux exigences essentielles d\u00e9finies par les l\u00e9gislations europ\u00e9ennes, avant de d\u00e9clarer le produit conforme pour obtenir le marquage \u00ab\u00a0CE\u00a0\u00bb, obligatoire pour finir <a href=\"https:\/\/www.tf1info.fr\/international\/chiffres-vente-de-voitures-neuves-le-marche-des-voitures-neuves-a-bondi-l-an-dernier-en-europe-porte-par-les-hybrides-et-les-electriques-2283130.html\" target=\"_blank\" rel=\"noopener\">sur le march\u00e9 europ\u00e9en (nouvelle fen\u00eatre)<\/a>.\u00a0<\/p>\n<p><a href=\"https:\/\/www.tf1info.fr\/conso\/poupees-sexuelles-d-enfants-vendues-sur-shein-3-questions-sur-le-controle-des-plateformes-de-vente-en-ligne-2404395.html\" rel=\"noopener\" class=\"jsx-3308031228 Link flex\" target=\"_blank\"><img decoding=\"async\" src=\"https:\/\/www.europesays.com\/fr\/wp-content\/uploads\/2025\/11\/controles-plateformes-shein-18aa5d-0@1x.jpeg\" alt=\"capture TF1\" loading=\"lazy\" importance=\"low\" fetchpriority=\"low\" class=\"\" aria-hidden=\"true\"\/><\/p>\n<p class=\"jsx-3657663356 ReadMoreArticle__Title\">Lire aussi<\/p>\n<p class=\"jsx-3657663356\">Poup\u00e9es sexuelles d&rsquo;enfants vendues sur Shein : 3 questions sur le contr\u00f4le des plateformes de vente en ligne<\/p>\n<p><\/a><\/p>\n<p data-module=\"article-paragraph\" class=\"jsx-3046738180 Paragraph\">L&rsquo;Union europ\u00e9enne ne d\u00e9livre donc aucun \u00ab\u00a0agr\u00e9ment\u00a0\u00bb, mais est uniquement responsable des diff\u00e9rentes directives que doivent respecter les industriels. \u00ab\u00a0Il ne s&rsquo;agit ni d&rsquo;une certification, ni d&rsquo;une autorisation de mise sur le march\u00e9\u00a0\u00bb, souligne la direction g\u00e9n\u00e9rale charg\u00e9e de la r\u00e9pression des fraudes (DGCCRF) aupr\u00e8s des V\u00e9rificateurs, contrairement \u00e0 ce qui peut exister pour certaines cat\u00e9gories de produits, comme les m\u00e9dicaments. Il appartient ensuite aux plateformes de s&rsquo;y plier et aux \u00c9tats membres de garantir leur respect via leurs autorit\u00e9s nationales de <a href=\"https:\/\/www.tf1info.fr\/conso\/video-reportage-sites-internet-frauduleux-epingles-par-la-repression-des-fraudes-comment-les-reperer-pour-ne-plus-se-faire-avoir-2394094.html\" target=\"_blank\" rel=\"noopener\">surveillance du march\u00e9 (nouvelle fen\u00eatre)<\/a>.\u00a0<\/p>\n<p data-module=\"article-paragraph\" class=\"jsx-3046738180 Paragraph\">Par ailleurs, au-del\u00e0 de la seule conformit\u00e9 du produit, ici les poup\u00e9es en question rev\u00eataient un caract\u00e8re p\u00e9dopornographique. En les proposant \u00e0 la vente, Shein a enfreint purement et simplement le <a href=\"https:\/\/www.tf1info.fr\/international\/face-a-elon-musk-et-mark-zuckerberg-quel-arsenal-europeen-pour-reguler-les-reseaux-sociaux-2344493.html\" target=\"_blank\" rel=\"noopener\">r\u00e8glement europ\u00e9en sur les services num\u00e9riques (DSA)  (nouvelle fen\u00eatre)<\/a>qui interdit la commercialisation en ligne de ces produits. Ces poup\u00e9es rel\u00e8vent donc ind\u00e9niablement de \u00ab\u00a0produits ill\u00e9gaux\u00a0\u00bb aux yeux de Bruxelles, nous souffle une source.<\/p>\n<p data-module=\"article-paragraph\" class=\"jsx-3046738180 Paragraph Paragraph__End\">M\u00eame constat du c\u00f4t\u00e9 de la Commission europ\u00e9enne. Interrog\u00e9 \u00e0 ce sujet, Thomas Regnier, porte-parole de la Commission europ\u00e9enne en charge du num\u00e9rique, confirme que la rumeur est \u00ab\u00a0totalement fausse\u00a0\u00bb. \u00ab\u00a0La Commission n&rsquo;approuve pas les contenus ou les produits qui apparaissent sur les plateformes en ligne\u00a0\u00bb mais veille simplement &#8211; \u00e0 travers le DSA &#8211; \u00ab\u00a0\u00e0 ce que les plateformes cr\u00e9ent un espace en ligne plus s\u00fbr pour nos citoyens et nos consommateurs\u00a0\u00bb. \u00ab\u00a0Nous ne consid\u00e9rons certainement pas les poup\u00e9es sexuelles ressemblant \u00e0 des enfants ni les armes comme faisant partie d&rsquo;un tel espace.\u00a0\u00bb \u00a0Dans un communiqu\u00e9, <a href=\"https:\/\/www.tf1info.fr\/societe\/poupees-a-caractere-pedopornographique-sur-shein-une-association-reclame-des-mesures-pour-identifier-et-poursuivre-les-acheteurs-2404180.html\" target=\"_blank\" rel=\"noopener\">l&rsquo;association Mouv&rsquo;Enfants,  (nouvelle fen\u00eatre)<\/a>mouvement de survivants d&rsquo;inceste et violences sexuelles dans leur enfance, rel\u00e8ve d&rsquo;ailleurs que ces produits sont \u00ab\u00a0une violation flagrante du droit europ\u00e9en et de la dignit\u00e9 humaine\u00a0\u00bb.<\/p>\n<blockquote class=\"jsx-2786790838 Quote__Text\"><p>La Commission n&rsquo;approuve pas les produits qui apparaissent sur les plateformes<\/p><\/blockquote>\n<p>Thomas Regnier, porte-parole commission europ\u00e9enne<\/p>\n<p data-module=\"article-paragraph\" class=\"jsx-3046738180 Paragraph\">Aupr\u00e8s de TF1info, la DGCCRF rappelle qu&rsquo;en cas d\u2019esp\u00e8ce, la diffusion, via un r\u00e9seau de communications \u00e9lectroniques, de repr\u00e9sentations \u00e0 caract\u00e8re p\u00e9dopornographique, est interdit et passible de peines pouvant aller jusqu\u2019\u00e0 7 ans d\u2019emprisonnement et 100.000 euros d\u2019amende.<\/p>\n<p data-module=\"article-paragraph\" class=\"jsx-3046738180 Paragraph Paragraph__End\"><strong>Vous souhaitez nous poser des questions ou nous soumettre une information qui ne vous para\u00eet pas fiable ? N&rsquo;h\u00e9sitez pas \u00e0 nous \u00e9crire \u00e0 l&rsquo;adresse lesverificateurs@tf1.fr. Retrouvez-nous \u00e9galement sur X : notre \u00e9quipe y est pr\u00e9sente derri\u00e8re le compte @verif_TF1LCI.<\/strong><\/p>\n<p>Felicia SIDERIS<\/p>\n","protected":false},"excerpt":{"rendered":"La r\u00e9pression des fraudes a signal\u00e9 samedi \u00e0 la justice la pr\u00e9sence sur Shein de jouets \u00e0 caract\u00e8re&hellip;\n","protected":false},"author":2,"featured_media":518985,"comment_status":"","ping_status":"","sticky":false,"template":"","format":"standard","meta":{"footnotes":""},"categories":[1586],"tags":[1111,11,1921,1777,674,1779,1011,27,1922,303,63941,7541,12,25,1104,1778,364,133,5010],"class_list":{"0":"post-518984","1":"post","2":"type-post","3":"status-publish","4":"format-standard","5":"has-post-thumbnail","7":"category-europe","8":"tag-actu","9":"tag-actualites","10":"tag-article-video","11":"tag-eu","12":"tag-europe","13":"tag-european-union","14":"tag-fr","15":"tag-france","16":"tag-info","17":"tag-justice","18":"tag-lenseigne-chinoise-controversee-du-e-commerce","19":"tag-linfo-passee-au-crible-des-verificateurs","20":"tag-news","21":"tag-republique-francaise","22":"tag-shein","23":"tag-ue","24":"tag-union-europeenne","25":"tag-video","26":"tag-video-sujets-de-societe"},"share_on_mastodon":{"url":"https:\/\/pubeurope.com\/@fr\/115510232189685670","error":""},"_links":{"self":[{"href":"https:\/\/www.europesays.com\/fr\/wp-json\/wp\/v2\/posts\/518984","targetHints":{"allow":["GET"]}}],"collection":[{"href":"https:\/\/www.europesays.com\/fr\/wp-json\/wp\/v2\/posts"}],"about":[{"href":"https:\/\/www.europesays.com\/fr\/wp-json\/wp\/v2\/types\/post"}],"author":[{"embeddable":true,"href":"https:\/\/www.europesays.com\/fr\/wp-json\/wp\/v2\/users\/2"}],"replies":[{"embeddable":true,"href":"https:\/\/www.europesays.com\/fr\/wp-json\/wp\/v2\/comments?post=518984"}],"version-history":[{"count":0,"href":"https:\/\/www.europesays.com\/fr\/wp-json\/wp\/v2\/posts\/518984\/revisions"}],"wp:featuredmedia":[{"embeddable":true,"href":"https:\/\/www.europesays.com\/fr\/wp-json\/wp\/v2\/media\/518985"}],"wp:attachment":[{"href":"https:\/\/www.europesays.com\/fr\/wp-json\/wp\/v2\/media?parent=518984"}],"wp:term":[{"taxonomy":"category","embeddable":true,"href":"https:\/\/www.europesays.com\/fr\/wp-json\/wp\/v2\/categories?post=518984"},{"taxonomy":"post_tag","embeddable":true,"href":"https:\/\/www.europesays.com\/fr\/wp-json\/wp\/v2\/tags?post=518984"}],"curies":[{"name":"wp","href":"https:\/\/api.w.org\/{rel}","templated":true}]}}