{"id":51899,"date":"2025-04-25T13:57:09","date_gmt":"2025-04-25T13:57:09","guid":{"rendered":"https:\/\/www.europesays.com\/fr\/51899\/"},"modified":"2025-04-25T13:57:09","modified_gmt":"2025-04-25T13:57:09","slug":"elle-finit-brulee-au-second-degre","status":"publish","type":"post","link":"https:\/\/www.europesays.com\/fr\/51899\/","title":{"rendered":"elle finit br\u00fbl\u00e9e au second degr\u00e9"},"content":{"rendered":"<p>            Par<br \/>\n        <strong><br \/>\n            <a href=\"https:\/\/actu.fr\/auteur\/manon-reinhardt\" title=\"Consulter tous les articles de Manon Reinhardt\" rel=\"nofollow noopener\" target=\"_blank\">Manon Reinhardt<\/a><br \/>\n        <\/strong><\/p>\n<p>        Publi\u00e9 le<\/p>\n<p>            25 avr. 2025 \u00e0 13h56        <\/p>\n<p>Elle avait enti\u00e8rement confiance. Pourtant, Carmella a vite d\u00e9chant\u00e9. Cette Antiboise de 31\u00a0ans, ancienne sportive de haut niveau, a souhait\u00e9 se tourner vers un centre sp\u00e9cialis\u00e9, pr\u00e8s de <a href=\"https:\/\/actu.fr\/provence-alpes-cote-d-azur\/nice_06088\" rel=\"nofollow noopener\" target=\"_blank\">Nice<\/a>, afin de pratiquer une <strong>\u00e9pilation d\u00e9finitive<\/strong>.<\/p>\n<p class=\" wall-content\">Mais lors d\u2019une s\u00e9ance, elle a \u00e9t\u00e9 br\u00fbl\u00e9e au second degr\u00e9 au niveau d\u2019un tatouage. Elle r\u00e9clame une indemnisation pour le pr\u00e9judice.<\/p>\n<p>\u00ab\u2009Elle n\u2019a pas prot\u00e9g\u00e9 mon tatouage\u2009\u00bb<\/p>\n<p class=\" wall-content\">La douleur a \u00e9t\u00e9 si forte que Carmella a d\u00fb s\u2019arr\u00eater de travailler quelques jours. Le 28\u00a0janvier dernier, cette ancienne nageuse de haut niveau se rend \u00e0 sa deuxi\u00e8me s\u00e9ance d\u2019\u00e9pilation d\u00e9finitive dans le centre Depil Tech \u00e0 Antibes.<\/p>\n<p class=\" wall-content\">\u00ab\u2009J\u2019avais fait une premi\u00e8re s\u00e9ance, tout s\u2019\u00e9tait bien pass\u00e9\u2009\u00bb, se souvient-elle. Mais le rendez-vous ne se passe pas vraiment comme pr\u00e9vu.<\/p>\n<blockquote class=\"ac-article-quote wall-content\">\n<p>Elle n&rsquo;a pas prot\u00e9g\u00e9 mon tatouage. J&rsquo;ai senti la douleur quelques heures apr\u00e8s, \u00e7a brulait mais je me suis dit que c&rsquo;\u00e9tait normal. Deux jours apr\u00e8s \u00e7a commen\u00e7ait vraiment \u00e0 faire mal, j&rsquo;ai regard\u00e9 mon tatouage, il y avait un trou et j&rsquo;ai vu que \u00e7a s&rsquo;\u00e9tait infect\u00e9.<\/p>\n<p>    <strong>Carmella<\/strong>\n            <\/p><\/blockquote>\n<p>Vid\u00e9os : en ce moment sur ActuUn passage aux urgences<\/p>\n<p class=\" wall-content\">Elle contacte alors le centre, qui lui r\u00e9pond de revenir. \u00ab\u2009Ils m\u2019ont pass\u00e9 une cr\u00e8me cicatrisante. Elle s\u2019est excus\u00e9e mais j\u2019avais tr\u00e8s mal.\u2009\u00bb Quelques heures plus tard, Carmella prend peur et se tourne vers les urgences, o\u00f9 elle voit un m\u00e9decin.<\/p>\n<p>      <img   decoding=\"async\" loading=\"lazy\" src=\"https:\/\/www.europesays.com\/fr\/wp-content\/uploads\/2025\/04\/carmella-antibes-1-1-960x640.jpeg\" alt=\"La plaie est impressionnante sur les photos que Carmella a transmis \u00e0 actu Nice.\" width=\"960\" height=\"640\"\/><br \/>\n    La plaie infect\u00e9e sur les photos que Carmella a transmise \u00e0 actu Nice. (\u00a9Document remis)<\/p>\n<p class=\" wall-content\">Verdict\u2009: la plaie est bien infect\u00e9e et elle doit prendre <strong>des antibiotiques<\/strong>. \u00ab\u2009J\u2019ai une br\u00fblure au deuxi\u00e8me degr\u00e9. Je ne dormais pas bien la nuit car d\u00e8s que je me tournais, je sentais l\u2019infection qui br\u00fblait.\u2009\u00bb<\/p>\n<p class=\" wall-content\">Carmella jure que le centre \u00ab\u2009n\u2019admet pas son erreur\u2009\u00bb. \u00ab\u2009Elle a dit qu\u2019elle avait prot\u00e9g\u00e9 mon tatouage mais si c\u2019\u00e9tait vrai, je n\u2019aurais pas \u00e9t\u00e9 br\u00fbl\u00e9e.\u2009\u00bb Sollicit\u00e9e par actu Nice, madame M*, propri\u00e9taire du centre franchis\u00e9 \u00e0 Antibes, livre sa version.<\/p>\n<p>\u00ab\u2009Je l\u2019assume \u00e0 5000\u2009%\u2009\u00bb<\/p>\n<p class=\" wall-content\">Elle reconna\u00eet la responsabilit\u00e9 de son \u00e9tablissement. C\u2019est \u00ab\u2009la premi\u00e8re fois\u2009\u00bb qu\u2019une telle chose s\u2019y produit. \u00ab\u2009La boulette a \u00e9t\u00e9 faite et je l\u2019assume \u00e0 5000\u2009%. <strong>Je suis tr\u00e8s g\u00ean\u00e9e<\/strong>, je la comprends\u2009\u00bb, assure-t-elle. En revanche, elle ne croit pas que son tatouage n\u2019a pas \u00e9t\u00e9 prot\u00e9g\u00e9, comme le pr\u00e9tend Carmella.<\/p>\n<blockquote class=\"ac-article-quote wall-content\">\n<p>Il peut arriver de fa\u00e7on tr\u00e8s rare et exceptionnelle que le gel \u00e9chographique que l&rsquo;on utilise pour faire glisser notre pi\u00e8ce \u00e0 main coule et puisse provoquer un effet conducteur avec le flash laser. Ce sont des choses qui, malheureusement, peuvent arriver. En aucun cas ma patricienne n&rsquo;a plac\u00e9 la pi\u00e8ce \u00e0 main sur le tatouage, sinon il y aurait eu de plus gros d\u00e9g\u00e2ts.<\/p>\n<p>    <strong>Madame M.<\/strong><br \/>\n        Propri\u00e9taire du centre Depil Tech \u00e0 Antibes    <\/p><\/blockquote>\n<p class=\" wall-content\">Le 7\u00a0f\u00e9vrier, la g\u00e9rante propose de lui rembourser ses frais m\u00e9dicaux, une partie de son forfait ainsi que ses retouches tatouage. \u00ab\u2009Mais elle a refus\u00e9 et a demand\u00e9 \u00e0 faire marcher mon assurance. Je l\u2019ai pr\u00e9venue que je n\u2019aurais plus la main dans ce cas.\u2009\u00bb<\/p>\n<p>      <img   decoding=\"async\" loading=\"lazy\" src=\"https:\/\/www.europesays.com\/fr\/wp-content\/uploads\/2025\/04\/carmella-antibes-1-2-960x640.jpeg\" alt=\"Carmella doit passer une cr\u00e8me une fois par jour depuis janvier et ne pas s'exposer au soleil, malgr\u00e9 les beaux jours qui arrivent.\" width=\"960\" height=\"640\"\/><br \/>\n    Carmella doit passer une cr\u00e8me deux fois par jour depuis janvier et ne pas s\u2019exposer au soleil, malgr\u00e9 les beaux jours qui arrivent. (\u00a9Document remis)La g\u00e9rante assure se d\u00e9mener<\/p>\n<p class=\" wall-content\">La compagnie d\u00e9cide de ne pas indemniser la jeune femme. \u00ab\u2009Ils m\u2019ont dit que j\u2019avais sign\u00e9 un papier de consentement. Or, il est bien \u00e9crit que les tatouages doivent \u00eatre prot\u00e9g\u00e9s\u2009\u00bb, r\u00e9torque Carmella.<\/p>\n<p class=\" wall-content\">Ce que madame M. d\u00e9plore\u2009: \u00ab\u2009J\u2019ai dit \u00e0 l\u2019assurance que je n\u2019\u00e9tais pas d\u2019accord et j\u2019ai demand\u00e9 une r\u00e9ouverture du dossier. J\u2019essaie de tout faire mais je ne suis pas d\u00e9cisionnaire\u2009\u00bb.<\/p>\n<p class=\" wall-content\">Malgr\u00e9 sa bonne volont\u00e9, la propri\u00e9taire d\u00e9nonce un <strong>\u00ab\u2009lynchage\u2009\u00bb<\/strong>. \u00ab\u2009Ce n\u2019est pas volontaire, nous ne sommes pas l\u00e0 pour faire du mal aux gens. Elle nous a tout de suite alert\u00e9s et on s\u2019est excus\u00e9s car nous sommes tr\u00e8s mal \u00e0 l\u2019aise.\u2009\u00bb<\/p>\n<p>\u00ab\u2009Je suis marqu\u00e9e \u00e0 vie\u2009\u00bb<\/p>\n<p class=\" wall-content\">Et poursuit\u2009: \u00ab\u2009Mes salari\u00e9es sont form\u00e9es, elles ont le mat\u00e9riel pour tout faire mais je ne suis pas en cabine avec elles. Elles me disent qu\u2019elles l\u2019ont prot\u00e9g\u00e9e. Nous sommes tr\u00e8s respectueux des proc\u00e9dures\u2009\u00bb. \u00c0 ce jour, le dossier est toujours en cours.<\/p>\n<p class=\" wall-content\">Carmella, elle, est d\u00e9termin\u00e9e. \u00ab\u2009Je ne laisserais pas passer \u00e7a, je suis marqu\u00e9e \u00e0 vie.\u2009Je ne veux pas que \u00e7a arrive \u00e0 d\u2019autres.\u2009\u00bb L\u2019Antiboise songe \u00e0 <strong>d\u00e9poser plainte<\/strong>. \u00ab\u2009C\u2019\u00e9tait un tatouage sentimental pour moi. Il repr\u00e9sentait la fleur pr\u00e9f\u00e9r\u00e9e de ma grand-m\u00e8re qui est d\u00e9c\u00e9d\u00e9e. Je regrette, il vaut mieux rester au naturel.\u2009\u00bb<\/p>\n<p>Une probabilit\u00e9 de 0,01%, d\u00e9fend Depil Tech<\/p>\n<p>Contact\u00e9s, les cofondateurs de Depil Tech, Paul et Jean-Baptiste Mauvenu, ont fait parvenir leur r\u00e9action \u00e0 notre r\u00e9daction. <\/p>\n<p>\u00ab\u00a0Nous travaillons avec deux technologies hautement s\u00e9curis\u00e9es : la premi\u00e8re, Galaxy, est une machine de lumi\u00e8re puls\u00e9e fran\u00e7aise, homologu\u00e9e, avec 17 brevets, et r\u00e9pondant aux normes les plus strictes de s\u00e9curit\u00e9. La seconde, Epilab, est un dispositif laser de fabrication allemande, distribu\u00e9 par Asclepion, un des leaders mondiaux dans la fabrication de lasers m\u00e9dicaux s\u00e9curis\u00e9s et performants.<\/p>\n<p>En compl\u00e9ment, nous avons mis en place le tout premier p\u00f4le de formation de France, o\u00f9 toutes nos praticiennes sont form\u00e9es selon un protocole rigoureux, ax\u00e9 sur la s\u00e9curit\u00e9 et le professionnalisme. La formation continue est un pilier fondamental chez nous.<\/p>\n<p>Il faut savoir qu\u2019aujourd\u2019hui, il y a statistiquement plus de br\u00fblures caus\u00e9es par de la cire trop chaude que par l\u2019utilisation de nos lasers. <\/p>\n<p>Concernant le cas de cette cliente, il y aurait eu un incident isol\u00e9 d\u00fb \u00e0 un gel \u00e9chographique trop liquide, malgr\u00e9 la protection m\u00e9ticuleuse du tatouage, aurait permis la diffusion de la lumi\u00e8re jusqu&rsquo;\u00e0 celui-ci.<\/p>\n<p>Il s\u2019agit l\u00e0 d\u2019un cas extr\u00eamement rare. Pour preuve : en 15 ans, le r\u00e9seau D\u00e9pil Tech affiche un taux de r\u00e9action de seulement 0,01 % sur l\u2019ensemble des traitements r\u00e9alis\u00e9s.<\/p>\n<p>Nous avons pris nos responsabilit\u00e9s. Un remboursement a \u00e9t\u00e9 propos\u00e9, ainsi que la prise en charge des \u00e9ventuels frais m\u00e9dicaux et le r\u00e8glement des frais de r\u00e9paration du tatouage. Nous avons toujours assum\u00e9 nos engagements, et ce cas ne fait pas exception.\u00a0\u00bb<\/p>\n<p class=\" wall-content\">*Elle a souhait\u00e9 rester anonyme<\/p>\n<p class=\" wall-content\">Suivez toute l\u2019actualit\u00e9 de vos villes et m\u00e9dias favoris en vous inscrivant \u00e0 <a href=\"https:\/\/moncompte.actu.fr\" title=\"D\u00e9couvez Mon Actu\" rel=\"nofollow noopener\" data-trk=\"{&quot;cta&quot;:{&quot;action&quot;:&quot;https:\\\/\\\/moncompte.actu.fr&quot;,&quot;category&quot;:&quot;mon compte&quot;,&quot;from&quot;:&quot;article footer&quot;,&quot;name&quot;:&quot;Mon actu&quot;,&quot;type&quot;:&quot;cta&quot;}}\" target=\"_blank\">Mon Actu<\/a>.<\/p>\n","protected":false},"excerpt":{"rendered":"Par Manon Reinhardt Publi\u00e9 le 25 avr. 2025 \u00e0 13h56 Elle avait enti\u00e8rement confiance. Pourtant, Carmella a vite&hellip;\n","protected":false},"author":2,"featured_media":51900,"comment_status":"","ping_status":"","sticky":false,"template":"","format":"standard","meta":{"footnotes":""},"categories":[2819],"tags":[1111,11,1777,674,118,1011,27,12,2401,882,25,6444],"class_list":{"0":"post-51899","1":"post","2":"type-post","3":"status-publish","4":"format-standard","5":"has-post-thumbnail","7":"category-nice","8":"tag-actu","9":"tag-actualites","10":"tag-eu","11":"tag-europe","12":"tag-faits-divers","13":"tag-fr","14":"tag-france","15":"tag-news","16":"tag-nice","17":"tag-provence-alpes-cote-dazur","18":"tag-republique-francaise","19":"tag-urgences"},"share_on_mastodon":{"url":"https:\/\/pubeurope.com\/@fr\/114398956365860436","error":""},"_links":{"self":[{"href":"https:\/\/www.europesays.com\/fr\/wp-json\/wp\/v2\/posts\/51899","targetHints":{"allow":["GET"]}}],"collection":[{"href":"https:\/\/www.europesays.com\/fr\/wp-json\/wp\/v2\/posts"}],"about":[{"href":"https:\/\/www.europesays.com\/fr\/wp-json\/wp\/v2\/types\/post"}],"author":[{"embeddable":true,"href":"https:\/\/www.europesays.com\/fr\/wp-json\/wp\/v2\/users\/2"}],"replies":[{"embeddable":true,"href":"https:\/\/www.europesays.com\/fr\/wp-json\/wp\/v2\/comments?post=51899"}],"version-history":[{"count":0,"href":"https:\/\/www.europesays.com\/fr\/wp-json\/wp\/v2\/posts\/51899\/revisions"}],"wp:featuredmedia":[{"embeddable":true,"href":"https:\/\/www.europesays.com\/fr\/wp-json\/wp\/v2\/media\/51900"}],"wp:attachment":[{"href":"https:\/\/www.europesays.com\/fr\/wp-json\/wp\/v2\/media?parent=51899"}],"wp:term":[{"taxonomy":"category","embeddable":true,"href":"https:\/\/www.europesays.com\/fr\/wp-json\/wp\/v2\/categories?post=51899"},{"taxonomy":"post_tag","embeddable":true,"href":"https:\/\/www.europesays.com\/fr\/wp-json\/wp\/v2\/tags?post=51899"}],"curies":[{"name":"wp","href":"https:\/\/api.w.org\/{rel}","templated":true}]}}