{"id":518993,"date":"2025-11-07T20:16:13","date_gmt":"2025-11-07T20:16:13","guid":{"rendered":"https:\/\/www.europesays.com\/fr\/518993\/"},"modified":"2025-11-07T20:16:13","modified_gmt":"2025-11-07T20:16:13","slug":"direct-nevers-rc-vannes-suivez-le-match-de-la-10e-journee-de-pro-d2-en-live-ouest-france","status":"publish","type":"post","link":"https:\/\/www.europesays.com\/fr\/518993\/","title":{"rendered":"DIRECT. Nevers &#8211; RC Vannes : suivez le match de la 10e journ\u00e9e de Pro D2 en live &#8211; Ouest-France"},"content":{"rendered":"<ol>\n<li><a href=\"https:\/\/news.google.com\/rss\/articles\/CBMi_wFBVV95cUxNeWJPako1Nml2Um5mVzJjTU5seHc5X2lyWW9nUkFXdHBzX0ZtVnRkbkFSejN1T1NERmxkZ3RZYm81SHFzclBZbm9lUFZSX2dlMUI5Q1pYenB6MnY2eE1obHVSSm9SZWFURlhIdkZkbGFEQW92Y3VURTI2WHRaTVdVb2FyS1lLcjJFc0p6V1pjQTlWSV9hQUY3RWhxcWxSYzJKdEhGbWJ2Yk1IOEhFYUtOaXU4cExPUXBUdUloWnhkZ3RVSW8zOW1WT2RmRVJzOE1tRFVrOTZEWUliN2xST2dvM091V0JRNlFQendiLWJ0cWprWVZHU0dETUoyVnJHOHM?oc=5\" target=\"_blank\" rel=\"nofollow noopener\">DIRECT. Nevers &#8211; RC Vannes : suivez le match de la 10e journ\u00e9e de Pro D2 en live<\/a>&nbsp;&nbsp;Ouest-France<\/li>\n<li><a href=\"https:\/\/news.google.com\/rss\/articles\/CBMisgFBVV95cUxPaVdfNUdtbl9BTVp6eU1RZFFPa01HMGVYQUFyS2tNRXN2Q0VVN1BuTHo5d3pYYjlITnBmSmZTNmNnOGxsb05JWUFwZC1hM2VPR0VRSm8wQ2VtLWQ0dHBwd254ZXlQZVBNLW8tZW02aU5SQlIwaTFzOTJxYW9Ra3gwdDFkcVFxeW5TQ0Z5WVRSVGxxbzMwNGhyNGFUSXBuMThORm95bGFJS0VrUTdXWHRqWU9R?oc=5\" target=\"_blank\" rel=\"nofollow noopener\">Direct. Pro D2 &#8211; Nevers &#8211; Vannes : l&rsquo;USON va-t-elle stopper la machine bretonne dans son \u00e9lan ?<\/a>&nbsp;&nbsp;Rugbyrama<\/li>\n<li><a href=\"https:\/\/news.google.com\/rss\/articles\/CBMi-AFBVV95cUxOVDJrLWNMWDE5Wk43MlBweElwZy1YMFI3ZExPYU5nZWNvNkVna3hsYVVIVkNEWE1IT09ZOG1zN1dvR1NOVVAzVXIxWlRtMmlQY29zWkRPSWRDMjdLNWt1c09McHdoTWN1NEhKcnJ1XzVDUlc0U3JQVm9zY2wyN1FTX0lrQzVxRk5SblZOY0R2ZzVFa21Wc3BrdE45QVR4UHFVVWNFSldWOHNqY21aOVlmUnpCTEJ0bkp5dXNLaldDNWpiYzJiN1BJTDg4ajc3dXBHY2sxTWJncWR3M0V0SVUxcUdiTHVpTklNZjczb1F3N0hNTGdEWmpVdQ?oc=5\" target=\"_blank\" rel=\"nofollow noopener\">La ministre des Sports Marina Ferrari sera \u00e0 Nevers pour assister au match entre l&rsquo;USON Nevers et le RC Vannes<\/a>&nbsp;&nbsp;Le Journal du Centre<\/li>\n<li><a href=\"https:\/\/news.google.com\/rss\/articles\/CBMiiwFBVV95cUxOV3V6WWs2Y3A2SDF3clpTenZKeTU5YmJSbFc0RVEwSm1TM0Jac3NxNUxSMjNpMW5FUmE3OXMyWFEzcWRneVNRX0c3UExOaVJ2UzdOQXVxRlpEZ1Y0djRRN21uNUhEX04ySmRNTl9QLTJyODlxWHlwdmxNZG9hOUFtY1lRTmdCTFJGVFJF?oc=5\" target=\"_blank\" rel=\"nofollow noopener\">Nevers &#8211; Vannes en direct, Aller de Pro D2 2025-2026 (07\/11\/2025)<\/a>&nbsp;&nbsp;L&rsquo;\u00c9quipe<\/li>\n<li><a href=\"https:\/\/news.google.com\/rss\/articles\/CBMinwJBVV95cUxPbWlyMWlCc01lMzhpbzlHY2RIcEJURkRzQklIMnk5Ukw0NFdFZ0x5WDB2Zm43dl9yV2NmWnNiWkZLRmxjU1VQV2hKTHdoeGEwSEpwam1OWmIwbk11YklaV3FQZlBScHhWdmZpMU05bXFtZExrbjEwNXZPNkc2dzRxNXgtWUc1X0F3WGpWVTZNR2psOUkzNFJ0eTdXR0U1dHpwTXFwVUVJeS12VlNkTmt6WnBXUWpsbXlKS2ItaU5hZll5ZmxIM2pFZW9CdGtCSFZmelFCMUNzVERFQzRva1hYT0hpNUhnaWNlVDhfUzEzNW1ENk80TFlBNEh1N3ZMamU1ODBwUlZEVHVUQjBTVzZzZ2xmX3JCVWJISlZlb3BTYw?oc=5\" target=\"_blank\" rel=\"nofollow noopener\">\u00ab Je n\u2019ai pas eu le temps de r\u00e9aliser qu\u2019il \u00e9tait d\u00e9j\u00e0 aux entra\u00eenements avec moi \u00bb : L\u00e9on et Marin Boulier, deux fr\u00e8res r\u00e9unis au RC Vannes<\/a>&nbsp;&nbsp;Le T\u00e9l\u00e9gramme<\/li>\n<\/ol>\n","protected":false},"excerpt":{"rendered":"DIRECT. Nevers &#8211; RC Vannes : suivez le match de la 10e journ\u00e9e de Pro D2 en live&nbsp;&nbsp;Ouest-France&hellip;\n","protected":false},"author":2,"featured_media":395849,"comment_status":"","ping_status":"","sticky":false,"template":"","format":"standard","meta":{"footnotes":""},"categories":[1416],"tags":[1011,27,479,1468,60],"class_list":{"0":"post-518993","1":"post","2":"type-post","3":"status-publish","4":"format-standard","5":"has-post-thumbnail","7":"category-rugby","8":"tag-fr","9":"tag-france","10":"tag-rugby","11":"tag-rugby-football","12":"tag-sports"},"share_on_mastodon":{"url":"https:\/\/pubeurope.com\/@fr\/115510259590818364","error":""},"_links":{"self":[{"href":"https:\/\/www.europesays.com\/fr\/wp-json\/wp\/v2\/posts\/518993","targetHints":{"allow":["GET"]}}],"collection":[{"href":"https:\/\/www.europesays.com\/fr\/wp-json\/wp\/v2\/posts"}],"about":[{"href":"https:\/\/www.europesays.com\/fr\/wp-json\/wp\/v2\/types\/post"}],"author":[{"embeddable":true,"href":"https:\/\/www.europesays.com\/fr\/wp-json\/wp\/v2\/users\/2"}],"replies":[{"embeddable":true,"href":"https:\/\/www.europesays.com\/fr\/wp-json\/wp\/v2\/comments?post=518993"}],"version-history":[{"count":0,"href":"https:\/\/www.europesays.com\/fr\/wp-json\/wp\/v2\/posts\/518993\/revisions"}],"wp:featuredmedia":[{"embeddable":true,"href":"https:\/\/www.europesays.com\/fr\/wp-json\/wp\/v2\/media\/395849"}],"wp:attachment":[{"href":"https:\/\/www.europesays.com\/fr\/wp-json\/wp\/v2\/media?parent=518993"}],"wp:term":[{"taxonomy":"category","embeddable":true,"href":"https:\/\/www.europesays.com\/fr\/wp-json\/wp\/v2\/categories?post=518993"},{"taxonomy":"post_tag","embeddable":true,"href":"https:\/\/www.europesays.com\/fr\/wp-json\/wp\/v2\/tags?post=518993"}],"curies":[{"name":"wp","href":"https:\/\/api.w.org\/{rel}","templated":true}]}}