{"id":518994,"date":"2025-11-07T20:17:15","date_gmt":"2025-11-07T20:17:15","guid":{"rendered":"https:\/\/www.europesays.com\/fr\/518994\/"},"modified":"2025-11-07T20:17:15","modified_gmt":"2025-11-07T20:17:15","slug":"atp-etre-fier-detre-italien-cest-contribuer-au-bien-de-son-pays-et-cest-etre-fier-de-payer-ses-impots-en-italie-lance-barbara-tibaldi-syndicaliste-italienne-a-sinner","status":"publish","type":"post","link":"https:\/\/www.europesays.com\/fr\/518994\/","title":{"rendered":"ATP > \u00ab \u00catre fier d&rsquo;\u00eatre Italien, c&rsquo;est contribuer au bien de son pays. Et c&rsquo;est \u00eatre fier de payer ses imp\u00f4ts en Italie. \u00bb, lance Barbara Tibaldi, syndicaliste Italienne, \u00e0 Sinner"},"content":{"rendered":"<p>Jannik Sinner a fait le choix de ne pas parti\u00adciper \u00e0 la Coupe Davis en 2025, ce qui a beau\u00adcoup d\u00e9\u00e7u dans son pays, mais l\u2019Italien continue d\u2019ex\u00adprimer son amour pour son pays \u00e0 travers ses prises de parole. Cependant certaines personnes restent diffi\u00adcile \u00e0 convaincre, et le N\u00b01 mondial doit toujours faire face \u00e0 des critiques.<\/p>\n<p>R\u00e9cemment, Barbara Tibaldi, secr\u00e9\u00adtaire natio\u00adnale d\u2019un syndicat Italien, a \u00e9pingl\u00e9 son jeune compa\u00adtriote par rapport au fait qu\u2019il n\u2019ait pas sa r\u00e9si\u00addence prin\u00adci\u00adpale en Italie.<\/p>\n<p><strong>\u00ab\u202fLe p\u00e9ch\u00e9 est le produit d\u2019une culture qui s\u2019est construite dans ce pays gr\u00e2ce \u00e0 l\u2019ir\u00adres\u00adpon\u00adsa\u00adbi\u00adlit\u00e9 de nombreuses familles et de nombreux entre\u00adpre\u00adneurs. \u00catre fier d\u2019\u00eatre Italien, c\u2019est contri\u00adbuer au bien de son pays. Et c\u2019est \u00eatre fier de payer ses imp\u00f4ts en Italie.\u202f\u00bb<\/strong>, a\u2011t\u2010elle d\u00e9clar\u00e9 dans l\u2019\u00e9mis\u00adsion Realpolitik.<\/p>\n<blockquote class=\"twitter-tweet\">\n<p lang=\"it\" dir=\"ltr\">\u00ab\u202fSe <a href=\"https:\/\/twitter.com\/hashtag\/Sinner?src=hash&amp;ref_src=twsrc%5Etfw\" data-wpel-link=\"external\" target=\"_blank\" rel=\"nofollow external noopener\">#Sinner<\/a> \u00e8 orgo\u00adglioso di essere italiano dovrebbe parte\u00adci\u00adpare al bene del suo paese e pagare le tasse in Italia\u00ab\u202f<\/p>\n<p>Barbara Tibaldi a <a href=\"https:\/\/twitter.com\/hashtag\/Realpolitik?src=hash&amp;ref_src=twsrc%5Etfw\" data-wpel-link=\"external\" target=\"_blank\" rel=\"nofollow external noopener\">#Realpolitik<\/a> <a href=\"https:\/\/t.co\/0ldo43cDkG\" data-wpel-link=\"external\" target=\"_blank\" rel=\"nofollow external noopener\">pic.twitter.com\/0ldo43cDkG<\/a><\/p>\n<p>\u2014 Realpolitiktv (@RealPolitikR4) <a href=\"https:\/\/twitter.com\/RealPolitikR4\/status\/1986216021884027247?ref_src=twsrc%5Etfw\" data-wpel-link=\"external\" target=\"_blank\" rel=\"nofollow external noopener\">November 5,\u00a02025<\/a><\/p><\/blockquote>\n<p>Malgr\u00e9 tout, il semble \u00e9vident que les exploits spor\u00adtifs de Jannik Sinner rapportent bien plus \u00e0 l\u2019Italie que ce que le pays aurait pu imaginer.<\/p>\n<p class=\"post-published-date\" style=\"color: silver; font-size: 75%; text-align: left;\">Publi\u00e9 le vendredi 7 novembre 2025 \u00e0 19:43<\/p>\n<p><script async src=\"https:\/\/platform.twitter.com\/widgets.js\" charset=\"utf-8\"><\/script><\/p>\n","protected":false},"excerpt":{"rendered":"Jannik Sinner a fait le choix de ne pas parti\u00adciper \u00e0 la Coupe Davis en 2025, ce qui&hellip;\n","protected":false},"author":2,"featured_media":518995,"comment_status":"","ping_status":"","sticky":false,"template":"","format":"standard","meta":{"footnotes":""},"categories":[1415],"tags":[1011,27,2127,60,1467],"class_list":{"0":"post-518994","1":"post","2":"type-post","3":"status-publish","4":"format-standard","5":"has-post-thumbnail","7":"category-tennis","8":"tag-fr","9":"tag-france","10":"tag-sinner","11":"tag-sports","12":"tag-tennis"},"share_on_mastodon":{"url":"https:\/\/pubeurope.com\/@fr\/115510263373213807","error":""},"_links":{"self":[{"href":"https:\/\/www.europesays.com\/fr\/wp-json\/wp\/v2\/posts\/518994","targetHints":{"allow":["GET"]}}],"collection":[{"href":"https:\/\/www.europesays.com\/fr\/wp-json\/wp\/v2\/posts"}],"about":[{"href":"https:\/\/www.europesays.com\/fr\/wp-json\/wp\/v2\/types\/post"}],"author":[{"embeddable":true,"href":"https:\/\/www.europesays.com\/fr\/wp-json\/wp\/v2\/users\/2"}],"replies":[{"embeddable":true,"href":"https:\/\/www.europesays.com\/fr\/wp-json\/wp\/v2\/comments?post=518994"}],"version-history":[{"count":0,"href":"https:\/\/www.europesays.com\/fr\/wp-json\/wp\/v2\/posts\/518994\/revisions"}],"wp:featuredmedia":[{"embeddable":true,"href":"https:\/\/www.europesays.com\/fr\/wp-json\/wp\/v2\/media\/518995"}],"wp:attachment":[{"href":"https:\/\/www.europesays.com\/fr\/wp-json\/wp\/v2\/media?parent=518994"}],"wp:term":[{"taxonomy":"category","embeddable":true,"href":"https:\/\/www.europesays.com\/fr\/wp-json\/wp\/v2\/categories?post=518994"},{"taxonomy":"post_tag","embeddable":true,"href":"https:\/\/www.europesays.com\/fr\/wp-json\/wp\/v2\/tags?post=518994"}],"curies":[{"name":"wp","href":"https:\/\/api.w.org\/{rel}","templated":true}]}}