{"id":519004,"date":"2025-11-07T20:26:11","date_gmt":"2025-11-07T20:26:11","guid":{"rendered":"https:\/\/www.europesays.com\/fr\/519004\/"},"modified":"2025-11-07T20:26:11","modified_gmt":"2025-11-07T20:26:11","slug":"voici-quand-auront-lieu-les-primes","status":"publish","type":"post","link":"https:\/\/www.europesays.com\/fr\/519004\/","title":{"rendered":"voici quand auront lieu les primes"},"content":{"rendered":"<p>            Par<br \/>\n        <strong><br \/>\n            <a href=\"https:\/\/actu.fr\/auteur\/redaction-actu\" title=\"Consulter tous les articles de R\u00e9daction Actu\" rel=\"nofollow noopener\" target=\"_blank\">R\u00e9daction Actu<\/a><br \/>\n        <\/strong><\/p>\n<p>        Publi\u00e9 le<\/p>\n<p>            7 nov. 2025 \u00e0 19h09        <\/p>\n<p>Votre petit rituel du samedi soir va peut-\u00eatre \u00eatre chamboul\u00e9. Pendant trois semaines, le prime de la<a href=\"https:\/\/actu.fr\/tag\/star-academy\" rel=\"nofollow noopener\" target=\"_blank\"> Star Academy<\/a> n\u2019aura <strong>pas lieu le samedi soir,<\/strong> et ce, d\u00e8s ce 8\u00a0novembre 2025.<\/p>\n<p class=\" wall-content\">Mais alors, quand les chanteurs et chanteuses du ch\u00e2teau de Dammarie-les-Lys vont-ils se pr\u00e9senter sur sc\u00e8ne\u2009? On vous explique.<\/p>\n<p>L\u2019ovalie plut\u00f4t que la chanson<\/p>\n<p class=\" wall-content\">En effet, TF1\u00a0va diffuser du rugby pour les trois prochains samedis de novembre. Et plus pr\u00e9cis\u00e9ment le XV de France qui est programm\u00e9 dans le cadre de l\u2019Autumn Nations Series.<\/p>\n<p class=\" wall-content\">Ainsi, ce samedi soir,<a href=\"https:\/\/actu.fr\/sports\/rugby\/xv-de-france\/4-points-15-rescapes-145-kg-63-10-chiffres-sur-le-choc-entre-la-france-et-l-afrique-du-sud_63409540.html\" rel=\"nofollow noopener\" target=\"_blank\"> les Bleus affrontent l\u2019Afrique du Sud<\/a>, le samedi 15\u00a0novembre, ce sera contre les Fidji et enfin le 22\u00a0novembre, l\u2019Australie se pr\u00e9sentera sur le pr\u00e9 face aux Bleus.<\/p>\n<p class=\" wall-content\">Concr\u00e8tement, les primes de la Star Ac\u2019 ne sont pas annul\u00e9s. Ils sont juste avanc\u00e9s de 24\u00a0heures et<strong> sont diffus\u00e9s les vendredis 7, 14 et 21 novembre \u00e0 21h10.<\/strong><\/p>\n<p class=\" wall-content\">De quoi chambouler votre agenda t\u00e9l\u00e9visuel, mais aussi celui des candidats qui doivent s\u2019adapter \u00e0 ce changement.<\/p>\n<p class=\" wall-content\">L\u2019\u00e9mission retrouvera son horaire habituel, le samedi soir, le 29\u00a0novembre prochain.<\/p>\n<p class=\" wall-content\">Personnalisez votre actualit\u00e9 en ajoutant vos villes et m\u00e9dias en favori avec <a href=\"https:\/\/moncompte.actu.fr\" title=\"D\u00e9couvez Mon Actu\" rel=\"nofollow noopener\" data-trk=\"{&quot;cta&quot;:{&quot;action&quot;:&quot;https:\\\/\\\/moncompte.actu.fr&quot;,&quot;category&quot;:&quot;mon compte&quot;,&quot;from&quot;:&quot;article footer&quot;,&quot;name&quot;:&quot;Mon actu&quot;,&quot;type&quot;:&quot;cta&quot;}}\" target=\"_blank\">Mon Actu<\/a>.<\/p>\n","protected":false},"excerpt":{"rendered":"Par R\u00e9daction Actu Publi\u00e9 le 7 nov. 2025 \u00e0 19h09 Votre petit rituel du samedi soir va peut-\u00eatre&hellip;\n","protected":false},"author":2,"featured_media":519005,"comment_status":"","ping_status":"","sticky":false,"template":"","format":"standard","meta":{"footnotes":""},"categories":[1356],"tags":[58,59,1011,27,1652,5095,252,1364],"class_list":{"0":"post-519004","1":"post","2":"type-post","3":"status-publish","4":"format-standard","5":"has-post-thumbnail","7":"category-television","8":"tag-divertissement","9":"tag-entertainment","10":"tag-fr","11":"tag-france","12":"tag-loisirs-culture","13":"tag-star-academy","14":"tag-television","15":"tag-tv"},"share_on_mastodon":{"url":"","error":""},"_links":{"self":[{"href":"https:\/\/www.europesays.com\/fr\/wp-json\/wp\/v2\/posts\/519004","targetHints":{"allow":["GET"]}}],"collection":[{"href":"https:\/\/www.europesays.com\/fr\/wp-json\/wp\/v2\/posts"}],"about":[{"href":"https:\/\/www.europesays.com\/fr\/wp-json\/wp\/v2\/types\/post"}],"author":[{"embeddable":true,"href":"https:\/\/www.europesays.com\/fr\/wp-json\/wp\/v2\/users\/2"}],"replies":[{"embeddable":true,"href":"https:\/\/www.europesays.com\/fr\/wp-json\/wp\/v2\/comments?post=519004"}],"version-history":[{"count":0,"href":"https:\/\/www.europesays.com\/fr\/wp-json\/wp\/v2\/posts\/519004\/revisions"}],"wp:featuredmedia":[{"embeddable":true,"href":"https:\/\/www.europesays.com\/fr\/wp-json\/wp\/v2\/media\/519005"}],"wp:attachment":[{"href":"https:\/\/www.europesays.com\/fr\/wp-json\/wp\/v2\/media?parent=519004"}],"wp:term":[{"taxonomy":"category","embeddable":true,"href":"https:\/\/www.europesays.com\/fr\/wp-json\/wp\/v2\/categories?post=519004"},{"taxonomy":"post_tag","embeddable":true,"href":"https:\/\/www.europesays.com\/fr\/wp-json\/wp\/v2\/tags?post=519004"}],"curies":[{"name":"wp","href":"https:\/\/api.w.org\/{rel}","templated":true}]}}