{"id":519018,"date":"2025-11-07T20:33:17","date_gmt":"2025-11-07T20:33:17","guid":{"rendered":"https:\/\/www.europesays.com\/fr\/519018\/"},"modified":"2025-11-07T20:33:17","modified_gmt":"2025-11-07T20:33:17","slug":"paralysie-budgetaire-des-centaines-de-vols-annules-dans-les-aeroports-americains-actualites","status":"publish","type":"post","link":"https:\/\/www.europesays.com\/fr\/519018\/","title":{"rendered":"Paralysie budg\u00e9taire: des centaines de vols annul\u00e9s dans les a\u00e9roports am\u00e9ricains : Actualit\u00e9s"},"content":{"rendered":"<p class=\"lead \">Des centaines de vols ont \u00e9t\u00e9 annul\u00e9s vendredi dans les a\u00e9roports am\u00e9ricains en raison du blocage budg\u00e9taire qui se prolonge et a conduit les autorit\u00e9s \u00e0 all\u00e9ger le trafic a\u00e9rien face \u00e0 la p\u00e9nurie d&rsquo;aiguilleurs du ciel.<\/p>\n<p class=\"lead \">Par mesure de s\u00e9curit\u00e9, l&rsquo;administration Trump a impos\u00e9 mercredi une r\u00e9duction du trafic dans quarante des a\u00e9roports am\u00e9ricains les plus fr\u00e9quent\u00e9s face au manque de personnel dans les tours de contr\u00f4le, auquel il est demand\u00e9 depuis plus de cinq semaines de travailler sans \u00eatre pay\u00e9 du fait du \u00ab\u00a0shutdown\u00a0\u00bb.<\/p>\n<p class=\"lead \">\u00ab\u00a0On a des amis qui viennent d&rsquo;Europe \u00e0 la maison, qui partent (samedi) et ils ont un peu peur\u00a0\u00bb, raconte \u00e0 l&rsquo;AFP Elvira Buchi, venue chercher sa fille \u00e0 l&rsquo;a\u00e9roport de La Guardia \u00e0 New York. \u00ab\u00a0R\u00e9duire les vols, si c&rsquo;est une question de s\u00e9curit\u00e9, absolument, mais on n&rsquo;aurait jamais d\u00fb en arriver l\u00e0\u00a0\u00bb.<\/p>\n<p class=\"lead \">Plus de 800 vols ont \u00e9t\u00e9 annul\u00e9s vendredi, selon le site de suivi FlightAware, qui identifie Chicago O&rsquo;Hare, Atlanta et Denver comme les a\u00e9roports les plus touch\u00e9s.<\/p>\n<p class=\"lead \">D&rsquo;apr\u00e8s le minist\u00e8re des Transports, le trafic a\u00e9rien est r\u00e9duit de 4% vendredi, le sera de 6% mardi et jusqu&rsquo;\u00e0 10% dans une semaine.<\/p>\n<p class=\"lead \">\u00ab\u00a0Je pense qu&rsquo;il y aura beaucoup de probl\u00e8mes \u00e0 partir de ce week-end, et je ne sais pas pourquoi le gouvernement laisse durer le blocage, surtout pour des choses aussi essentielles que la s\u00e9curit\u00e9 et le confort des passagers\u00a0\u00bb, dit Jose Rincon, 78 ans, \u00e0 l&rsquo;a\u00e9roport de Miami.<\/p>\n<p class=\"lead \">&#8211; Vols int\u00e9rieurs et r\u00e9gionaux &#8211;<\/p>\n<p class=\"lead \">Arriv\u00e9 \u00e0 New York du Canada vendredi, Ravi, un homme d&rsquo;affaires qui ne souhaite pas donner son nom de famille, doit repartir pour Miami dimanche. \u00ab\u00a0Nous esp\u00e9rons ne pas \u00eatre affect\u00e9s. Je reprends donc un autre vol. Je n&rsquo;ai pas envie mais c&rsquo;est d\u00e9j\u00e0 r\u00e9serv\u00e9\u00a0\u00bb, dit-il \u00e0 l&rsquo;AFP.<\/p>\n<p class=\"lead \">La paralysie budg\u00e9taire en cours est la plus longue de l&rsquo;histoire am\u00e9ricaine, r\u00e9publicains et d\u00e9mocrates \u00e9tant incapables de s&rsquo;entendre au Congr\u00e8s sur un nouveau budget.<\/p>\n<p class=\"lead \">Les annulations s&rsquo;ajoutent aux longues files d&rsquo;attente qui s&rsquo;\u00e9tirent aux points de contr\u00f4les g\u00e9r\u00e9s par des agents de s\u00e9curit\u00e9 \u00e9galement priv\u00e9s de salaire depuis plus d&rsquo;un mois.<\/p>\n<p class=\"lead \">Les perturbations d\u00e9butent \u00e0 la veille d&rsquo;un week-end que nombre d&rsquo;Am\u00e9ricains prolongeront jusqu&rsquo;au mardi 11 novembre,  f\u00e9ri\u00e9 aux Etats-Unis. Et elles surviennent \u00e0 l&rsquo;approche de Thanksgiving, la grande f\u00eate familiale pour laquelle des millions d&rsquo;Am\u00e9ricains prennent l&rsquo;avion chaque ann\u00e9e, le 27 novembre.<\/p>\n<p class=\"lead \">\u00ab\u00a0Si vous devez aller \u00e0 un mariage, des obs\u00e8ques ou autre chose d&rsquo;important dans les prochains jours, compte tenu du risque d&rsquo;annulation de vols, je conseillerais d&rsquo;acheter un billet de secours sur une autre compagnie\u00a0\u00bb, sugg\u00e8re le patron de la compagnie \u00e0 bas co\u00fbt Frontier, Barry Biffle, sur les r\u00e9seaux sociaux.<\/p>\n<p class=\"lead \"><img decoding=\"async\" class=\"w-100\" src=\"https:\/\/www.europesays.com\/fr\/wp-content\/uploads\/2025\/11\/2275\/actu\/afp-news\/aedb65d3-4e11-4e86-9151-460497e5b884.jpg\" alt=\"\"\/> Les vols internationaux ne sont pour l&rsquo;heure pas concern\u00e9s, ont pr\u00e9cis\u00e9 United et Delta.<\/p>\n<p class=\"lead \">United indique que les annulations se concentrent sur \u00ab\u00a0les vols int\u00e9rieurs et r\u00e9gionaux qui ne relient pas nos hubs\u00a0\u00bb a\u00e9roportuaires.<\/p>\n<p class=\"lead \">&#8211; Z\u00e9ro dollar &#8211;<\/p>\n<p class=\"lead \">\u00ab\u00a0Avec Thanksgiving qui arrive, si on est toujours dans cette situation, \u00e7a va \u00eatre rude. On agira sur ce qui concerne la s\u00e9curit\u00e9. Mais votre vol d\u00e9collera-t-il \u00e0 l&rsquo;heure ? D\u00e9collera-t-il tout court ? Ca reste \u00e0 voir, mais il y aura davantage de perturbations\u00a0\u00bb, a averti le ministre des Transports Sean Duffy sur Fox News jeudi.<\/p>\n<p class=\"lead \">A titre d&rsquo;illustration, le r\u00e9gulateur a\u00e9rien am\u00e9ricain (FAA) expliquait le 31 octobre que la moiti\u00e9 des 30 a\u00e9roports principaux \u00ab\u00a0connaissent des p\u00e9nuries de personnel\u00a0\u00bb et que pr\u00e8s de 80% des contr\u00f4leurs a\u00e9riens \u00e9taient absents dans les a\u00e9roports new-yorkais\u00a0\u00bb. \u00ab\u00a0Apr\u00e8s 31 jours sans salaire, les contr\u00f4leurs a\u00e9riens sont soumis \u00e0 un stress et une fatigue immenses\u00a0\u00bb.<\/p>\n<p class=\"lead \">\u00ab\u00a0C&rsquo;est beaucoup demander que de travailler sous pression sans \u00eatre pay\u00e9\u00a0\u00bb, souligne Kathleen, retrait\u00e9e de 81 ans arriv\u00e9e \u00e0 New York de Saint Louis, dans le Missouri.<\/p>\n<p class=\"lead \">Autour de 14.000 contr\u00f4leurs a\u00e9riens surveillent le ciel am\u00e9ricain. Chaque jour plus de trois millions de passagers prennent l&rsquo;avion aux Etats-Unis, \u00e0 raison de plus de 44.000 vols en moyenne, selon la FAA.<\/p>\n<p class=\"small font-weight-bold text-gray3 \"> publi\u00e9 le 7 novembre \u00e0 19h02, AFP<\/p>\n<p>                             Partager<\/p>\n","protected":false},"excerpt":{"rendered":"Des centaines de vols ont \u00e9t\u00e9 annul\u00e9s vendredi dans les a\u00e9roports am\u00e9ricains en raison du blocage budg\u00e9taire qui&hellip;\n","protected":false},"author":2,"featured_media":519019,"comment_status":"","ping_status":"","sticky":false,"template":"","format":"standard","meta":{"footnotes":""},"categories":[6],"tags":[7182,35,33,34,1011,27,316,2803,308],"class_list":{"0":"post-519018","1":"post","2":"type-post","3":"status-publish","4":"format-standard","5":"has-post-thumbnail","7":"category-economie","8":"tag-aviation","9":"tag-business","10":"tag-economie","11":"tag-economy","12":"tag-fr","13":"tag-france","14":"tag-politique","15":"tag-transport","16":"tag-usa"},"share_on_mastodon":{"url":"https:\/\/pubeurope.com\/@fr\/115510326932497803","error":""},"_links":{"self":[{"href":"https:\/\/www.europesays.com\/fr\/wp-json\/wp\/v2\/posts\/519018","targetHints":{"allow":["GET"]}}],"collection":[{"href":"https:\/\/www.europesays.com\/fr\/wp-json\/wp\/v2\/posts"}],"about":[{"href":"https:\/\/www.europesays.com\/fr\/wp-json\/wp\/v2\/types\/post"}],"author":[{"embeddable":true,"href":"https:\/\/www.europesays.com\/fr\/wp-json\/wp\/v2\/users\/2"}],"replies":[{"embeddable":true,"href":"https:\/\/www.europesays.com\/fr\/wp-json\/wp\/v2\/comments?post=519018"}],"version-history":[{"count":0,"href":"https:\/\/www.europesays.com\/fr\/wp-json\/wp\/v2\/posts\/519018\/revisions"}],"wp:featuredmedia":[{"embeddable":true,"href":"https:\/\/www.europesays.com\/fr\/wp-json\/wp\/v2\/media\/519019"}],"wp:attachment":[{"href":"https:\/\/www.europesays.com\/fr\/wp-json\/wp\/v2\/media?parent=519018"}],"wp:term":[{"taxonomy":"category","embeddable":true,"href":"https:\/\/www.europesays.com\/fr\/wp-json\/wp\/v2\/categories?post=519018"},{"taxonomy":"post_tag","embeddable":true,"href":"https:\/\/www.europesays.com\/fr\/wp-json\/wp\/v2\/tags?post=519018"}],"curies":[{"name":"wp","href":"https:\/\/api.w.org\/{rel}","templated":true}]}}