{"id":51903,"date":"2025-04-25T13:59:27","date_gmt":"2025-04-25T13:59:27","guid":{"rendered":"https:\/\/www.europesays.com\/fr\/51903\/"},"modified":"2025-04-25T13:59:27","modified_gmt":"2025-04-25T13:59:27","slug":"deux-collegiens-interceptes-avec-des-couteaux-a-saint-herblain","status":"publish","type":"post","link":"https:\/\/www.europesays.com\/fr\/51903\/","title":{"rendered":"Deux coll\u00e9giens intercept\u00e9s avec des couteaux \u00e0 Saint-Herblain"},"content":{"rendered":"<p>Les faits sont relativement rares, confie une source polici\u00e8re, mais la co\u00efncidence est troublante. Jeudi 24\u00a0avril 2025, quelques heures seulement apr\u00e8s <a href=\"https:\/\/www.ouest-france.fr\/societe\/faits-divers\/direct-apres-l-attaque-au-couteau-a-nantes-le-lycee-toutes-aides-se-prepare-a-une-vive-emotion-c0ddd72c-5aef-4582-a694-2d288491d0a8\" target=\"_self\" rel=\"nofollow noopener\">qu\u2019un lyc\u00e9en a poignard\u00e9 plusieurs de ses camarades dans le lyc\u00e9e Toutes-Aides de Nantes<\/a>, un premier coll\u00e9gien de 13\u00a0ans, scolaris\u00e9 dans un \u00e9tablissement de Saint-Herblain, a \u00e9t\u00e9 surpris par une passante vers 14h30, alors qu\u2019il sortait un couteau de sa poche, avenue du Parenasse \u00e0 Saint-Herblain. Elle a pu pr\u00e9venir la police, dont les agents sont venus interpeller le gar\u00e7on. Il a \u00e9t\u00e9 conduit en garde \u00e0 vue, o\u00f9 il a indiqu\u00e9 vouloir montrer son couteau, de type pliant, \u00e0 ses copains.<\/p>\n<p>Des adolescents de 13\u00a0ans<\/p>\n<p>Quelques minutes plus tard, vers 15h30, c\u2019est cette fois dans l\u2019enceinte de l\u2019\u00e9tablissement qu\u2019un professeur a surpris un autre coll\u00e9gien, \u00e9galement \u00e2g\u00e9 de 13\u00a0ans, \u00e0 sortir un petit couteau. Les policiers sont de nouveau appel\u00e9s pour interpeller le jeune gar\u00e7on, qui dit avoir gagn\u00e9 le couteau \u00e0 la f\u00eate foraine, pr\u00e9cise la source polici\u00e8re. Il a \u00e9galement \u00e9t\u00e9 conduit en garde \u00e0 vue. En terme de sanction, le port d\u2019une arme dans un \u00e9tablissement scolaire constitue une circonstance aggravante.<\/p>\n<p>\u00a0<\/p>\n","protected":false},"excerpt":{"rendered":"Les faits sont relativement rares, confie une source polici\u00e8re, mais la co\u00efncidence est troublante. Jeudi 24\u00a0avril 2025, quelques&hellip;\n","protected":false},"author":2,"featured_media":51904,"comment_status":"","ping_status":"","sticky":false,"template":"","format":"standard","meta":{"footnotes":""},"categories":[2818],"tags":[1111,11,6340,14491,1777,674,1011,27,14490,766,12,2636,25,4286,3272],"class_list":{"0":"post-51903","1":"post","2":"type-post","3":"status-publish","4":"format-standard","5":"has-post-thumbnail","7":"category-nantes","8":"tag-actu","9":"tag-actualites","10":"tag-collegiens","11":"tag-couteaux","12":"tag-eu","13":"tag-europe","14":"tag-fr","15":"tag-france","16":"tag-interceptes","17":"tag-nantes","18":"tag-news","19":"tag-pays-de-la-loire","20":"tag-republique-francaise","21":"tag-saint-herblain","22":"tag-saint-nazaire"},"share_on_mastodon":{"url":"https:\/\/pubeurope.com\/@fr\/114398964168936078","error":""},"_links":{"self":[{"href":"https:\/\/www.europesays.com\/fr\/wp-json\/wp\/v2\/posts\/51903","targetHints":{"allow":["GET"]}}],"collection":[{"href":"https:\/\/www.europesays.com\/fr\/wp-json\/wp\/v2\/posts"}],"about":[{"href":"https:\/\/www.europesays.com\/fr\/wp-json\/wp\/v2\/types\/post"}],"author":[{"embeddable":true,"href":"https:\/\/www.europesays.com\/fr\/wp-json\/wp\/v2\/users\/2"}],"replies":[{"embeddable":true,"href":"https:\/\/www.europesays.com\/fr\/wp-json\/wp\/v2\/comments?post=51903"}],"version-history":[{"count":0,"href":"https:\/\/www.europesays.com\/fr\/wp-json\/wp\/v2\/posts\/51903\/revisions"}],"wp:featuredmedia":[{"embeddable":true,"href":"https:\/\/www.europesays.com\/fr\/wp-json\/wp\/v2\/media\/51904"}],"wp:attachment":[{"href":"https:\/\/www.europesays.com\/fr\/wp-json\/wp\/v2\/media?parent=51903"}],"wp:term":[{"taxonomy":"category","embeddable":true,"href":"https:\/\/www.europesays.com\/fr\/wp-json\/wp\/v2\/categories?post=51903"},{"taxonomy":"post_tag","embeddable":true,"href":"https:\/\/www.europesays.com\/fr\/wp-json\/wp\/v2\/tags?post=51903"}],"curies":[{"name":"wp","href":"https:\/\/api.w.org\/{rel}","templated":true}]}}