{"id":519037,"date":"2025-11-07T20:43:20","date_gmt":"2025-11-07T20:43:20","guid":{"rendered":"https:\/\/www.europesays.com\/fr\/519037\/"},"modified":"2025-11-07T20:43:20","modified_gmt":"2025-11-07T20:43:20","slug":"du-reconditionne-aussi-beau-que-du-neuf-moins-cher","status":"publish","type":"post","link":"https:\/\/www.europesays.com\/fr\/519037\/","title":{"rendered":"du reconditionn\u00e9 aussi beau que du neuf, moins cher"},"content":{"rendered":"<p> Technocentre de Castelnau-le-Lez<\/p>\n<p>Le jeudi 13 novembre marque une \u00e9tape cl\u00e9 pour <strong>CYKERO<\/strong>. La start-up fond\u00e9e \u00e0 Berlin en 2020 par <strong>Bichoi Metias<\/strong> va lanc\u00e9 les travaux de son <strong>Technocentre industriel de reconditionnement<\/strong> \u00e0 <strong>Castelnau-le-Lez<\/strong>, pr\u00e8s de Montpellier. Ce site de 3 500 m\u00b2, v\u00e9ritable vitrine de la technologie 5.0, sera d\u00e9di\u00e9 \u00e0 la r\u00e9paration et au reconditionnement d\u2019\u00e9quipements \u00e9lectroniques\u00a0 smartphones, tablettes, ordinateurs et accessoires\u00a0 dans une logique d\u2019\u00e9conomie circulaire. L\u2019ouverture est pr\u00e9vue pour <strong>mi-2027 <\/strong>et devrait g\u00e9n\u00e9rer jusqu\u2019\u00e0 <strong>160 emplois<\/strong> sur le bassin montpelli\u00e9rain.<\/p>\n<p>Quelques jours jeudi 6 novembre CYKERO inaugurait un <strong>Pop-Up Store place de la Com\u00e9die \u00e0 Montpellier<\/strong>. Une premi\u00e8re prise de contact directe avec les consommateurs fran\u00e7ais, \u00e0 travers un espace \u00e0 la fois boutique, atelier et lieu de p\u00e9dagogie autour du reconditionn\u00e9. \u00c0 cette occasion, <strong>Bichoi Metias<\/strong>, fondateur de CYKERO, a accord\u00e9 un entretien exclusif.<\/p>\n<p>\u00a0<br \/>\n\u00ab Redonner confiance dans le reconditionn\u00e9 \u00bb<\/p>\n<p>\u00ab CYKERO est une start-up qui a d\u00e9marr\u00e9 en 2020 \u00e0 Berlin, dans un garage. Notre objectif \u00e9tait de redonner confiance aux consommateurs europ\u00e9ens dans le monde du reconditionn\u00e9 \u00bb<strong>, <\/strong>explique Bichoi Metias. Aujourd\u2019hui, le taux de retour pour non-qualit\u00e9 atteint 20 % dans le secteur. <strong>\u00ab Chez CYKERO, nous sommes \u00e0 moins de 2 %. C\u2019est pour nous le param\u00e8tre le plus important : garantir une exp\u00e9rience parfaite \u00e0 chaque utilisation. \u00bb<\/strong><\/p>\n<p>Pour le dirigeant, un smartphone est devenu un v\u00e9ritable outil de vie :<strong> <\/strong>\u00ab Vous l\u2019utilisez pour payer, ouvrir votre maison, d\u00e9sactiver votre alarme, consulter votre compte en banque&#8230; Ce sont des appareils complexes. Si le reconditionnement n\u2019est pas fait dans les r\u00e8gles de l\u2019art, la moindre d\u00e9faillance frustre l\u2019utilisateur. Or, le consommateur europ\u00e9en touche son t\u00e9l\u00e9phone pr\u00e8s de 10 000 fois par jour. Il doit donc \u00eatre impeccable. \u00bb<\/p>\n<p>Chaque appareil vendu par CYKERO est accompagn\u00e9 d\u2019un <strong>rapport technique<\/strong> d\u00e9taillant les 55 points de contr\u00f4le r\u00e9alis\u00e9s, ainsi que d\u2019une <strong>garantie de deux ans<\/strong> \u00e9quivalente \u00e0 celle d\u2019un produit neuf.<strong> <\/strong>\u00ab Nous garantissons la qualit\u00e9, mais surtout, nous garantissons que vous n\u2019aurez pas besoin d\u2019utiliser la garantie \u00bb,<strong> <\/strong>sourit Bichoi Metias.<\/p>\n<p>\u00a0<\/p>\n<p>Une usine robotis\u00e9e et \u00e9cologique<\/p>\n<p>Face \u00e0 une demande en forte croissance\u00a0 <strong>27 millions d\u2019euros de chiffre d\u2019affaires en 2024<\/strong> et un objectif de <strong>100 millions d\u2019euros d\u2019ici 2028<\/strong>\u00a0 CYKERO a d\u00e9cid\u00e9 d\u2019industrialiser son mod\u00e8le. \u00ab Le Technocentre est n\u00e9 de cette n\u00e9cessit\u00e9. Nous voulons un reconditionnement circulaire et local. Pour cela, nous devons automatiser et robotiser nos process. \u00bb<\/p>\n<p>Le choix de Montpellier ne doit rien au hasard : <strong>\u00ab C\u2019est un bassin dynamique, avec un vivier de talents, une position strat\u00e9gique proche de l\u2019Espagne, de l\u2019Italie et du Portugal, qui sont des march\u00e9s \u00e9mergents pour nous. \u00bb<\/strong><\/p>\n<p>\u00c0 l\u2019ouverture, pr\u00e9vue pour le premier trimestre 2027, le site pourra reconditionner jusqu\u2019\u00e0 <strong>40 000 appareils par mois<\/strong>. \u00c0 plein r\u00e9gime, la production pourrait atteindre <strong>200 000 unit\u00e9s mensuelles<\/strong>.<strong> \u00ab Le Technocentre sera une vitrine de l\u2019innovation : automatisation, robotisation, intelligence artificielle pour garantir une qualit\u00e9 constante \u00bb<\/strong>, promet le fondateur.<\/p>\n<p>L\u2019enjeu est aussi \u00e9cologique.<strong> <\/strong>\u00ab Chaque appareil reconditionn\u00e9 par CYKERO permet d\u2019\u00e9conomiser entre 77 et 85 kg de CO\u2082. Multipliez cela par des milliers d\u2019appareils par mois : le reconditionn\u00e9, c\u2019est l\u2019avenir de la plan\u00e8te. \u00bb<\/p>\n<p>\u00a0<\/p>\n<p>Le Pop-Up Store : la rencontre avec le grand public<\/p>\n<p>Jusqu\u2019\u00e0 pr\u00e9sent, CYKERO vendait ses produits via des revendeurs et marketplaces. Pour la premi\u00e8re fois, la marque s\u2019adresse directement aux consommateurs avec une boutique \u00e9ph\u00e9m\u00e8re place de la Com\u00e9die \u00e0 Montpellier.<strong> \u00ab Nous voulions faire d\u00e9couvrir notre univers et donner un nom au produit que les gens aiment d\u00e9j\u00e0. \u00bb<\/strong><\/p>\n<p>Dans ce showroom, les visiteurs peuvent tester les appareils, consulter leurs rapports techniques, et d\u00e9couvrir la <strong>collection CYKERO<\/strong> : accessoires en cuir haut de gamme, confectionn\u00e9s \u00e0 la main en France, \u00e0 partir de mat\u00e9riaux issus de grandes maisons de luxe. <strong>\u00ab Nous voulons que nos clients soient fiers d\u2019avoir un produit reconditionn\u00e9, beau et durable. \u00bb<\/strong><\/p>\n<p>\u00c0 l\u2019\u00e9tage, le <strong>Tech Bar<\/strong> invite le public \u00e0 venir avec ses anciens appareils pour un diagnostic gratuit et une \u00e9ventuelle reprise. \u00ab Votre t\u00e9l\u00e9phone ne doit pas dormir dans un tiroir. Nous le rachetons, le reconditionnons et lui offrons une seconde vie \u00bb, souligne Bichoi Metias. Les visiteurs peuvent \u00e9galement observer les techniciens \u00e0 l\u2019\u0153uvre, ouvrant et r\u00e9parant les appareils sous leurs yeux : <strong>\u00ab C\u2019est du savoir-faire fran\u00e7ais, fait en France pour la France. \u00bb<\/strong><\/p>\n<p><a href=\"https:\/\/cykero.com\/?srsltid=AfmBOoqJb8OiO3Q_A4zi1Nu698ea9aLmObiT81Kt1zfNikNd2ueUVcPh\" rel=\"noopener\" target=\"_blank\">CYKERO <\/a>ambitionne ainsi de prouver qu\u2019un produit reconditionn\u00e9 peut \u00eatre \u00e0 la fois <strong>fiable, esth\u00e9tique et \u00e9thique<\/strong>. Une mani\u00e8re d\u2019allier <strong>\u00e9conomie et \u00e9cologie<\/strong> sans compromis sur la qualit\u00e9.<\/p>\n","protected":false},"excerpt":{"rendered":"Technocentre de Castelnau-le-Lez Le jeudi 13 novembre marque une \u00e9tape cl\u00e9 pour CYKERO. La start-up fond\u00e9e \u00e0 Berlin&hellip;\n","protected":false},"author":2,"featured_media":519038,"comment_status":"","ping_status":"","sticky":false,"template":"","format":"standard","meta":{"footnotes":""},"categories":[9599],"tags":[63989,63962,63996,1111,11,63994,64000,64001,63976,63977,63975,63987,63953,64006,63993,63990,63961,63991,63951,64004,63957,12393,63995,63954,63958,1777,674,1011,27,63959,27861,223,63985,63983,63982,63964,63965,63966,63967,63968,33938,63971,63970,63972,63973,63963,63969,63986,63979,63980,63981,63978,2208,63988,12,2680,29648,63997,63998,64007,63955,64002,64005,62802,63999,63960,25,63956,63974,64003,30891,63984,63952,63992],"class_list":{"0":"post-519037","1":"post","2":"type-post","3":"status-publish","4":"format-standard","5":"has-post-thumbnail","7":"category-montpellier","8":"tag-accessoires-apple","9":"tag-accessoires-haut-de-gamme","10":"tag-accessoires-iphone-montpellier","11":"tag-actu","12":"tag-actualites","13":"tag-airpods-reconditionnes","14":"tag-apple-certifie-france","15":"tag-apple-durable","16":"tag-apple-france","17":"tag-apple-occasion","18":"tag-apple-reconditionne","19":"tag-apple-watch-reconditionnee","20":"tag-bichoi-metias","21":"tag-boutique-reconditionne-montpellier","22":"tag-cable-lightning","23":"tag-chargeur-magsafe","24":"tag-consommateurs-europeens","25":"tag-coque-iphone","26":"tag-cykero","27":"tag-economie-circulaire-apple","28":"tag-economie-denergie","29":"tag-economie-circulaire","30":"tag-ecouteurs-apple","31":"tag-electronique-durable","32":"tag-empreinte-carbone-reduite","33":"tag-eu","34":"tag-europe","35":"tag-fr","36":"tag-france","37":"tag-france-fabrication-locale","38":"tag-innovation-technologique","39":"tag-intelligence-artificielle","40":"tag-ipad-pas-cher","41":"tag-ipad-pro-reconditionne","42":"tag-ipad-reconditionne","43":"tag-iphone-12","44":"tag-iphone-13","45":"tag-iphone-14","46":"tag-iphone-15","47":"tag-iphone-16-pro","48":"tag-iphone-16-pro-max","49":"tag-iphone-certifie","50":"tag-iphone-garanti-2-ans","51":"tag-iphone-pas-cher","52":"tag-iphone-premium","53":"tag-iphone-reconditionne","54":"tag-iphone-reconditionne-montpellier","55":"tag-iwatch","56":"tag-macbook-air-m1","57":"tag-macbook-air-m2","58":"tag-macbook-pro-reconditionne","59":"tag-macbook-reconditionne","60":"tag-montpellier","61":"tag-montre-connectee-apple","62":"tag-news","63":"tag-occitanie","64":"tag-pop-up-store","65":"tag-pop-up-store-apple","66":"tag-produits-apple-reconditionnes","67":"tag-produits-tech-reconditionnes","68":"tag-qualite-garantie","69":"tag-reconditionne-haut-de-gamme","70":"tag-reconditionne-premium-montpellier","71":"tag-reconditionnement","72":"tag-reconditionnement-apple","73":"tag-reparation-electronique","74":"tag-republique-francaise","75":"tag-robotisation","76":"tag-smartphone-apple","77":"tag-smartphone-haut-de-gamme-reconditionne","78":"tag-smartphones","79":"tag-tablette-apple","80":"tag-technocentre","81":"tag-wallet-magnetique"},"share_on_mastodon":{"url":"","error":"Validation failed: Text character limit of 500 exceeded"},"_links":{"self":[{"href":"https:\/\/www.europesays.com\/fr\/wp-json\/wp\/v2\/posts\/519037","targetHints":{"allow":["GET"]}}],"collection":[{"href":"https:\/\/www.europesays.com\/fr\/wp-json\/wp\/v2\/posts"}],"about":[{"href":"https:\/\/www.europesays.com\/fr\/wp-json\/wp\/v2\/types\/post"}],"author":[{"embeddable":true,"href":"https:\/\/www.europesays.com\/fr\/wp-json\/wp\/v2\/users\/2"}],"replies":[{"embeddable":true,"href":"https:\/\/www.europesays.com\/fr\/wp-json\/wp\/v2\/comments?post=519037"}],"version-history":[{"count":0,"href":"https:\/\/www.europesays.com\/fr\/wp-json\/wp\/v2\/posts\/519037\/revisions"}],"wp:featuredmedia":[{"embeddable":true,"href":"https:\/\/www.europesays.com\/fr\/wp-json\/wp\/v2\/media\/519038"}],"wp:attachment":[{"href":"https:\/\/www.europesays.com\/fr\/wp-json\/wp\/v2\/media?parent=519037"}],"wp:term":[{"taxonomy":"category","embeddable":true,"href":"https:\/\/www.europesays.com\/fr\/wp-json\/wp\/v2\/categories?post=519037"},{"taxonomy":"post_tag","embeddable":true,"href":"https:\/\/www.europesays.com\/fr\/wp-json\/wp\/v2\/tags?post=519037"}],"curies":[{"name":"wp","href":"https:\/\/api.w.org\/{rel}","templated":true}]}}