{"id":519043,"date":"2025-11-07T20:46:17","date_gmt":"2025-11-07T20:46:17","guid":{"rendered":"https:\/\/www.europesays.com\/fr\/519043\/"},"modified":"2025-11-07T20:46:17","modified_gmt":"2025-11-07T20:46:17","slug":"cest-ouvert-a-tous","status":"publish","type":"post","link":"https:\/\/www.europesays.com\/fr\/519043\/","title":{"rendered":"\u00ab C&rsquo;est ouvert \u00e0 tous \u00bb"},"content":{"rendered":"<p>            Par<br \/>\n        <strong><br \/>\n            <a href=\"https:\/\/actu.fr\/auteur\/yann-rivallan\" title=\"Consulter tous les articles de Yann Rivallan\" target=\"_blank\" rel=\"noopener\">Yann Rivallan<\/a><br \/>\n        <\/strong><\/p>\n<p>        Publi\u00e9 le<\/p>\n<p>            7 nov. 2025 \u00e0 18h12        <\/p>\n<p>\u00c0 <a href=\"https:\/\/actu.fr\/normandie\/rouen_76540\" target=\"_blank\" rel=\"noopener\">Rouen<\/a>, \u00e7a n\u2019existait tout simplement pas. Mais d\u2019ici quelques jours, <strong>le 501<\/strong>, premier bar de la ville <a href=\"https:\/\/actu.fr\/normandie\/rouen_76540\/ca-manquait-a-rouen-un-bar-specialise-dans-les-flechettes-va-ouvrir-dans-le-centre-ville_62863506.html\" target=\"_blank\" rel=\"noopener\">d\u00e9di\u00e9 aux fl\u00e9chettes<\/a> va ouvrir ses portes dans la rue de Crosne, \u00e0 deux pas de la place du Vieux-March\u00e9. On a pu le d\u00e9couvrir en avant-premi\u00e8re. On fait le tour du propri\u00e9taire avant son ouverture le <strong>vendredi 14 novembre 2025<\/strong>.<\/p>\n<p>De nombreuses cibles pour jouer<\/p>\n<p class=\" wall-content\">\u00c0 sa t\u00eate, deux amis de longue date passionn\u00e9s par le jeu\u2009: Romain Boulet et Flamur Tissier. L\u2019id\u00e9e d\u2019ouvrir le 501 \u2014 un nom en r\u00e9f\u00e9rence au <strong>mode de jeu le plus populaire<\/strong> des fl\u00e9chettes \u2014 est venue naturellement en t\u00eate des deux trentenaires.<\/p>\n<blockquote class=\"ac-article-quote wall-content\">\n<p>C&rsquo;est quelque chose qui manquait \u00e0 Rouen.<\/p>\n<p>    <strong>Romain Boulet<\/strong><br \/>\n        Co-g\u00e9rant du 501    <\/p><\/blockquote>\n<p class=\" wall-content\">Il est bien possible de jouer aux fl\u00e9chettes dans plusieurs bars de Rouen et de son agglom\u00e9ration. Mais on se contente en g\u00e9n\u00e9ral d\u2019une ou deux cibles. Au 501, il y aura <strong>14 cibles en tout<\/strong>, \u00ab\u2009dont cinq cibles traditionnelles, huit cibles \u00e9lectroniques de la marque Dartslive et une cible Bull Shooter [avec un plateau qui tourne pour changer de cible]\u2009\u00bb, d\u00e9taille Romain Boulet.<\/p>\n<p class=\" wall-content\">Il sera possible de jouer sur une cible en payant avec une pi\u00e8ce ou en prenant un forfait \u00e0 l\u2019heure. Les fl\u00e9chettes seront pr\u00eat\u00e9es par l\u2019\u00e9tablissement.<\/p>\n<p>D\u00e9mocratiser les fl\u00e9chettes<\/p>\n<p class=\" wall-content\">L\u2019ambition de Romain Boulet et Flamur Tissier reste intacte. Avec leur bar, ils veulent faire <strong>d\u00e9couvrir au plus grand nombre<\/strong> le jeu de fl\u00e9chettes. \u00ab\u2009Le but c\u2019est que tout le monde puisse venir jouer, expliquaient-ils dans un pr\u00e9c\u00e9dent article. Les fl\u00e9chettes, \u00e7a reste un jeu populaire.\u2009\u00bb<\/p>\n<p class=\" wall-content\">Le 501 ne sera \u00e9videmment pas r\u00e9serv\u00e9 qu\u2019aux initi\u00e9s. Les n\u00e9ophytes sont les bienvenus aussi et ils pourront d\u2019ailleurs s\u2019inscrire aux tournois organis\u00e9s par l\u2019\u00e9tablissement. \u00ab\u00a0C\u2019est ouvert \u00e0 tous\u00a0\u00bb, insiste Romain Boulet.<\/p>\n<p>Votre r\u00e9gion, votre actu !<\/p>\n<p>Recevez chaque jour les infos qui comptent pour vous.<\/p>\n<p>\t<a href=\"https:\/\/actu.fr\/newsletter\" class=\"ac-btn ac-btn--corner ac-btn--medium ac-btn--blue800\" target=\"_blank\" rel=\"noopener\">S&rsquo;incrire<\/a><\/p>\n<p class=\" wall-content\">Au cours d\u2019une soir\u00e9e d\u2019inauguration priv\u00e9e, le 6 novembre, les g\u00e9rants du bar ont d\u00e9j\u00e0 organis\u00e9 leur premier tournoi de 100 joueurs avec des niveaux vari\u00e9s. Ils ont pu compter sur la pr\u00e9sence de <b>Lylian Le Calvez<\/b>, champion de France de fl\u00e9chettes \u00e9lectroniques Dartslive.<\/p>\n<p class=\" wall-content\">Les deux comp\u00e8res sentent d\u2019ailleurs un v\u00e9ritable engouement : \u00ab\u00a0En deux jours, le tournoi \u00e9tait d\u00e9j\u00e0 complet. Et on a encore 25 personnes sur liste d\u2019attente\u00a0\u00bb. Bien s\u00fbr, le champion de France ne sera pas pr\u00e9sent \u00e0 chaque fois. Mais \u00ab\u00a0si on constitue un vivier de joueurs importants, on fera peut-\u00eatre des tournois par niveaux\u00a0\u00bb, pense Romain Boulet.<\/p>\n<p>Banquettes, coins au calme et terrasse<\/p>\n<p class=\" wall-content\">Et si vous n\u2019\u00eates pas forc\u00e9ment un grand amateur de fl\u00e9chettes, le 501 propose aussi <strong>des coins au calme<\/strong>, pour venir boire un verre entre amis ou pour un date (un rencard), par exemple.<\/p>\n<blockquote class=\"ac-article-quote wall-content\">\n<p>On a des coins cosy et confortables avec des banquettes. On a volontairement fait une d\u00e9co sobre et classe pour ne pas insister que sur la fl\u00e9chette.<\/p>\n<p>    <strong>Flamur Tissier<\/strong><br \/>\n        Co-g\u00e9rant du 501    <\/p><\/blockquote>\n<p class=\" wall-content\">Au total, le bar propose <strong>une surface de 450 m\u00b2<\/strong>. Un petit salon isol\u00e9 qu\u2019il est possible de r\u00e9server se trouve pr\u00e8s de l\u2019entr\u00e9e, tandis que la salle principale concentre le comptoir, de nombreuses places assises et une belle vari\u00e9t\u00e9 de cibles.<\/p>\n<p class=\" wall-content\">\u00c0 l\u2019\u00e9tage, on retrouve une deuxi\u00e8me pi\u00e8ce avec des cibles et une ambiance feutr\u00e9e avec des canap\u00e9s et des fauteuils. Et puis, la cerise sur le g\u00e2teau, c\u2019est assur\u00e9ment <strong>la terrasse de 70 m\u00b2<\/strong> sur les toits de Rouen. Un \u00e9l\u00e9ment qui a tout de suite conquis les deux patrons.<\/p>\n<p>Des cocktails signature et des planches \u00e0 composer<\/p>\n<p class=\" wall-content\">C\u00f4t\u00e9 tarifs, le 501 se veut r\u00e9solument accessible. \u00ab\u00a0On va rester dans les prix des autres bars\u00a0\u00bb, font savoir les g\u00e9rants. Le prix d\u2019une partie sera relativement abordable et il sera possible de <strong>commander \u00e0 boire<\/strong> sur une carte bien fournie.<\/p>\n<p class=\" wall-content\">Bi\u00e8res pression, large choix de vins, spiritueux abordables et haut de gamme, ou encore cocktails signatures con\u00e7us par la maison. Sans oublier les softs. Il y en aura pour tous les go\u00fbts.<\/p>\n<p class=\" wall-content\">Une petite offre de restauration, de type <strong>tapas et planches \u00e0 partager<\/strong> sera aussi disponible. Avec une petite subtilit\u00e9 : \u00ab\u00a0Les planches sont \u00e0 composer avec au moins 4 \u00e9l\u00e9ments au choix.\u00a0\u00bb De quoi s\u2019assurer d\u2019avoir \u00ab\u00a0ce que l\u2019on veut\u00a0\u00bb sur sa planche, glisse Romain Boulet.<\/p>\n<p><strong>Infos pratiques<\/strong><br \/>\nLe 501, bar \u00e0 fl\u00e9chettes au 13 rue de Crosne \u00e0 Rouen. Ouverture officielle le vendredi 14 novembre 2025 \u00e0 partir de 17h. Horaires : du mardi au dimanche de 17h \u00e0 2h et de 14h \u00e0 2h le mercredi, samedi et dimanche. Fermeture le lundi. Instagram et Facebook : <a href=\"https:\/\/www.instagram.com\/le501rouen\/\" target=\"_blank\" rel=\"noopener\">le501rouen<\/a>.Suivez l\u2019actualit\u00e9 de Rouen <a href=\"https:\/\/www.whatsapp.com\/channel\/0029VaKfnf99hXF2ddApFB1D\" target=\"_blank\" rel=\"noopener\">sur notre cha\u00eene WhatsApp<\/a> et <a href=\"https:\/\/www.tiktok.com\/@76actu.fr?lang=fr\" target=\"_blank\" rel=\"noopener\">sur notre compte TikTok<\/a><\/p>\n<p class=\" wall-content\">Personnalisez votre actualit\u00e9 en ajoutant vos villes et m\u00e9dias en favori avec <a href=\"https:\/\/moncompte.actu.fr\" title=\"D\u00e9couvez Mon Actu\" rel=\"nofollow noopener\" data-trk=\"{&quot;cta&quot;:{&quot;action&quot;:&quot;https:\\\/\\\/moncompte.actu.fr&quot;,&quot;category&quot;:&quot;mon compte&quot;,&quot;from&quot;:&quot;article footer&quot;,&quot;name&quot;:&quot;Mon actu&quot;,&quot;type&quot;:&quot;cta&quot;}}\" target=\"_blank\">Mon Actu<\/a>.<\/p>\n<p>                    <script async src=\"\/\/www.instagram.com\/embed.js\"><\/script><script async src=\"\/\/www.tiktok.com\/embed.js\"><\/script><\/p>\n","protected":false},"excerpt":{"rendered":"Par Yann Rivallan Publi\u00e9 le 7 nov. 2025 \u00e0 18h12 \u00c0 Rouen, \u00e7a n\u2019existait tout simplement pas. Mais&hellip;\n","protected":false},"author":2,"featured_media":519044,"comment_status":"","ping_status":"","sticky":false,"template":"","format":"standard","meta":{"footnotes":""},"categories":[9587],"tags":[1111,11,9086,215,9782,1777,674,1011,27,1652,12,5161,25,9590],"class_list":{"0":"post-519043","1":"post","2":"type-post","3":"status-publish","4":"format-standard","5":"has-post-thumbnail","7":"category-rouen","8":"tag-actu","9":"tag-actualites","10":"tag-bon-plan-a-rouen","11":"tag-commerce","12":"tag-dans-les-bars","13":"tag-eu","14":"tag-europe","15":"tag-fr","16":"tag-france","17":"tag-loisirs-culture","18":"tag-news","19":"tag-normandie","20":"tag-republique-francaise","21":"tag-rouen"},"share_on_mastodon":{"url":"https:\/\/pubeurope.com\/@fr\/115510377657330009","error":""},"_links":{"self":[{"href":"https:\/\/www.europesays.com\/fr\/wp-json\/wp\/v2\/posts\/519043","targetHints":{"allow":["GET"]}}],"collection":[{"href":"https:\/\/www.europesays.com\/fr\/wp-json\/wp\/v2\/posts"}],"about":[{"href":"https:\/\/www.europesays.com\/fr\/wp-json\/wp\/v2\/types\/post"}],"author":[{"embeddable":true,"href":"https:\/\/www.europesays.com\/fr\/wp-json\/wp\/v2\/users\/2"}],"replies":[{"embeddable":true,"href":"https:\/\/www.europesays.com\/fr\/wp-json\/wp\/v2\/comments?post=519043"}],"version-history":[{"count":0,"href":"https:\/\/www.europesays.com\/fr\/wp-json\/wp\/v2\/posts\/519043\/revisions"}],"wp:featuredmedia":[{"embeddable":true,"href":"https:\/\/www.europesays.com\/fr\/wp-json\/wp\/v2\/media\/519044"}],"wp:attachment":[{"href":"https:\/\/www.europesays.com\/fr\/wp-json\/wp\/v2\/media?parent=519043"}],"wp:term":[{"taxonomy":"category","embeddable":true,"href":"https:\/\/www.europesays.com\/fr\/wp-json\/wp\/v2\/categories?post=519043"},{"taxonomy":"post_tag","embeddable":true,"href":"https:\/\/www.europesays.com\/fr\/wp-json\/wp\/v2\/tags?post=519043"}],"curies":[{"name":"wp","href":"https:\/\/api.w.org\/{rel}","templated":true}]}}