{"id":519045,"date":"2025-11-07T20:47:12","date_gmt":"2025-11-07T20:47:12","guid":{"rendered":"https:\/\/www.europesays.com\/fr\/519045\/"},"modified":"2025-11-07T20:47:12","modified_gmt":"2025-11-07T20:47:12","slug":"une-fin-dannee-decisive-pour-le-projet-exalia","status":"publish","type":"post","link":"https:\/\/www.europesays.com\/fr\/519045\/","title":{"rendered":"une fin d\u2019ann\u00e9e d\u00e9cisive pour le projet Exalia"},"content":{"rendered":"<p>C\u2019\u00e9tait il y a sept mois. Le 10\u00a0avril dernier, apr\u00e8s des mois de doutes et d\u2019incertitudes pour les 450 salari\u00e9s de l\u2019usine chimique Vencorex de la plateforme chimique du Pont-de-Claix, plac\u00e9e en redressement judiciaire en septembre\u00a02024, le tribunal de commerce de Lyon choisissait <a href=\"https:\/\/www.ledauphine.com\/economie\/2025\/04\/10\/scenario-catastrophe-pour-vencorex-400-emplois-sur-le-carreau#f5f40926-1e4e-4509-a1f3-fb0fa8a20cb4\" target=\"_blank\" rel=\"noopener\">l\u2019offre de reprise du chinois Wanhua<\/a>, via sa filiale hongroise BorsodChem, qui maintenait seulement une cinquantaine d\u2019emplois. Une offre pr\u00e9f\u00e9r\u00e9e \u00e0 celle d\u2019une soci\u00e9t\u00e9 coop\u00e9rative d\u2019int\u00e9r\u00eat collectif (SCIC), <a href=\"https:\/\/www.ledauphine.com\/social\/2025\/04\/07\/isere-notre-projet-de-reprise-est-solide-il-peut-sauver-vencorex-et-la-plateforme\" target=\"_blank\" rel=\"noopener\">mise sur pied en urgence<\/a> par des salari\u00e9s de Vencorex et des collectivit\u00e9s locales, offre que le tribunal n\u2019avait pas estim\u00e9e assez solide.<\/p>\n<p>Red\u00e9marrer la production de chlore<\/p>\n<p>Le 7\u00a0juillet, l\u2019espoir renaissait avec la pr\u00e9sentation d\u2019un projet pour relancer l\u2019activit\u00e9. Les anciens porteurs de la SCIC,&#8230;<\/p>\n","protected":false},"excerpt":{"rendered":"C\u2019\u00e9tait il y a sept mois. Le 10\u00a0avril dernier, apr\u00e8s des mois de doutes et d\u2019incertitudes pour les&hellip;\n","protected":false},"author":2,"featured_media":519046,"comment_status":"","ping_status":"","sticky":false,"template":"","format":"standard","meta":{"footnotes":""},"categories":[9566],"tags":[1111,11,2430,9671,33,112,113,341,1777,674,1011,27,2731,2732,693,108,17480,7000,3294,1985,12,25,801,216],"class_list":{"0":"post-519045","1":"post","2":"type-post","3":"status-publish","4":"format-standard","5":"has-post-thumbnail","7":"category-grenoble","8":"tag-actu","9":"tag-actualites","10":"tag-auvergne-rhone-alpes","11":"tag-conflit-social","12":"tag-economie","13":"tag-edition-grenoble-agglomeration","14":"tag-edition-gresivaudan-oisans","15":"tag-emploi","16":"tag-eu","17":"tag-europe","18":"tag-fr","19":"tag-france","20":"tag-grenoble","21":"tag-grenoble-bassin","22":"tag-industrie","23":"tag-isere","24":"tag-jarrie","25":"tag-lagglomeration","26":"tag-le-pont-de-claix","27":"tag-metropole-de-grenoble","28":"tag-news","29":"tag-republique-francaise","30":"tag-social","31":"tag-vie-des-entreprises"},"share_on_mastodon":{"url":"https:\/\/pubeurope.com\/@fr\/115510381857457666","error":""},"_links":{"self":[{"href":"https:\/\/www.europesays.com\/fr\/wp-json\/wp\/v2\/posts\/519045","targetHints":{"allow":["GET"]}}],"collection":[{"href":"https:\/\/www.europesays.com\/fr\/wp-json\/wp\/v2\/posts"}],"about":[{"href":"https:\/\/www.europesays.com\/fr\/wp-json\/wp\/v2\/types\/post"}],"author":[{"embeddable":true,"href":"https:\/\/www.europesays.com\/fr\/wp-json\/wp\/v2\/users\/2"}],"replies":[{"embeddable":true,"href":"https:\/\/www.europesays.com\/fr\/wp-json\/wp\/v2\/comments?post=519045"}],"version-history":[{"count":0,"href":"https:\/\/www.europesays.com\/fr\/wp-json\/wp\/v2\/posts\/519045\/revisions"}],"wp:featuredmedia":[{"embeddable":true,"href":"https:\/\/www.europesays.com\/fr\/wp-json\/wp\/v2\/media\/519046"}],"wp:attachment":[{"href":"https:\/\/www.europesays.com\/fr\/wp-json\/wp\/v2\/media?parent=519045"}],"wp:term":[{"taxonomy":"category","embeddable":true,"href":"https:\/\/www.europesays.com\/fr\/wp-json\/wp\/v2\/categories?post=519045"},{"taxonomy":"post_tag","embeddable":true,"href":"https:\/\/www.europesays.com\/fr\/wp-json\/wp\/v2\/tags?post=519045"}],"curies":[{"name":"wp","href":"https:\/\/api.w.org\/{rel}","templated":true}]}}