{"id":519047,"date":"2025-11-07T20:48:18","date_gmt":"2025-11-07T20:48:18","guid":{"rendered":"https:\/\/www.europesays.com\/fr\/519047\/"},"modified":"2025-11-07T20:48:18","modified_gmt":"2025-11-07T20:48:18","slug":"en-direct-football-ligue-2-rodez-revient-sur-les-talons-du-gf38-suivez-le-match-en-direct","status":"publish","type":"post","link":"https:\/\/www.europesays.com\/fr\/519047\/","title":{"rendered":"En direct Football &#8211; Ligue 2. Rodez revient sur les talons du GF38\u2026 suivez le match en direct"},"content":{"rendered":"<p>&#13;<br \/>\n                                                    En direct&#13;<br \/>\n                        &#13;\n                                            <\/p>\n<p>C\u2019est jour de Ligue 2 ce vendredi soir et la 14e journ\u00e9e de championnat donne rendez-vous au Stade des Alpes pour une affiche de deuxi\u00e8me partie de tableau entre le Grenoble Foot 38 (14e, 14 points) et le Rodez Aveyron Football (11e, 16 points). Apr\u00e8s le probant succ\u00e8s ramen\u00e9 d\u2019Amiens (3-2), les Is\u00e9rois vont tenter d\u2019encha\u00eener \u00e0 domicile, et ainsi d\u2019offrir un succ\u00e8s \u00e0 leurs supporters, sevr\u00e9s depuis d\u00e9but septembre. Coup d\u2019envoi \u00e0 20 heures.<\/p>\n<p>&#13;<br \/>\n              F.Co. &#8211; &#13;<br \/>\n        &#13;<br \/>\n          Aujourd&rsquo;hui \u00e0 21:24&#13;<br \/>\n    &#13;<br \/>\n                  | mis \u00e0 jour aujourd&rsquo;hui \u00e0 21:47&#13;<br \/>\n              &#8211; Temps de lecture : &#13;<br \/>\n  &#13;<\/p>\n","protected":false},"excerpt":{"rendered":"&#13; En direct&#13; &#13; C\u2019est jour de Ligue 2 ce vendredi soir et la 14e journ\u00e9e de championnat&hellip;\n","protected":false},"author":2,"featured_media":519048,"comment_status":"","ping_status":"","sticky":false,"template":"","format":"standard","meta":{"footnotes":""},"categories":[9566],"tags":[1111,11,2430,3545,112,113,114,1777,674,107,1701,63,1011,27,12637,2731,2732,108,12636,12,25,517],"class_list":{"0":"post-519047","1":"post","2":"type-post","3":"status-publish","4":"format-standard","5":"has-post-thumbnail","7":"category-grenoble","8":"tag-actu","9":"tag-actualites","10":"tag-auvergne-rhone-alpes","11":"tag-direct-sport","12":"tag-edition-grenoble-agglomeration","13":"tag-edition-gresivaudan-oisans","14":"tag-edition-voiron-saint-marcellin","15":"tag-eu","16":"tag-europe","17":"tag-fil-info","18":"tag-fil-info-sport","19":"tag-football","20":"tag-fr","21":"tag-france","22":"tag-gf38-grenoble-foot-38","23":"tag-grenoble","24":"tag-grenoble-bassin","25":"tag-isere","26":"tag-ligue-2-football","27":"tag-news","28":"tag-republique-francaise","29":"tag-sport"},"share_on_mastodon":{"url":"https:\/\/pubeurope.com\/@fr\/115510385402114466","error":""},"_links":{"self":[{"href":"https:\/\/www.europesays.com\/fr\/wp-json\/wp\/v2\/posts\/519047","targetHints":{"allow":["GET"]}}],"collection":[{"href":"https:\/\/www.europesays.com\/fr\/wp-json\/wp\/v2\/posts"}],"about":[{"href":"https:\/\/www.europesays.com\/fr\/wp-json\/wp\/v2\/types\/post"}],"author":[{"embeddable":true,"href":"https:\/\/www.europesays.com\/fr\/wp-json\/wp\/v2\/users\/2"}],"replies":[{"embeddable":true,"href":"https:\/\/www.europesays.com\/fr\/wp-json\/wp\/v2\/comments?post=519047"}],"version-history":[{"count":0,"href":"https:\/\/www.europesays.com\/fr\/wp-json\/wp\/v2\/posts\/519047\/revisions"}],"wp:featuredmedia":[{"embeddable":true,"href":"https:\/\/www.europesays.com\/fr\/wp-json\/wp\/v2\/media\/519048"}],"wp:attachment":[{"href":"https:\/\/www.europesays.com\/fr\/wp-json\/wp\/v2\/media?parent=519047"}],"wp:term":[{"taxonomy":"category","embeddable":true,"href":"https:\/\/www.europesays.com\/fr\/wp-json\/wp\/v2\/categories?post=519047"},{"taxonomy":"post_tag","embeddable":true,"href":"https:\/\/www.europesays.com\/fr\/wp-json\/wp\/v2\/tags?post=519047"}],"curies":[{"name":"wp","href":"https:\/\/api.w.org\/{rel}","templated":true}]}}