{"id":519051,"date":"2025-11-07T20:51:12","date_gmt":"2025-11-07T20:51:12","guid":{"rendered":"https:\/\/www.europesays.com\/fr\/519051\/"},"modified":"2025-11-07T20:51:12","modified_gmt":"2025-11-07T20:51:12","slug":"une-conference-a-strasbourg-pour-mieux-comprendre","status":"publish","type":"post","link":"https:\/\/www.europesays.com\/fr\/519051\/","title":{"rendered":"une conf\u00e9rence \u00e0 Strasbourg pour mieux comprendre"},"content":{"rendered":"<p>En France, 2\u00a0400 cas de cancers chez les jeunes \u00e2g\u00e9s de 15 \u00e0 25 sont diagnostiqu\u00e9s par an. De r\u00e9centes \u00e9tudes \u00e9pid\u00e9miologiques sugg\u00e8rent une augmentation de l\u2019incidence de certaines pathologies. Pour faire le point sur ces \u00e9volutions et les enjeux sp\u00e9cifiques de la prise en charge, Alsace contre le Cancer, la Soci\u00e9t\u00e9 de Biologie de Strasbourg et le Canc\u00e9rop\u00f4le Est invitent le public \u00e0 une conf\u00e9rence intitul\u00e9e \u00ab\u00a0Le cancer des adolescents et des jeunes adultes, quelles r\u00e9alit\u00e9s\u00a0?\u00a0\u00bb. Elle se tiendra mardi 18\u00a0novembre \u00e0 la Manufacture des Tabacs \u00e0 Strasbourg.<\/p>\n<p>Le Dr Emmanuel Desandes, \u00e9pid\u00e9miologiste \u00e0 l\u2019Universit\u00e9 de Lorraine, pr\u00e9sentera les derni\u00e8res tendances observ\u00e9es. Le Pr Luc Fornecker, chef du service d\u2019h\u00e9matologie \u00e0 l\u2019Icans, \u00e9voquera le parcours de soins d\u2019un jeune adulte atteint d\u2019un lymphome de Hodgkin. Enfin, le Pr Natacha Entz-Werl\u00e9, oncologue p\u00e9diatre aux H\u00f4pitaux universitaires de Strasbourg, abordera les besoins sp\u00e9cifiques de ces patients.<\/p>\n<p>La rencontre se conclura par une table ronde r\u00e9unissant notamment des patients qui partageront leurs exp\u00e9riences.<\/p>\n<p class=\"note\">Mardi 18\u00a0novembre de 17\u00a0h\u00a045 \u00e0 19\u00a0h\u00a030, \u00e0 la Manufacture des Tabacs, 7 rue de la Krutenau \u00e0 Strasbourg. Entr\u00e9e libre, dans la limite des places disponibles<\/p>\n","protected":false},"excerpt":{"rendered":"En France, 2\u00a0400 cas de cancers chez les jeunes \u00e2g\u00e9s de 15 \u00e0 25 sont diagnostiqu\u00e9s par an.&hellip;\n","protected":false},"author":2,"featured_media":519052,"comment_status":"","ping_status":"","sticky":false,"template":"","format":"standard","meta":{"footnotes":""},"categories":[2820],"tags":[1111,11,2389,2649,2880,1777,674,107,1011,27,775,12,25,71,640,2879],"class_list":{"0":"post-519051","1":"post","2":"type-post","3":"status-publish","4":"format-standard","5":"has-post-thumbnail","7":"category-strasbourg","8":"tag-actu","9":"tag-actualites","10":"tag-alsace","11":"tag-bas-rhin","12":"tag-edition-strasbourg","13":"tag-eu","14":"tag-europe","15":"tag-fil-info","16":"tag-fr","17":"tag-france","18":"tag-grand-est","19":"tag-news","20":"tag-republique-francaise","21":"tag-sante","22":"tag-strasbourg","23":"tag-strasbourg-ville"},"share_on_mastodon":{"url":"https:\/\/pubeurope.com\/@fr\/115510397323805995","error":""},"_links":{"self":[{"href":"https:\/\/www.europesays.com\/fr\/wp-json\/wp\/v2\/posts\/519051","targetHints":{"allow":["GET"]}}],"collection":[{"href":"https:\/\/www.europesays.com\/fr\/wp-json\/wp\/v2\/posts"}],"about":[{"href":"https:\/\/www.europesays.com\/fr\/wp-json\/wp\/v2\/types\/post"}],"author":[{"embeddable":true,"href":"https:\/\/www.europesays.com\/fr\/wp-json\/wp\/v2\/users\/2"}],"replies":[{"embeddable":true,"href":"https:\/\/www.europesays.com\/fr\/wp-json\/wp\/v2\/comments?post=519051"}],"version-history":[{"count":0,"href":"https:\/\/www.europesays.com\/fr\/wp-json\/wp\/v2\/posts\/519051\/revisions"}],"wp:featuredmedia":[{"embeddable":true,"href":"https:\/\/www.europesays.com\/fr\/wp-json\/wp\/v2\/media\/519052"}],"wp:attachment":[{"href":"https:\/\/www.europesays.com\/fr\/wp-json\/wp\/v2\/media?parent=519051"}],"wp:term":[{"taxonomy":"category","embeddable":true,"href":"https:\/\/www.europesays.com\/fr\/wp-json\/wp\/v2\/categories?post=519051"},{"taxonomy":"post_tag","embeddable":true,"href":"https:\/\/www.europesays.com\/fr\/wp-json\/wp\/v2\/tags?post=519051"}],"curies":[{"name":"wp","href":"https:\/\/api.w.org\/{rel}","templated":true}]}}