{"id":519053,"date":"2025-11-07T20:52:15","date_gmt":"2025-11-07T20:52:15","guid":{"rendered":"https:\/\/www.europesays.com\/fr\/519053\/"},"modified":"2025-11-07T20:52:15","modified_gmt":"2025-11-07T20:52:15","slug":"ligue-conference-le-racing-club-de-strasbourg-dans-le-rythme-pour-filer-directement-en-huitiemes","status":"publish","type":"post","link":"https:\/\/www.europesays.com\/fr\/519053\/","title":{"rendered":"Ligue Conf\u00e9rence. Le Racing Club de Strasbourg dans le rythme pour filer directement en huiti\u00e8mes"},"content":{"rendered":"<p>Strasbourg \u00e9tait dans le brouillard. C\u2019est pour cette raison que l\u2019avion des Alsaciens n\u2019a pas pu d\u00e9coller jeudi soir de G\u00f6teborg comme pr\u00e9vu.<\/p>\n<p>Le <a href=\"https:\/\/www.dna.fr\/sport\/rcsa-racing-club-strasbourg\" target=\"_blank\" rel=\"noopener\">Racing<\/a> , lui, y voit d\u00e9j\u00e0 plus clair apr\u00e8s ses trois premi\u00e8res rencontres en <a href=\"https:\/\/www.dna.fr\/sport\/ligue-conference\" target=\"_blank\" rel=\"noopener\">Ligue Conf\u00e9rence<\/a>. Certes, il n\u2019a pas fait un carton plein \u2013 \u00e0 l\u2019inverse de Samsunspor, Celje et Mayence \u2013, mais en s\u2019imposant deux fois loin de ses bases, il a en quelque sorte pav\u00e9 son chemin vers le top\u00a08 qu\u2019il occupe actuellement avec une r\u00e9confortante 7e\u00a0 place.<\/p>\n<p>\u00c0 quatre points des huiti\u00e8mes\u00a0?<\/p>\n<p>S\u2019ils parviennent \u00e0 y rester d\u2019ici la fin de l\u2019ann\u00e9e, les partenaires d\u2019Emmanuel Emegha, enfin de retour au jeu, seront directement qualifi\u00e9s pour les&#8230;<\/p>\n","protected":false},"excerpt":{"rendered":"Strasbourg \u00e9tait dans le brouillard. C\u2019est pour cette raison que l\u2019avion des Alsaciens n\u2019a pas pu d\u00e9coller jeudi&hellip;\n","protected":false},"author":2,"featured_media":519054,"comment_status":"","ping_status":"","sticky":false,"template":"","format":"standard","meta":{"footnotes":""},"categories":[2820],"tags":[1111,11,2880,1777,674,107,63,1011,27,775,12,41281,25,517,640,2879],"class_list":{"0":"post-519053","1":"post","2":"type-post","3":"status-publish","4":"format-standard","5":"has-post-thumbnail","7":"category-strasbourg","8":"tag-actu","9":"tag-actualites","10":"tag-edition-strasbourg","11":"tag-eu","12":"tag-europe","13":"tag-fil-info","14":"tag-football","15":"tag-fr","16":"tag-france","17":"tag-grand-est","18":"tag-news","19":"tag-racing-club-strasbourg-masculin","20":"tag-republique-francaise","21":"tag-sport","22":"tag-strasbourg","23":"tag-strasbourg-ville"},"share_on_mastodon":{"url":"https:\/\/pubeurope.com\/@fr\/115510401047038271","error":""},"_links":{"self":[{"href":"https:\/\/www.europesays.com\/fr\/wp-json\/wp\/v2\/posts\/519053","targetHints":{"allow":["GET"]}}],"collection":[{"href":"https:\/\/www.europesays.com\/fr\/wp-json\/wp\/v2\/posts"}],"about":[{"href":"https:\/\/www.europesays.com\/fr\/wp-json\/wp\/v2\/types\/post"}],"author":[{"embeddable":true,"href":"https:\/\/www.europesays.com\/fr\/wp-json\/wp\/v2\/users\/2"}],"replies":[{"embeddable":true,"href":"https:\/\/www.europesays.com\/fr\/wp-json\/wp\/v2\/comments?post=519053"}],"version-history":[{"count":0,"href":"https:\/\/www.europesays.com\/fr\/wp-json\/wp\/v2\/posts\/519053\/revisions"}],"wp:featuredmedia":[{"embeddable":true,"href":"https:\/\/www.europesays.com\/fr\/wp-json\/wp\/v2\/media\/519054"}],"wp:attachment":[{"href":"https:\/\/www.europesays.com\/fr\/wp-json\/wp\/v2\/media?parent=519053"}],"wp:term":[{"taxonomy":"category","embeddable":true,"href":"https:\/\/www.europesays.com\/fr\/wp-json\/wp\/v2\/categories?post=519053"},{"taxonomy":"post_tag","embeddable":true,"href":"https:\/\/www.europesays.com\/fr\/wp-json\/wp\/v2\/tags?post=519053"}],"curies":[{"name":"wp","href":"https:\/\/api.w.org\/{rel}","templated":true}]}}