{"id":519059,"date":"2025-11-07T20:55:19","date_gmt":"2025-11-07T20:55:19","guid":{"rendered":"https:\/\/www.europesays.com\/fr\/519059\/"},"modified":"2025-11-07T20:55:19","modified_gmt":"2025-11-07T20:55:19","slug":"au-proces-du-meurtre-au-sillon-de-bretagne-pres-de-nantes-16-ans-de-reclusion-criminelle-requis","status":"publish","type":"post","link":"https:\/\/www.europesays.com\/fr\/519059\/","title":{"rendered":"Au proc\u00e8s du meurtre au Sillon de Bretagne pr\u00e8s de Nantes, 16\u00a0ans de r\u00e9clusion criminelle requis"},"content":{"rendered":"<p><strong>\u00ab\u00a0Nous voulons le coupable, pas un coupable.\u00a0\u00bb<\/strong> Ces mots d\u2019Olivier Renard, l\u2019un des deux avocats de la partie civile, ne sont pas lanc\u00e9s au hasard. Depuis son placement en garde \u00e0 vue il y a plus de quatre ans, tout le long des d\u00e9bats d\u2019un proc\u00e8s de quatre jours d\u00e9marr\u00e9 mardi 4\u00a0novembre devant la cour d\u2019assises de Loire-Atlantique, <a href=\"https:\/\/nantes.maville.com\/actu\/actudet_-meurtre-au-sillon-de-bretagne-a-saint-herblain-j-ignore-qui-l-a-tue-et-je-le-prouverai-_52716-7049926_actu.Htm\" target=\"_self\" rel=\"noopener\">Sofiene El Abed se d\u00e9fend d\u2019avoir eu entre les mains un couteau<\/a> et d\u2019avoir \u00e9t\u00e9 la personne ayant poignard\u00e9 Hamza Benabdallah. Il reconna\u00eet avoir frapp\u00e9 la victime, lors d\u2019une seconde bagarre, pr\u00e8s de vingt minutes apr\u00e8s une premi\u00e8re s\u00e9rie de coups entre d\u2019autres protagonistes.<\/p>\n<p>\u00ab\u00a0On essaye d\u2019\u00eatre prudents\u2026\u00a0\u00bb<\/p>\n<p>Le jeune homme de 27\u00a0ans est <a href=\"https:\/\/nantes.maville.com\/actu\/actudet_-meurtre-au-pied-de-l-immeuble-du-sillon-de-bretagne-pres-de-nantes-un-accuse-de-25-ans-aux-assises-_52716-7049217_actu.Htm\" target=\"_self\" rel=\"noopener\">mort entre le parking et le cabinet m\u00e9dical du Sillon de Bretagne, le soir du 28\u00a0mai 2021<\/a>, aux abords de ce vaste ensemble immobilier de la ville de Saint-Herblain. Au regard d\u2019une s\u00e9rie d\u2019\u00e9l\u00e9ments qu\u2019elle estime concordants et probants, Sophie Husson, l\u2019avocate g\u00e9n\u00e9rale, a requis seize ans de r\u00e9clusion criminelle \u00e0 l\u2019encontre de l\u2019accus\u00e9 de 25\u00a0ans. <strong>\u00ab\u00a0On essaye d\u2019\u00eatre prudents et attentifs aux \u00e9l\u00e9ments d\u2019un dossier, a fortiori quand quelqu\u2019un clame son innocence\u00a0\u00bb,<\/strong> a-t-elle soulign\u00e9.<\/p>\n<p>Appuyant notamment sur <a href=\"https:\/\/nantes.maville.com\/actu\/actudet_-au-proces-du-meurtre-au-sillon-de-bretagne-entre-rumeurs-et-omerta-des-coups-de-couteau-que-personne-n-a-jamais-vus-_52716-7052789_actu.Htm\" target=\"_self\" rel=\"noopener\">les rumeurs ayant circul\u00e9<\/a>, des extraits vid\u00e9os qui ne d\u00e9montrent pas de la pr\u00e9sence d\u2019une lame et \u00e0 ses yeux d\u2019incoh\u00e9rences, la d\u00e9fense, soutenue par Lo\u00efc Cabioch, a plaid\u00e9 <a href=\"https:\/\/nantes.maville.com\/actu\/actudet_-pres-de-nantes.-meurtre-au-sillon-de-bretagne-un-jeune-homme-ecroue-_8-4665140_actu.Htm\" target=\"_self\" rel=\"noopener\">l\u2019acquittement de son client pour meurtre<\/a>.<\/p>\n<p>\u00a0<\/p>\n","protected":false},"excerpt":{"rendered":"\u00ab\u00a0Nous voulons le coupable, pas un coupable.\u00a0\u00bb Ces mots d\u2019Olivier Renard, l\u2019un des deux avocats de la partie&hellip;\n","protected":false},"author":2,"featured_media":519060,"comment_status":"","ping_status":"","sticky":false,"template":"","format":"standard","meta":{"footnotes":""},"categories":[2818],"tags":[11707,1111,11,1438,1764,829,6696,1777,674,1011,27,777,766,12,2636,3762,2694,15128,25,13985,11646],"class_list":{"0":"post-519059","1":"post","2":"type-post","3":"status-publish","4":"format-standard","5":"has-post-thumbnail","7":"category-nantes","8":"tag-11707","9":"tag-actu","10":"tag-actualites","11":"tag-angers","12":"tag-ans","13":"tag-bretagne","14":"tag-criminelle","15":"tag-eu","16":"tag-europe","17":"tag-fr","18":"tag-france","19":"tag-meurtre","20":"tag-nantes","21":"tag-news","22":"tag-pays-de-la-loire","23":"tag-pres","24":"tag-proces","25":"tag-reclusion","26":"tag-republique-francaise","27":"tag-requis","28":"tag-sillon"},"share_on_mastodon":{"url":"https:\/\/pubeurope.com\/@fr\/115510412804189029","error":""},"_links":{"self":[{"href":"https:\/\/www.europesays.com\/fr\/wp-json\/wp\/v2\/posts\/519059","targetHints":{"allow":["GET"]}}],"collection":[{"href":"https:\/\/www.europesays.com\/fr\/wp-json\/wp\/v2\/posts"}],"about":[{"href":"https:\/\/www.europesays.com\/fr\/wp-json\/wp\/v2\/types\/post"}],"author":[{"embeddable":true,"href":"https:\/\/www.europesays.com\/fr\/wp-json\/wp\/v2\/users\/2"}],"replies":[{"embeddable":true,"href":"https:\/\/www.europesays.com\/fr\/wp-json\/wp\/v2\/comments?post=519059"}],"version-history":[{"count":0,"href":"https:\/\/www.europesays.com\/fr\/wp-json\/wp\/v2\/posts\/519059\/revisions"}],"wp:featuredmedia":[{"embeddable":true,"href":"https:\/\/www.europesays.com\/fr\/wp-json\/wp\/v2\/media\/519060"}],"wp:attachment":[{"href":"https:\/\/www.europesays.com\/fr\/wp-json\/wp\/v2\/media?parent=519059"}],"wp:term":[{"taxonomy":"category","embeddable":true,"href":"https:\/\/www.europesays.com\/fr\/wp-json\/wp\/v2\/categories?post=519059"},{"taxonomy":"post_tag","embeddable":true,"href":"https:\/\/www.europesays.com\/fr\/wp-json\/wp\/v2\/tags?post=519059"}],"curies":[{"name":"wp","href":"https:\/\/api.w.org\/{rel}","templated":true}]}}