{"id":519067,"date":"2025-11-07T20:59:15","date_gmt":"2025-11-07T20:59:15","guid":{"rendered":"https:\/\/www.europesays.com\/fr\/519067\/"},"modified":"2025-11-07T20:59:15","modified_gmt":"2025-11-07T20:59:15","slug":"de-profundis-orchestre-national-du-capitole","status":"publish","type":"post","link":"https:\/\/www.europesays.com\/fr\/519067\/","title":{"rendered":"De profundis &#8211; Orchestre national du Capitole"},"content":{"rendered":"<p>\tDe profundis &#8211; Orchestre national du Capitole<\/p>\n<p>    &#13;<br \/>\n&#13;<br \/>\n&#13;<br \/>\n&#13;<\/p>\n<p id=\"browsehappy\" role=\"alert\">Vous utilisez <strong>un navigateur obsol\u00e8te<\/strong>. Merci de <a href=\"http:\/\/browsehappy.com\/\" target=\"_blank\" rel=\"noreferrer noopener nofollow\"><strong>mettre \u00e0 jour votre navigateur<\/strong><\/a> pour profiter pleinement du site.<\/p>\n<p><strong>Voil\u00e0 une dizaine d\u2019ann\u00e9es que l\u2019Orchestre national du Capitole invite r\u00e9guli\u00e8rement la mezzo-soprano occitane Maria Crebassa, avec qui il a enregistr\u00e9 un album espagnol intitul\u00e9 S\u00e9guedilles. Changement radical de registre pour cette nouvelle rencontre autour des Kindertotenlieder (Chants des enfants morts) de Mahler, compos\u00e9s sur des po\u00e8mes de R\u00fcckert en deuil d\u2019un fils et une fille. La chanteuse aborde ce cycle poignant enrichie de son exp\u00e9rience de musicienne autant que celle de la maternit\u00e9.<\/strong><\/p>\n<p><img fetchpriority=\"high\" decoding=\"async\" width=\"1280\" height=\"854\" src=\"https:\/\/www.europesays.com\/fr\/wp-content\/uploads\/2025\/11\/T.-Sokhiev-M.-Crebassa-credit-Patrice-Nin-1280x854.jpg\" alt=\"\" class=\"wp-image-18949 size-full\" style=\"object-position:24% 47%\"  \/><\/p>\n<p style=\"font-size:25px;font-style:normal;font-weight:700;text-transform:uppercase\">Entretien avec Marianne crebassa<\/p>\n<p><strong>Votre premi\u00e8re interpr\u00e9tation des Kindertotenlieder date de 2024 : souhaitiez-vous atteindre une certaine maturit\u00e9 pour vous lancer dans cette \u0153uvre ?<\/strong><\/p>\n<p>En effet, j\u2019ai un peu attendu. Je me suis toujours dit qu\u2019il fallait avoir v\u00e9cu, vocalement et personnellement, pour aborder au mieux l\u2019\u0153uvre de Mahler, un de mes compositeurs pr\u00e9f\u00e9r\u00e9s. J\u2019avais vraiment envie de me sentir au meilleur de ma forme et de mes capacit\u00e9s. Il faut aussi une certaine forme de maturit\u00e9 vocale, en raison de la projection n\u00e9cessaire, et aussi car il s\u2019agit plut\u00f4t d\u2019une tessiture de contralto. Mieux vaut aussi avoir d\u00e9j\u00e0 exp\u00e9riment\u00e9 la sc\u00e8ne, car il n\u2019est pas facile de garder une \u00e9motion sans pour autant tomber dans le pathos. J\u2019ai chant\u00e9 les Kindertotenlieder pour la premi\u00e8re fois au Festival Radio France Montpellier. Il y avait quelque chose de tr\u00e8s r\u00e9confortant \u00e0 aborder cette \u0153uvre dans ce cadre, car j\u2019ai des liens d\u2019amiti\u00e9 forts au sein de ce festival, et il a lieu juste \u00e0 c\u00f4t\u00e9 de chez moi !<\/p>\n<p><strong>Avec l\u2019Orchestre du Capitole, vous \u00eates aussi un peu chez vous !<\/strong><\/p>\n<p class=\"is-style-nomargin\">Oui, nous nous connaissons bien ! C\u2019est avec cet Orchestre que j\u2019ai chant\u00e9 ma premi\u00e8re Sh\u00e9h\u00e9razade de Ravel : je n\u2019oublierai jamais ce concert \u00e0 la Halle aux grains. Et quel luxe d\u2019enregistrer avec de tels musiciens ! Lorsque l\u2019on grave un disque, on sent tout de suite si l\u2019ensemble est \u00e0 l\u2019\u00e9coute, s\u2019il a envie, s\u2019il est heureux\u2026 Pas de doute possible en la mati\u00e8re avec le Capitole !<\/p>\n<p><strong>Parmi ces cinq Lieder, y en a-t-il un qui vous touche plus que les autres ?<\/strong><\/p>\n<p>Tout d\u00e9pend de quand je les chante ! Il est tr\u00e8s difficile d\u2019en choisir un en particulier. Peut-\u00eatre irai-je plus naturellement vers le premier, pour son c\u00f4t\u00e9 extr\u00eamement honn\u00eate dans l\u2019\u00e9motion, qui est celle de la simplicit\u00e9. Je trouve son \u00e9criture vocale particuli\u00e8rement agr\u00e9able, et il donne le ton au reste. C\u2019est une \u0153uvre au sujet profond et d\u00e9licat, dans laquelle on \u00e9volue. Chaque po\u00e8me est diff\u00e9rent, il faut essayer de se renouveler dans la fa\u00e7on de traduire l\u2019\u00e9motion et de raconter l\u2019histoire. Cela implique parfois de savoir lire entre les lignes.<\/p>\n<p><strong>Avez-vous un mod\u00e8le parmi les interpr\u00e8tes des Kindertotenlieder ?<\/strong><\/p>\n<p>Kathleen Ferrier ! Quand on est mezzo et qu\u2019on chante ce r\u00e9pertoire l\u00e0, on ne peut pas passer \u00e0 c\u00f4t\u00e9 d\u2019elle : tout est exceptionnel dans ce qu\u2019elle propose. Sa courte vie laisse un h\u00e9ritage pour les chanteurs et les interpr\u00e8tes en g\u00e9n\u00e9ral. Comme Dame Janet Baker, elle parvient \u00e0 rendre compr\u00e9hensibles les textes les plus fins, sans chichis, simplement gr\u00e2ce \u00e0 son timbre et sa diction. Le talent d\u2019atteindre cette \u00e9motion juste, universelle, repr\u00e9sente un Graal pour moi.<\/p>\n<p><strong>Vous avez r\u00e9cemment chant\u00e9 le r\u00f4le principal de Picture a Day Like This, un op\u00e9ra de George Benjamin qui met en sc\u00e8ne une m\u00e8re qui a perdu son enfant.<\/strong><\/p>\n<p class=\"is-style-nomargin\">Quand j\u2019ai accept\u00e9 ce projet, beaucoup d\u2019\u00e9l\u00e9ments \u00e9taient tenus au secret. George Benjamin m\u2019avait simplement parl\u00e9 d\u2019une femme partant dans une qu\u00eate apr\u00e8s avoir v\u00e9cu quelque chose de traumatique. Et puis, je suis tomb\u00e9e enceinte\u2026 Au lieu de renoncer \u00e0 ce r\u00f4le, je me suis dit que devenir m\u00e8re avant de le donner sur sc\u00e8ne \u00e9tait une chance, car cela allait m\u2019aider \u00e0 imaginer cette douleur. Ma fa\u00e7on de chanter y a trouv\u00e9 une dimension suppl\u00e9mentaire, et cela a certainement nourri mon interpr\u00e9tation des Kindertotenlieder que j\u2019ai donn\u00e9s pour la premi\u00e8re fois juste apr\u00e8s cet op\u00e9ra.<\/p>\n<p><img loading=\"lazy\" decoding=\"async\" width=\"742\" height=\"534\" src=\"https:\/\/www.europesays.com\/fr\/wp-content\/uploads\/2025\/11\/Crebassa_picture-a-day-like-this.jpg\" alt=\"\" class=\"wp-image-18945 size-full\" style=\"object-position:50% 50%\"  \/><\/p>\n<p><strong>Les trois \u0153uvres au programme de ce concert \u00e9voquent de grands drames : changement climatique, deuil, conflits. Pensez-vous que la musique aide \u00e0 se pr\u00e9parer aux pires \u00e9preuves ?<\/strong><\/p>\n<p>Non pas s\u2019y pr\u00e9parer : les traverser. J\u2019ai chant\u00e9 le \u00ab Duo des fleurs \u00bb de Lakm\u00e9 avec Sabine Devieilhe sur une vid\u00e9o vue des millions de fois sur YouTube, d\u00e9passant ainsi les fronti\u00e8res du milieu classique. Depuis, de nombreuses personnes m\u2019\u00e9crivent pour m\u2019expliquer qu\u2019\u00e9couter cet enregistrement les a aid\u00e9es \u00e0 traverser la perte d\u2019un proche, ou \u00e0 d\u00e9passer des addictions. La musique a un r\u00f4le de gu\u00e9risseur, elle nous accompagne \u00e0 travers la douleur et peut v\u00e9ritablement changer des vies.<\/p>\n<p class=\"has-text-align-right has-small-font-size\"><strong>Propos recueillis par Mathilde Serraille<\/strong><\/p>\n<p>                                                        <img decoding=\"async\" class=\"pure-img\" src=\"https:\/\/www.europesays.com\/fr\/wp-content\/uploads\/2025\/11\/714171bcb612443195240b09daa473d4.base.image.jpg\" alt=\"\"\/><\/p>\n<p>                        Concert<\/p>\n<p>\n                            Roberto For\u00e9s Veses \/ Marianne Crebassa<\/p>\n<p>                                                                        11 d\u00e9cembre 2025<br \/>\n                                         \u2013<br \/>\n                                        20H<\/p>\n<p class=\"gutenberg-featuredevent__description\" itemprop=\"description\">\n                            La cr\u00e9ation fran\u00e7aise Mosa\u00efcs de la Finlandaise Outi Tarkiainen \u00e9mane d\u2019un projet collaboratif inspir\u00e9 par le changement climatique, ouverture tr\u00e8s actuelle avant l\u2019\u00e9coute de chefs-d\u2019\u0153uvre ayant fleuri sur d\u2019intenses trag\u00e9dies. Les Kindertotenlieder ont \u00e9t\u00e9 compos\u00e9s par Mahler sur des po\u00e8mes de R\u00fcckert inspir\u00e9s par la mort de deux de ses\u2026                        <\/p>\n<p class=\"gutenberg-featuredevent__cta\">\n                                                                    <a class=\"btn\" href=\"https:\/\/onct.toulouse.fr\/roberto-fores-veses-marianne-crebassa\/\" rel=\"nofollow noopener\" target=\"_blank\">En savoir +<\/a>\n                                                            <\/p>\n<p class=\"is-style-nomargin has-small-font-size\">Cr\u00e9dits photos : <\/p>\n<ol class=\"wp-block-list\">\n<li class=\"has-small-font-size\">Marianne Crebassa et Tugan Sookhiev, Halle aux grains, 2019 \u00a9 Patrice Nin<\/li>\n<li class=\"has-small-font-size\">Marianne Crebassa (Woman) dans Picture a Day Like This de George Benjamin. Festival d\u2019Aix-en-Provence, 2023 \u00a9 Jean-Louis Fernandez<\/li>\n<\/ol>\n<p>        &#13;<br \/>\n&#13;<\/p>\n","protected":false},"excerpt":{"rendered":"De profundis &#8211; Orchestre national du Capitole &#13; &#13; &#13; &#13; Vous utilisez un navigateur obsol\u00e8te. Merci de&hellip;\n","protected":false},"author":2,"featured_media":519068,"comment_status":"","ping_status":"","sticky":false,"template":"","format":"standard","meta":{"footnotes":""},"categories":[2816],"tags":[1111,11,1777,674,1011,27,12,2680,25,2312],"class_list":{"0":"post-519067","1":"post","2":"type-post","3":"status-publish","4":"format-standard","5":"has-post-thumbnail","7":"category-toulouse","8":"tag-actu","9":"tag-actualites","10":"tag-eu","11":"tag-europe","12":"tag-fr","13":"tag-france","14":"tag-news","15":"tag-occitanie","16":"tag-republique-francaise","17":"tag-toulouse"},"share_on_mastodon":{"url":"https:\/\/pubeurope.com\/@fr\/115510429543492935","error":""},"_links":{"self":[{"href":"https:\/\/www.europesays.com\/fr\/wp-json\/wp\/v2\/posts\/519067","targetHints":{"allow":["GET"]}}],"collection":[{"href":"https:\/\/www.europesays.com\/fr\/wp-json\/wp\/v2\/posts"}],"about":[{"href":"https:\/\/www.europesays.com\/fr\/wp-json\/wp\/v2\/types\/post"}],"author":[{"embeddable":true,"href":"https:\/\/www.europesays.com\/fr\/wp-json\/wp\/v2\/users\/2"}],"replies":[{"embeddable":true,"href":"https:\/\/www.europesays.com\/fr\/wp-json\/wp\/v2\/comments?post=519067"}],"version-history":[{"count":0,"href":"https:\/\/www.europesays.com\/fr\/wp-json\/wp\/v2\/posts\/519067\/revisions"}],"wp:featuredmedia":[{"embeddable":true,"href":"https:\/\/www.europesays.com\/fr\/wp-json\/wp\/v2\/media\/519068"}],"wp:attachment":[{"href":"https:\/\/www.europesays.com\/fr\/wp-json\/wp\/v2\/media?parent=519067"}],"wp:term":[{"taxonomy":"category","embeddable":true,"href":"https:\/\/www.europesays.com\/fr\/wp-json\/wp\/v2\/categories?post=519067"},{"taxonomy":"post_tag","embeddable":true,"href":"https:\/\/www.europesays.com\/fr\/wp-json\/wp\/v2\/tags?post=519067"}],"curies":[{"name":"wp","href":"https:\/\/api.w.org\/{rel}","templated":true}]}}