{"id":519069,"date":"2025-11-07T21:00:13","date_gmt":"2025-11-07T21:00:13","guid":{"rendered":"https:\/\/www.europesays.com\/fr\/519069\/"},"modified":"2025-11-07T21:00:13","modified_gmt":"2025-11-07T21:00:13","slug":"fc-lorient-toulouse-aux-couleurs-de-la-bretagne-et-de-loccitanie","status":"publish","type":"post","link":"https:\/\/www.europesays.com\/fr\/519069\/","title":{"rendered":"FC Lorient &#8211; Toulouse aux couleurs de la Bretagne et de l\u2019Occitanie"},"content":{"rendered":"<p>Apr\u00e8s avoir accueilli Brest, puis le Paris Saint-Germain, les Merlus poursuivent leur s\u00e9rie de matchs \u00e0 domicile, face aux joueurs de la Ville rose.<\/p>\n<p>La Bretagne et l\u2019Occitanie \u00e0 l\u2019honneur<\/p>\n<p>Pour l\u2019occasion, la fan zone ouvrira d\u00e8s 13\u00a0h. Le Fest-Deiz, d\u00e9j\u00e0 organis\u00e9 avec succ\u00e8s, l\u2019an pass\u00e9, face \u00e0 Bastia, reviendra avec les cercles celtiques de Lorient \u2014 Armor Argoat, Bugale et Brizeux \u2014 et le Bagad Sonerien An Oriant. La r\u00e9gion Occitanie sera repr\u00e9sent\u00e9e par le groupe de danse Le Poutou de Toulouse. Ensemble, ils proposeront des d\u00e9monstrations de musique et de danse pour c\u00e9l\u00e9brer les liens entre les deux cultures.<\/p>\n<p>Petite particularit\u00e9 de cette journ\u00e9e\u00a0: les billets vendus au grand public seront imprim\u00e9s en langue bretonne, tandis que ceux du parcage visiteurs, o\u00f9 une centaine de Toulousains sont attendus, le seront en occitan. Lors du protocole d\u2019entr\u00e9e, les enfants qui accompagneront les joueurs porteront des tenues traditionnelles bretonnes ou occitanes, clin d\u2019\u0153il symbolique \u00e0 cette rencontre entre deux r\u00e9gions fi\u00e8res de leur identit\u00e9.<\/p>\n<p>Le club esp\u00e8re un stade comble pour cette affiche. Quelques places restent disponibles, notamment en tribune B &amp; B H\u00f4tels \u00e0 partir de 17 \u20ac (9 \u20ac pour les \u00e9tudiants et les moins de 18 ans). Un pack deux matchs est \u00e9galement propos\u00e9 \u00e0 partir de 34 \u20ac, incluant la r\u00e9ception de Toulouse et celle de Lyon le 7 d\u00e9cembre, pour cl\u00f4turer l\u2019ann\u00e9e 2025 au Moustoir.<\/p>\n","protected":false},"excerpt":{"rendered":"Apr\u00e8s avoir accueilli Brest, puis le Paris Saint-Germain, les Merlus poursuivent leur s\u00e9rie de matchs \u00e0 domicile, face&hellip;\n","protected":false},"author":2,"featured_media":519070,"comment_status":"","ping_status":"","sticky":false,"template":"","format":"standard","meta":{"footnotes":""},"categories":[2816],"tags":[1111,11,1777,674,3317,63,1011,27,1781,12,2680,25,60,2312],"class_list":{"0":"post-519069","1":"post","2":"type-post","3":"status-publish","4":"format-standard","5":"has-post-thumbnail","7":"category-toulouse","8":"tag-actu","9":"tag-actualites","10":"tag-eu","11":"tag-europe","12":"tag-fc-lorient","13":"tag-football","14":"tag-fr","15":"tag-france","16":"tag-lorient","17":"tag-news","18":"tag-occitanie","19":"tag-republique-francaise","20":"tag-sports","21":"tag-toulouse"},"share_on_mastodon":{"url":"https:\/\/pubeurope.com\/@fr\/115510432729442038","error":""},"_links":{"self":[{"href":"https:\/\/www.europesays.com\/fr\/wp-json\/wp\/v2\/posts\/519069","targetHints":{"allow":["GET"]}}],"collection":[{"href":"https:\/\/www.europesays.com\/fr\/wp-json\/wp\/v2\/posts"}],"about":[{"href":"https:\/\/www.europesays.com\/fr\/wp-json\/wp\/v2\/types\/post"}],"author":[{"embeddable":true,"href":"https:\/\/www.europesays.com\/fr\/wp-json\/wp\/v2\/users\/2"}],"replies":[{"embeddable":true,"href":"https:\/\/www.europesays.com\/fr\/wp-json\/wp\/v2\/comments?post=519069"}],"version-history":[{"count":0,"href":"https:\/\/www.europesays.com\/fr\/wp-json\/wp\/v2\/posts\/519069\/revisions"}],"wp:featuredmedia":[{"embeddable":true,"href":"https:\/\/www.europesays.com\/fr\/wp-json\/wp\/v2\/media\/519070"}],"wp:attachment":[{"href":"https:\/\/www.europesays.com\/fr\/wp-json\/wp\/v2\/media?parent=519069"}],"wp:term":[{"taxonomy":"category","embeddable":true,"href":"https:\/\/www.europesays.com\/fr\/wp-json\/wp\/v2\/categories?post=519069"},{"taxonomy":"post_tag","embeddable":true,"href":"https:\/\/www.europesays.com\/fr\/wp-json\/wp\/v2\/tags?post=519069"}],"curies":[{"name":"wp","href":"https:\/\/api.w.org\/{rel}","templated":true}]}}