{"id":519075,"date":"2025-11-07T21:03:10","date_gmt":"2025-11-07T21:03:10","guid":{"rendered":"https:\/\/www.europesays.com\/fr\/519075\/"},"modified":"2025-11-07T21:03:10","modified_gmt":"2025-11-07T21:03:10","slug":"la-provence-lance-le-mois-de-lengagement-des-le-20-novembre","status":"publish","type":"post","link":"https:\/\/www.europesays.com\/fr\/519075\/","title":{"rendered":"\u00ab\u00a0La Provence\u00a0\u00bb lance le mois de l&rsquo;engagement d\u00e8s le 20 novembre"},"content":{"rendered":"<p>Dans une soci\u00e9t\u00e9 que l&rsquo;on dit fractur\u00e9e, addict aux r\u00e9seaux sociaux, aux positions de plus en plus radicales, que signifie l&rsquo;acte d&rsquo;engagement aujourd&rsquo;hui, qu&rsquo;il soit individuel ou collectif ? Comment embarquer une jeunesse d\u00e9boussol\u00e9e dans le vivre ensemble ?<\/p>\n<p>La Provence\u00a0va r\u00e9unir en cette fin d&rsquo;ann\u00e9e\u00a02025 un grand nombre d&rsquo;acteurs qui portent des valeurs et m\u00e8nent des combats au quotidien, pour \u00e9changer sur tous les types d&rsquo;engagements, au profit de son voisin comme de la plan\u00e8te, de partager des initiatives positives conduites au quotidien. Plusieurs rencontres sont organis\u00e9es au si\u00e8ge du journal, \u00e0 <a href=\"https:\/\/www.laprovence.com\/article\/region\/2684706958257415\/redonner-vie-a-un-batiment-historique-la-provence-revient-au-coeur-de-marseille\" target=\"_blank\" rel=\"noopener\">Grand Central<\/a>, \u00e0 Marseille.<\/p>\n<p><strong>Jeudi 20\u00a0novembre, engagement interculturel 18h-20h<\/strong><\/p>\n<p>Aujourd&rsquo;hui plus que jamais, l&rsquo;interculturel est au c\u0153ur du faire-ensemble et de la performance collective. La Provence et Marseille Au Pluriel vous donnent rendez-vous pour une soir\u00e9e d\u00e9di\u00e9e \u00e0 celles et ceux qui font bouger les lignes. Acteurs associatifs, dirigeants et experts \u00e9changeront autour d&rsquo;un m\u00eame objectif : la mise en lumi\u00e8re d&rsquo;initiatives concr\u00e8tes qui r\u00e9inventent le lien social et l&rsquo;engagement sur notre territoire.<\/p>\n<p>Seront r\u00e9unis en trois temps <strong>Marie-Laure Guidi<\/strong> (fondatrice et pr\u00e9sidente de Mars&#8230;<\/p>\n","protected":false},"excerpt":{"rendered":"Dans une soci\u00e9t\u00e9 que l&rsquo;on dit fractur\u00e9e, addict aux r\u00e9seaux sociaux, aux positions de plus en plus radicales,&hellip;\n","protected":false},"author":2,"featured_media":519076,"comment_status":"","ping_status":"","sticky":false,"template":"","format":"standard","meta":{"footnotes":""},"categories":[2814],"tags":[17,1111,11,154,1777,674,1011,27,4743,64008,9447,884,2561,12,24649,1186,882,25,104],"class_list":{"0":"post-519075","1":"post","2":"type-post","3":"status-publish","4":"format-standard","5":"has-post-thumbnail","7":"category-marseille","8":"tag-17","9":"tag-actu","10":"tag-actualites","11":"tag-des","12":"tag-eu","13":"tag-europe","14":"tag-fr","15":"tag-france","16":"tag-la","17":"tag-lengagement","18":"tag-lance","19":"tag-marseille","20":"tag-mois","21":"tag-news","22":"tag-novembre","23":"tag-provence","24":"tag-provence-alpes-cote-dazur","25":"tag-republique-francaise","26":"tag-societe"},"share_on_mastodon":{"url":"https:\/\/pubeurope.com\/@fr\/115510444485642129","error":""},"_links":{"self":[{"href":"https:\/\/www.europesays.com\/fr\/wp-json\/wp\/v2\/posts\/519075","targetHints":{"allow":["GET"]}}],"collection":[{"href":"https:\/\/www.europesays.com\/fr\/wp-json\/wp\/v2\/posts"}],"about":[{"href":"https:\/\/www.europesays.com\/fr\/wp-json\/wp\/v2\/types\/post"}],"author":[{"embeddable":true,"href":"https:\/\/www.europesays.com\/fr\/wp-json\/wp\/v2\/users\/2"}],"replies":[{"embeddable":true,"href":"https:\/\/www.europesays.com\/fr\/wp-json\/wp\/v2\/comments?post=519075"}],"version-history":[{"count":0,"href":"https:\/\/www.europesays.com\/fr\/wp-json\/wp\/v2\/posts\/519075\/revisions"}],"wp:featuredmedia":[{"embeddable":true,"href":"https:\/\/www.europesays.com\/fr\/wp-json\/wp\/v2\/media\/519076"}],"wp:attachment":[{"href":"https:\/\/www.europesays.com\/fr\/wp-json\/wp\/v2\/media?parent=519075"}],"wp:term":[{"taxonomy":"category","embeddable":true,"href":"https:\/\/www.europesays.com\/fr\/wp-json\/wp\/v2\/categories?post=519075"},{"taxonomy":"post_tag","embeddable":true,"href":"https:\/\/www.europesays.com\/fr\/wp-json\/wp\/v2\/tags?post=519075"}],"curies":[{"name":"wp","href":"https:\/\/api.w.org\/{rel}","templated":true}]}}