{"id":519089,"date":"2025-11-07T21:12:18","date_gmt":"2025-11-07T21:12:18","guid":{"rendered":"https:\/\/www.europesays.com\/fr\/519089\/"},"modified":"2025-11-07T21:12:18","modified_gmt":"2025-11-07T21:12:18","slug":"que-faire-ce-week-end-a-paris-2","status":"publish","type":"post","link":"https:\/\/www.europesays.com\/fr\/519089\/","title":{"rendered":"Que faire ce week-end \u00e0 Paris\u00a0?"},"content":{"rendered":"<p><img decoding=\"async\" class=\"\" style=\"width:100%\" src=\"https:\/\/www.europesays.com\/fr\/wp-content\/uploads\/2025\/11\/SLIDER_Agendas_751759389723452.png\" alt=\"Sorties du week-end \u00e0 Paris\"\/><\/p>\n<p>Sorties du week-end \u00e0 Paris<\/p>\n<p>Cr\u00e9dit : Droits r\u00e9serv\u00e9s<\/p>\n<p> Samedi 8 novembre<\/p>\n<p style=\"margin-bottom: 0cm;\">\u00a0<\/p>\n<p style=\"margin-bottom: 0cm;\">Un festival consacr\u00e9 \u00e0 l\u2019espace et \u00e0 l\u2019astronomie \u00e0 Montrouge. \u00ab\u00a0Explore Espace\u00a0\u00bb est de retour jusqu\u2019\u00e0 dimanche au beffroi de Montrouge. Au cours de ce festival, vous pourrez, entre autres, marcher sur Mars grace \u00e0 la r\u00e9alit\u00e9 virtuelle, piloter un rover lunaire, manipuler des m\u00e9t\u00e9orites, explorer des galaxies sous un d\u00f4me immersif ou bien encore rencontrer des chercheurs. Ainsi, jeux vid\u00e9o, simulateurs, ateliers, conf\u00e9rences vous attendent. Ce festival est enti\u00e8rement gratuit. Plus d\u2019infos et programme sur\u00a0: <a href=\"https:\/\/explorespace.afastronomie.fr\/\" rel=\"noopener\" target=\"_blank\">https:\/\/explorespace.afastronomie.fr\/<\/a>.<\/p>\n<p style=\"margin-bottom: 0cm;\">\u00a0<\/p>\n<p style=\"margin-bottom: 0cm;\">Venez explorer un parcours de lumi\u00e8re au parc de La Villette. \u00ab\u00a0Light +Cycles\u00a0\u00bb investit ce parc du 19eme arrondissement de Paris. Le parcours est compos\u00e9 de cinq installations artistiques lumineuses aux intitul\u00e9s qui suscitent la curiosit\u00e9\u00a0: \u00ab\u00a0Invisible\u00a0\u00bb, \u00ab\u00a0Forest\u00a0frequencies\u00a0\u00bb, \u00ab\u00a0The heart\u00a0\u00bb, \u00ab\u00a0Crytal\u00a0Grove \u00bb, \u00ab\u00a0Into The Sunset\u00a0\u00bb. Ce parcours nocturne, en famille, entre potes ou en amoureux est visible tous les soirs \u00e0 partir de 17h. Infos et billetterie sur\u00a0: <a href=\"https:\/\/lightcycles-experience.com\/\" rel=\"noopener\" target=\"_blank\">https:\/\/lightcycles-experience.com\/<\/a>.<\/p>\n<p style=\"margin-bottom: 0cm;\">\u00a0<\/p>\n<p>Dimanche 9 novembre<\/p>\n<p style=\"margin-bottom: 0cm;\">\u00a0<\/p>\n<p style=\"margin-bottom: 0cm;\">D\u00e9couvrez le nouveau spectacle de la compagnie Alexis Gruss. Cette 52eme cr\u00e9ation explore l\u2019univers de la com\u00e9die musicale. Chaque artiste circassien incarne un personnage en chantant ou en dansant. Ce nouveau spectacle met \u00e9galement \u00e0 l\u2019honneur la cavalerie de 50 chevaux \u00e0 travers des tableaux exceptionnels. Un hommage \u00e9mouvant \u00e0 Alexis Gruss, disparu en 2024. Les Folies Gruss seront \u00e0 l\u2019affiche jusqu\u2019au 29 mars. Rendez-vous carrefour des cascades dans le 16eme arrondissement de Paris. Infos et billetterie sur\u00a0: <a href=\"https:\/\/www.folies-gruss.com\/\" rel=\"noopener\" target=\"_blank\">https:\/\/www.folies-gruss.com\/<\/a>.<\/p>\n<p style=\"margin-bottom: 0cm;\">\u00a0<\/p>\n<p style=\"margin-bottom: 0cm;\">Une croisi\u00e8re \u00e0 bord du Titanic, comme si vous y \u00e9tiez, en plein c\u0153ur de Paris. Grace \u00e0 la r\u00e9alit\u00e9 virtuelle, vous allez arpenter le Titanic en 1912, avant son naufrage. Promenade sue les ponts, d\u00e9ambulation dans les couloirs, visite des cabines jusqu\u2019\u00e0 la salle des machines\u2026 \u00ab\u00a0Titanic, un voyage dans le temps\u00a0\u00bb, vous pourrez vivre cette exp\u00e9rience immersive du mercredi au dimanche dans le 11eme arrondissement de Paris jusqu\u2019au printemps. Infos et billetterie sur\u00a0: <a href=\"https:\/\/titanicexperiencevr.com\/\" rel=\"noopener\" target=\"_blank\">https:\/\/titanicexperiencevr.com\/<\/a><\/p>\n<p style=\"margin-bottom: 0cm;\">\u00a0<\/p>\n<p style=\"margin-bottom: 0cm;\">\u00a0<\/p>\n<p lang=\"fr-FR\" style=\"margin-bottom: 0cm;\">Nicolas Chacun &#8211; Bertrand Loppin<\/p>\n<p style=\"margin-bottom: 0cm;\">\u00a0<\/p>\n<p>!function(f,b,e,v,n,t,s){if(f.fbq)return;n=f.fbq=function(){n.callMethod?<br \/>\nn.callMethod.apply(n,arguments):n.queue.push(arguments)};if(!f._fbq)f._fbq=n;<br \/>\nn.push=n;n.loaded=!0;n.version=&rsquo;2.0&prime;;n.queue=[];t=b.createElement(e);t.async=!0;<br \/>\nt.src=v;s=b.getElementsByTagName(e)[0];s.parentNode.insertBefore(t,s)}(window,<br \/>\ndocument,&rsquo;script&rsquo;,&rsquo;https:\/\/connect.facebook.net\/en_US\/fbevents.js&rsquo;);<br \/>\nfbq(&lsquo;init&rsquo;, &lsquo;278974969201861&rsquo;); \/\/ Insert your pixel ID here.<br \/>\nfbq(&lsquo;track&rsquo;, &lsquo;PageView&rsquo;);<\/p>\n","protected":false},"excerpt":{"rendered":"Sorties du week-end \u00e0 Paris Cr\u00e9dit : Droits r\u00e9serv\u00e9s Samedi 8 novembre \u00a0 Un festival consacr\u00e9 \u00e0 l\u2019espace&hellip;\n","protected":false},"author":2,"featured_media":519090,"comment_status":"","ping_status":"","sticky":false,"template":"","format":"standard","meta":{"footnotes":""},"categories":[1888],"tags":[11,1933,1936,1777,1939,674,1011,27,1934,12,1940,626,1935,25,1937,1941,1938],"class_list":{"0":"post-519089","1":"post","2":"type-post","3":"status-publish","4":"format-standard","5":"has-post-thumbnail","7":"category-paris","8":"tag-actualites","9":"tag-actualites-locales","10":"tag-essonne","11":"tag-eu","12":"tag-eure-et-loir","13":"tag-europe","14":"tag-fr","15":"tag-france","16":"tag-infos-locales","17":"tag-news","18":"tag-oise","19":"tag-paris","20":"tag-pres-de-chez-vous","21":"tag-republique-francaise","22":"tag-seine-et-marne","23":"tag-somme","24":"tag-yvelines"},"share_on_mastodon":{"url":"https:\/\/pubeurope.com\/@fr\/115510480265713987","error":""},"_links":{"self":[{"href":"https:\/\/www.europesays.com\/fr\/wp-json\/wp\/v2\/posts\/519089","targetHints":{"allow":["GET"]}}],"collection":[{"href":"https:\/\/www.europesays.com\/fr\/wp-json\/wp\/v2\/posts"}],"about":[{"href":"https:\/\/www.europesays.com\/fr\/wp-json\/wp\/v2\/types\/post"}],"author":[{"embeddable":true,"href":"https:\/\/www.europesays.com\/fr\/wp-json\/wp\/v2\/users\/2"}],"replies":[{"embeddable":true,"href":"https:\/\/www.europesays.com\/fr\/wp-json\/wp\/v2\/comments?post=519089"}],"version-history":[{"count":0,"href":"https:\/\/www.europesays.com\/fr\/wp-json\/wp\/v2\/posts\/519089\/revisions"}],"wp:featuredmedia":[{"embeddable":true,"href":"https:\/\/www.europesays.com\/fr\/wp-json\/wp\/v2\/media\/519090"}],"wp:attachment":[{"href":"https:\/\/www.europesays.com\/fr\/wp-json\/wp\/v2\/media?parent=519089"}],"wp:term":[{"taxonomy":"category","embeddable":true,"href":"https:\/\/www.europesays.com\/fr\/wp-json\/wp\/v2\/categories?post=519089"},{"taxonomy":"post_tag","embeddable":true,"href":"https:\/\/www.europesays.com\/fr\/wp-json\/wp\/v2\/tags?post=519089"}],"curies":[{"name":"wp","href":"https:\/\/api.w.org\/{rel}","templated":true}]}}