{"id":519091,"date":"2025-11-07T21:13:16","date_gmt":"2025-11-07T21:13:16","guid":{"rendered":"https:\/\/www.europesays.com\/fr\/519091\/"},"modified":"2025-11-07T21:13:16","modified_gmt":"2025-11-07T21:13:16","slug":"national-limite-et-inefficace-le-sm-caen-senfonce-encore-contre-paris-13-atletico","status":"publish","type":"post","link":"https:\/\/www.europesays.com\/fr\/519091\/","title":{"rendered":"National. Limit\u00e9 et inefficace, le SM Caen s&rsquo;enfonce encore contre Paris 13 Atletico"},"content":{"rendered":"<p>            Par<br \/>\n        <strong><br \/>\n            <a href=\"https:\/\/actu.fr\/auteur\/aline-chatel\" title=\"Consulter tous les articles de Aline Chatel\" target=\"_blank\" rel=\"noopener\">Aline Chatel<\/a><br \/>\n        <\/strong><\/p>\n<p>        Publi\u00e9 le<\/p>\n<p>            7 nov. 2025 \u00e0 21h37        <\/p>\n<p>Le <a href=\"https:\/\/actu.fr\/tag\/stade-malherbe-de-caen\" target=\"_blank\" rel=\"noopener\">Stade Malherbe Caen<\/a> est bel et bien en crise. Oppos\u00e9 \u00e0 Paris 13 Atletico, il a conc\u00e9d\u00e9 son <b>quatri\u00e8me match de suite sans victoire<\/b>, ce vendredi 7 novembre 2025 (0-0). Si les Malherbistes ont montr\u00e9 plus de conviction par moments, en particulier au cours de la deuxi\u00e8me mi-temps, ils ont aussi affich\u00e9 <b>bien trop de lacunes<\/b> \u2013 notamment dans le dernier geste \u2013 pour esp\u00e9rer inverser leur courbe du moment. Caen reste <b>dixi\u00e8me de National \u00e0 cinq points du podium<\/b>.\u00a0<\/p>\n<p>Une grande pauvret\u00e9 technique<\/p>\n<p class=\" wall-content\">Les Malherbistes pourront regretter d\u2019avoir mis, grosso modo, <b>45 minutes \u00e0 rentrer dans leur match<\/b>. Le premier acte s\u2019est r\u00e9v\u00e9l\u00e9 d\u2019une <b>grande pauvret\u00e9<\/b> \u00e0 tout point de vue, <b>sans id\u00e9es comme souvent, sans conviction \u00e9galement<\/b>. Paris 13 a m\u00eame surpris par quelques sorties de balle int\u00e9ressantes, sans \u00eatre emb\u00eat\u00e9 par le faible pressing adverse, et <b>l\u2019habituelle faiblesse technique<\/b> propre au National s\u2019est expos\u00e9 aux yeux d\u2019un public vite lass\u00e9. Les premiers sifflets sont tomb\u00e9s au bout de 23 minutes suite \u00e0 un corner jou\u00e9 rat\u00e9 des Malherbistes.\u00a0<\/p>\n<p>    <img   decoding=\"async\" loading=\"lazy\" class=\"size-large\" src=\"https:\/\/www.europesays.com\/fr\/wp-content\/uploads\/2025\/11\/3d749f694e09631849f694e0915849v-960x640.jpg\" alt=\"Bagbema Zoumana \u00e9chappe au tacle.\" width=\"960\" height=\"640\"\/><br \/>\n    Bagbema Zoumana \u00e9chappe au tacle. \u00a9Aline CHATEL<\/p>\n<p class=\" wall-content\">Une frappe de Zoumana Bagbema, titulaire au milieu de terrain (13\u2032), une autre de Mohamed Hafid (34\u2032) \u2013 les deux ayant n\u00e9cessit\u00e9 l\u2019intervention du portier adverse \u2013 et <b>une t\u00eate de Ronny Labonne<\/b>, qui n\u2019a su convertir l\u2019excellent boulot de Mohamed Hafid sur cette action : voil\u00e0 tout ce que Caen avait pu proposer \u00e0 ses supporters apr\u00e8s 45 minutes de jeu.\u00a0<\/p>\n<p>Un d\u00e9but de deuxi\u00e8me mi-temps remuant<\/p>\n<p class=\" wall-content\">Les Caennais ont pass\u00e9 la vitesse sup\u00e9rieure, ce qui \u00e9tait plut\u00f4t ais\u00e9, en seconde p\u00e9riode. Enfin,<b> il y eut de l\u2019envie, du mouvement, du jeu vers l\u2019avant<\/b>, des courses tranchantes et, par cons\u00e9quent, des vraies occasions. Mais Adama Diakit\u00e9 (50\u2032), Didi Gaucho (54\u2032), Vinicius Gomes (62\u2032) et Zoumana Bagbema (66\u2032) ont rat\u00e9 le cadre, malgr\u00e9 <b>des positions tr\u00e8s int\u00e9ressantes<\/b>. Diakit\u00e9 a ensuite but\u00e9 sur Moussa Sanou apr\u00e8s un amour de passe de Belkacem Dali-Amar (67\u2032).\u00a0<\/p>\n<p class=\" wall-content\">Faute de parvenir \u00e0 marquer, <b>Caen s\u2019exposait forc\u00e9ment<\/b>. Paris 13 ne profitait toutefois pas de l\u2019erreur de Ronny Labonne (56\u2032), ni du ballon perdu par Didi Gaucho, malgr\u00e9 la frapp\u00e9 magnifique \u2013 mais non cadr\u00e9e \u2013 d\u2019Ottman Dadoune (63\u2032).\u00a0<\/p>\n<p>    <img   decoding=\"async\" loading=\"lazy\" class=\"size-large\" src=\"https:\/\/www.europesays.com\/fr\/wp-content\/uploads\/2025\/11\/64857f694e09638857f694e090c857v-960x640.jpg\" alt=\"Caen et Paris 13\" width=\"960\" height=\"640\"\/><br \/>\n    Caen et Paris 13 se sont neutralis\u00e9s, ce vendredi 7 novembre 2025 au stade d\u2019Ornano. \u00a9Aline CHATEL<\/p>\n<p class=\" wall-content\">\u00c0 mesure que le temps s\u2019\u00e9coulait, les bonnes intentions caennaises <b>symbolis\u00e9es par l\u2019activit\u00e9 de l\u2019entrant L\u00e9o Milliner <\/b>ne suffisaient plus \u00e0 s\u2019approcher de la cage parisienne. Les visiteurs se battaient comme de beaux diables et rappelaient m\u00eame \u00e0 la vigilance, d\u2019un tir de Ryan Fage \u00e0 c\u00f4t\u00e9 (85\u2032). <b>Quelques sifflets s\u2019\u00e9chappaient de nouveau des tribunes<\/b>, plus r\u00e9sign\u00e9es qu\u2019\u00e9nerv\u00e9es, tandis que la balle circulait d\u00e9sormais de mani\u00e8re st\u00e9rile dans les rangs locaux.<\/p>\n<p>Votre r\u00e9gion, votre actu !<\/p>\n<p>Recevez chaque jour les infos qui comptent pour vous.<\/p>\n<p>\t<a href=\"https:\/\/actu.fr\/newsletter\" class=\"ac-btn ac-btn--corner ac-btn--medium ac-btn--blue800\" target=\"_blank\" rel=\"noopener\">S&rsquo;incrire<\/a><\/p>\n<p class=\" wall-content\">Les huit minutes de temps additionnel ont permis \u00e0 Caen de<b> tenter quelques p\u00e9tards lointains<\/b>, mais le match aurait pu durer longtemps sans que les filets ne tremblent. Il manque beaucoup de choses au Stade Malherbe pour performer, et le talent n\u2019est pas la moindre d\u2019entre elles.\u00a0<\/p>\n<p class=\" wall-content\">Personnalisez votre actualit\u00e9 en ajoutant vos villes et m\u00e9dias en favori avec <a href=\"https:\/\/moncompte.actu.fr\" title=\"D\u00e9couvez Mon Actu\" rel=\"nofollow noopener\" data-trk=\"{&quot;cta&quot;:{&quot;action&quot;:&quot;https:\\\/\\\/moncompte.actu.fr&quot;,&quot;category&quot;:&quot;mon compte&quot;,&quot;from&quot;:&quot;article footer&quot;,&quot;name&quot;:&quot;Mon actu&quot;,&quot;type&quot;:&quot;cta&quot;}}\" target=\"_blank\">Mon Actu<\/a>.<\/p>\n","protected":false},"excerpt":{"rendered":"Par Aline Chatel Publi\u00e9 le 7 nov. 2025 \u00e0 21h37 Le Stade Malherbe Caen est bel et bien&hellip;\n","protected":false},"author":2,"featured_media":519092,"comment_status":"","ping_status":"","sticky":false,"template":"","format":"standard","meta":{"footnotes":""},"categories":[1888],"tags":[11,1777,674,63,1011,27,12,626,25,15104,1745,60,266],"class_list":{"0":"post-519091","1":"post","2":"type-post","3":"status-publish","4":"format-standard","5":"has-post-thumbnail","7":"category-paris","8":"tag-actualites","9":"tag-eu","10":"tag-europe","11":"tag-football","12":"tag-fr","13":"tag-france","14":"tag-news","15":"tag-paris","16":"tag-republique-francaise","17":"tag-sm-caen","18":"tag-sport-caen","19":"tag-sports","20":"tag-stade-malherbe-de-caen"},"share_on_mastodon":{"url":"https:\/\/pubeurope.com\/@fr\/115510484320121576","error":""},"_links":{"self":[{"href":"https:\/\/www.europesays.com\/fr\/wp-json\/wp\/v2\/posts\/519091","targetHints":{"allow":["GET"]}}],"collection":[{"href":"https:\/\/www.europesays.com\/fr\/wp-json\/wp\/v2\/posts"}],"about":[{"href":"https:\/\/www.europesays.com\/fr\/wp-json\/wp\/v2\/types\/post"}],"author":[{"embeddable":true,"href":"https:\/\/www.europesays.com\/fr\/wp-json\/wp\/v2\/users\/2"}],"replies":[{"embeddable":true,"href":"https:\/\/www.europesays.com\/fr\/wp-json\/wp\/v2\/comments?post=519091"}],"version-history":[{"count":0,"href":"https:\/\/www.europesays.com\/fr\/wp-json\/wp\/v2\/posts\/519091\/revisions"}],"wp:featuredmedia":[{"embeddable":true,"href":"https:\/\/www.europesays.com\/fr\/wp-json\/wp\/v2\/media\/519092"}],"wp:attachment":[{"href":"https:\/\/www.europesays.com\/fr\/wp-json\/wp\/v2\/media?parent=519091"}],"wp:term":[{"taxonomy":"category","embeddable":true,"href":"https:\/\/www.europesays.com\/fr\/wp-json\/wp\/v2\/categories?post=519091"},{"taxonomy":"post_tag","embeddable":true,"href":"https:\/\/www.europesays.com\/fr\/wp-json\/wp\/v2\/tags?post=519091"}],"curies":[{"name":"wp","href":"https:\/\/api.w.org\/{rel}","templated":true}]}}