{"id":519096,"date":"2025-11-07T21:16:22","date_gmt":"2025-11-07T21:16:22","guid":{"rendered":"https:\/\/www.europesays.com\/fr\/519096\/"},"modified":"2025-11-07T21:16:22","modified_gmt":"2025-11-07T21:16:22","slug":"il-a-eu-raison-sur-limmigration-donald-trump-appelle-lue-a-respecter-la-hongrie-et-son-dirigeant-viktor-orban","status":"publish","type":"post","link":"https:\/\/www.europesays.com\/fr\/519096\/","title":{"rendered":"\u00ab Il a eu raison sur l\u2019immigration \u00bb : Donald Trump appelle l\u2019UE \u00e0 \u00ab\u00a0respecter\u00a0\u00bb la Hongrie et son dirigeant Viktor Orb\u00e1n"},"content":{"rendered":"<p class=\"paragraph text_align_left lp-f-body-02\">De la Maison Blanche, <a href=\"https:\/\/www.leparisien.fr\/international\/etats-unis\/donald-trump\/\" target=\"_self\" rel=\"nofollow noopener\">Donald Trump<\/a> a exhort\u00e9 vendredi l\u2019Union europ\u00e9enne \u00e0 \u00ab respecter \u00bb la Hongrie et son Premier ministre <a href=\"https:\/\/www.leparisien.fr\/international\/viktor-orban\/\" target=\"_self\" rel=\"nofollow noopener\">Viktor Orb\u00e1n<\/a>. Il s\u2019est plaint \u00e0 Washington des <a href=\"https:\/\/www.leparisien.fr\/politique\/la-hongrie-condamnee-a-une-lourde-amende-de-lue-pour-non-respect-du-droit-dasile-13-06-2024-CCN6QZVYPBFYHIPD6VBJOLMKPY.php\" target=\"_self\" rel=\"nofollow noopener\">lourdes sanctions financi\u00e8res<\/a> impos\u00e9es par l\u2019UE sur Budapest pour ses <a href=\"https:\/\/www.leparisien.fr\/international\/immigration-orban-compare-une-decision-de-lunion-europeenne-a-un-viol-de-la-hongrie-06-10-2023-7VBKMXC3J5C2XJ6VJ57AMQYAJQ.php\" target=\"_self\" rel=\"nofollow noopener\">politiques migratoires <\/a>et le non-respect du droit d\u2019asile.<\/p>\n<p class=\"paragraph text_align_left lp-f-body-02\">\u00ab Ils devraient respecter la Hongrie et respecter ce dirigeant tr\u00e8s, tr\u00e8s fortement, parce qu\u2019il a eu raison sur l\u2019immigration \u00bb, a d\u00e9clar\u00e9 Donald Trump devant la presse, , en recevant cet alli\u00e9 de longue date, qui le soutient depuis sa premi\u00e8re campagne pour la Maison Blanche, en 2016.<\/p>\n<p class=\"paragraph text_align_left lp-f-body-02\">\u00ab Regardez ce qui est arriv\u00e9 \u00e0 l\u2019Europe avec l\u2019immigration, ils ont des gens qui submergent l\u2019Europe, de partout, et \u00e7a lui nuit \u00bb, a ajout\u00e9 le pr\u00e9sident am\u00e9ricain, qui a lui-m\u00eame mis en place une politique de<a href=\"https:\/\/www.leparisien.fr\/international\/etats-unis\/les-raids-de-lice-ne-vont-pas-assez-loin-quand-trump-demande-encore-plus-de-fermete-de-la-police-de-limmigration-03-11-2025-DWRWMT3BJ5FXXNGGLPZMFWFI5Y.php\" target=\"_self\" rel=\"nofollow noopener\"> forte r\u00e9pression de l\u2019immigration <\/a>depuis son retour \u00e0 la Maison Blanche en janvier.<\/p>\n<p>Une d\u00e9rogation pour le p\u00e9trole russe ?<\/p>\n<p class=\"paragraph text_align_left lp-f-body-02\">Le pr\u00e9sident am\u00e9ricain envisage m\u00eame d\u2019accorder \u00e0 la Hongrie<b> <\/b>une d\u00e9rogation aux <a href=\"https:\/\/www.leparisien.fr\/international\/des-sanctions-enormes-contre-moscou-pourquoi-la-decision-de-trump-pourrait-avoir-un-vrai-impact-sur-leconomie-russe-23-10-2025-FQ6SROFGIFA4BIQAIQYUH5VAMU.php\" target=\"_self\" rel=\"nofollow noopener\">sanctions am\u00e9ricaines li\u00e9es au p\u00e9trole russe<\/a>. \u00ab Nous \u00e9tudions \u00e7a, parce qu\u2019il est tr\u00e8s difficile pour lui d\u2019obtenir le p\u00e9trole et le gaz d\u2019autres r\u00e9gions. Comme vous le savez, il ne b\u00e9n\u00e9ficie pas d\u2019un acc\u00e8s \u00e0 la mer \u00bb, a d\u00e9clar\u00e9 Donald Trump.<\/p>\n<p class=\"paragraph text_align_left lp-f-body-02\">Viktor Orb\u00e1n a indiqu\u00e9 que pendant leur r\u00e9union bilat\u00e9rale, il expliquerait \u00e0 son ami am\u00e9ricain quelles seraient les \u00ab cons\u00e9quences \u00bb pour la Hongrie de \u00ab ne plus avoir de gaz et de p\u00e9trole russe \u00bb.<\/p>\n<p class=\"paragraph text_align_left lp-f-body-02\">Les sanctions am\u00e9ricaines mettent potentiellement en danger Viktor Orb\u00e1n \u00e0 quelques mois de la tenue d\u2019\u00e9lections l\u00e9gislatives, que le nationaliste, au pouvoir depuis 2010, n\u2019est pas s\u00fbr de remporter, selon les sondages, d\u2019autant qu\u2019il est <a href=\"https:\/\/www.leparisien.fr\/international\/vous-netes-pas-le-bienvenu-ici-viktor-orban-prend-des-coups-au-parlement-europeen-09-10-2024-DSNMMXAN4VBOHAYPSLYFU56QOU.php\" target=\"_self\" rel=\"nofollow noopener\">marginalis\u00e9 sur le dossier ukrainien<\/a>\u2026 \u00ab Je le soutiens. Il a accompli un travail fantastique \u00bb, a dit Donald Trump.<\/p>\n<p class=\"paragraph text_align_left lp-f-body-02\">Donald Trump \u00ab a d\u00e9j\u00e0 prouv\u00e9 qu\u2019il \u00e9tait pr\u00eat \u00e0 aider ses alli\u00e9s id\u00e9ologiques \u00bb, en particulier \u00e0 l\u2019approche d\u2019\u00e9lections, rappelle \u00e0 l\u2019AFP Daniel Hegedus, expert de l\u2019Europe centrale et orientale aupr\u00e8s du German Marshall Fund.<\/p>\n<p class=\"paragraph text_align_left lp-f-body-02\">Viktor Orb\u00e1n a de son c\u00f4t\u00e9 appel\u00e9 \u00e0 lancer un \u00ab \u00e2ge d\u2019or \u00bb pour la relation entre les \u00c9tats-Unis et la Hongrie, reprenant l\u2019une des expressions pr\u00e9f\u00e9r\u00e9es de Donald Trump.<\/p>\n<p class=\"title-embed-dailymotion lp-color-text lp-f-subtitle-04\">Vid\u00e9oHongrie : le ch\u00e2teau qui alimente tous les soup\u00e7ons de corruption<\/p>\n<p class=\"paragraph text_align_left lp-f-body-02\">\u00ab Nous sommes le seul gouvernement en Europe qui se consid\u00e8re comme un gouvernement chr\u00e9tien moderne. Tous les autres gouvernements en Europe sont progressistes, gauchistes \u00bb, selon lui.<\/p>\n<p>Proche de Poutine et de Trump<\/p>\n<p class=\"paragraph text_align_left lp-f-body-02\">Rare dirigeant europ\u00e9en proche \u00e0 la fois du pr\u00e9sident am\u00e9ricain et du <a href=\"https:\/\/www.leparisien.fr\/international\/guerre-en-ukraine-lappel-dorban-a-poutine-sape-lunite-europeenne-accuse-zelensky-11-12-2024-TVZOVBA555B33BZB2AEXGQ7MPI.php\" target=\"_self\" rel=\"nofollow noopener\">pr\u00e9sident russe, Viktor Orb\u00e1n<\/a> n\u2019a pas cherch\u00e9 \u00e0 diversifier massivement ses importations depuis l\u2019invasion de l\u2019Ukraine par la Russie en 2022.<\/p>\n<p class=\"paragraph text_align_left lp-f-body-02\">Donald Trump, qui avait un temps envisag\u00e9 de<a href=\"https:\/\/www.leparisien.fr\/international\/ukraine\/guerre-en-ukraine-zelensky-pret-a-se-rendre-a-la-rencontre-trump-poutine-a-budapest-20-10-2025-T5QLY7SYPBH35E4FAD6QDTDNZU.php\" target=\"_self\" rel=\"nofollow noopener\"> rencontrer son homologue russe Vladimir Poutine \u00e0 Budapest<\/a> pour tenter de faire cesser le conflit, a une nouvelle fois assur\u00e9 vendredi, sans donner de pr\u00e9cision, qu\u2019il pensait pouvoir mettre fin aux hostilit\u00e9s \u00ab dans un avenir pas si lointain \u00bb.<\/p>\n<p class=\"paragraph text_align_left lp-f-body-02\">Autre geste de Washington envers le dirigeant nationaliste de Budapest, l\u2019administration am\u00e9ricaine s\u2019est engag\u00e9e \u00e0 fermer Szabad Europa, une radio en langue hongroise financ\u00e9e par les \u00c9tats-Unis, afin de soutenir Viktor Orb\u00e1n.<\/p>\n","protected":false},"excerpt":{"rendered":"De la Maison Blanche, Donald Trump a exhort\u00e9 vendredi l\u2019Union europ\u00e9enne \u00e0 \u00ab respecter \u00bb la Hongrie et&hellip;\n","protected":false},"author":2,"featured_media":519097,"comment_status":"","ping_status":"","sticky":false,"template":"","format":"standard","meta":{"footnotes":""},"categories":[1589],"tags":[11,73,1866,14,12,1864,1865,1863,308],"class_list":{"0":"post-519096","1":"post","2":"type-post","3":"status-publish","4":"format-standard","5":"has-post-thumbnail","7":"category-etats-unis","8":"tag-actualites","9":"tag-etats-unis","10":"tag-etats-unis-damerique","11":"tag-international","12":"tag-news","13":"tag-united-states","14":"tag-united-states-of-america","15":"tag-us","16":"tag-usa"},"share_on_mastodon":{"url":"https:\/\/pubeurope.com\/@fr\/115510495393811699","error":""},"_links":{"self":[{"href":"https:\/\/www.europesays.com\/fr\/wp-json\/wp\/v2\/posts\/519096","targetHints":{"allow":["GET"]}}],"collection":[{"href":"https:\/\/www.europesays.com\/fr\/wp-json\/wp\/v2\/posts"}],"about":[{"href":"https:\/\/www.europesays.com\/fr\/wp-json\/wp\/v2\/types\/post"}],"author":[{"embeddable":true,"href":"https:\/\/www.europesays.com\/fr\/wp-json\/wp\/v2\/users\/2"}],"replies":[{"embeddable":true,"href":"https:\/\/www.europesays.com\/fr\/wp-json\/wp\/v2\/comments?post=519096"}],"version-history":[{"count":0,"href":"https:\/\/www.europesays.com\/fr\/wp-json\/wp\/v2\/posts\/519096\/revisions"}],"wp:featuredmedia":[{"embeddable":true,"href":"https:\/\/www.europesays.com\/fr\/wp-json\/wp\/v2\/media\/519097"}],"wp:attachment":[{"href":"https:\/\/www.europesays.com\/fr\/wp-json\/wp\/v2\/media?parent=519096"}],"wp:term":[{"taxonomy":"category","embeddable":true,"href":"https:\/\/www.europesays.com\/fr\/wp-json\/wp\/v2\/categories?post=519096"},{"taxonomy":"post_tag","embeddable":true,"href":"https:\/\/www.europesays.com\/fr\/wp-json\/wp\/v2\/tags?post=519096"}],"curies":[{"name":"wp","href":"https:\/\/api.w.org\/{rel}","templated":true}]}}