{"id":519100,"date":"2025-11-07T21:19:14","date_gmt":"2025-11-07T21:19:14","guid":{"rendered":"https:\/\/www.europesays.com\/fr\/519100\/"},"modified":"2025-11-07T21:19:14","modified_gmt":"2025-11-07T21:19:14","slug":"la-semaine-du-film-francais-est-de-retour-pour-la-25eme-edition","status":"publish","type":"post","link":"https:\/\/www.europesays.com\/fr\/519100\/","title":{"rendered":"La Semaine du Film Fran\u00e7ais est de retour pour la 25\u00e8me \u00e9dition"},"content":{"rendered":"<p>Un quart de si\u00e8cle d\u00e9j\u00e0 que l\u2019Institut fran\u00e7ais d\u2019Allemagne c\u00e9l\u00e8bre la richesse, la cr\u00e9ativit\u00e9 et la diversit\u00e9 du cin\u00e9ma hexagonal et francophone.<\/p>\n<p>Cette ann\u00e9e, 31 films seront projet\u00e9s, dont la plupart en avant-premi\u00e8re, dans 43 salles de cin\u00e9ma r\u00e9parties dans plus de 25 villes allemandes. Une programmation de choix qui invite le public \u00e0 (re)d\u00e9couvrir la magie du grand \u00e9cran \u00e0 travers des histoires fortes, dr\u00f4les, \u00e9mouvantes et audacieuses \u2014 bref, tout ce qui fait la singularit\u00e9 du cin\u00e9ma fran\u00e7ais.<\/p>\n<p class=\"p-empty\">\u00a0<\/p>\n<p>Un rendez-vous incontournable pour les cin\u00e9philes<\/p>\n<p>Depuis sa cr\u00e9ation, la Franz\u00f6sische Filmwoche s\u2019est impos\u00e9e comme le grand rendez-vous du cin\u00e9ma fran\u00e7ais en Allemagne. Chaque automne, elle rassemble des milliers de spectateurs curieux, des francophiles passionn\u00e9s et des amoureux de la culture europ\u00e9enne autour d\u2019une s\u00e9lection exigeante et vari\u00e9e.<\/p>\n<p>Au-del\u00e0 des projections, la Semaine du film fran\u00e7ais est aussi un lieu d\u2019\u00e9changes : des rencontres avec les r\u00e9alisateurs et acteurs, des d\u00e9bats et des s\u00e9ances sp\u00e9ciales sont pr\u00e9vus pour permettre au public allemand de dialoguer directement avec ceux qui font vivre le cin\u00e9ma francophone. Fran\u00e7ois Ozon, Isabelle Hupert ou encore Le\u00efla Bekhti feront partie des invit\u00e9s de cette \u00e9dition anniversaire.<\/p>\n<p class=\"p-empty\">\u00a0<\/p>\n<blockquote class=\"instagram-media\" data-instgrm-permalink=\"https:\/\/www.instagram.com\/reel\/DQekGD_iGvh\/?utm_source=ig_embed&amp;utm_campaign=loading\" data-instgrm-version=\"14\" style=\"background:#FFF;border:0;border-radius:3px;box-shadow:0 0 1px 0 rgba(0,0,0,0.5),0 1px 10px 0 rgba(0,0,0,0.15);margin:1px;max-width:540px;min-width:326px;padding:0;width:calc(100% - 2px)\">\n<\/blockquote>\n<p class=\"p-empty\">\u00a0<\/p>\n<p>Cet anniversaire symbolique est l\u2019occasion de c\u00e9l\u00e9brer un quart de si\u00e8cle de coop\u00e9ration culturelle entre la France et l\u2019Allemagne. Depuis 2000, la Franz\u00f6sische Filmwoche a permis \u00e0 des centaines de films fran\u00e7ais d\u2019\u00eatre projet\u00e9s sur les \u00e9crans allemands, souvent avant m\u00eame leur sortie en France.<\/p>\n<p>Organis\u00e9e par l\u2019Institut fran\u00e7ais d\u2019Allemagne, en collaboration \u00e9troite avec ses partenaires fid\u00e8les \u2014 la Yorck Kinogruppe, ARTE, l\u2019OFAJ, les h\u00f4tels Dorint, Air France et bien d\u2019autres \u2014 le festival s\u2019inscrit dans une dynamique d\u2019amiti\u00e9 et de dialogue culturel entre les deux pays.\u00a0<\/p>\n<p>Berlin, c\u0153ur battant de la Semaine du film fran\u00e7ais<\/p>\n<p>La capitale allemande, berceau de la premi\u00e8re \u00e9dition, reste le centre n\u00e9vralgique de l\u2019\u00e9v\u00e9nement. Plusieurs cin\u00e9mas berlinois accueilleront les avant-premi\u00e8res et projections phares, dont ceux du r\u00e9seau Yorck Kinogruppe et le City Kino Wedding, deux adresses embl\u00e9matiques pour les amateurs de films d\u2019auteur.<\/p>\n<p>Mais la f\u00eate ne s\u2019arr\u00eate pas \u00e0 Berlin : cette ann\u00e9e, plus de 25 villes participent \u00e0 la Semaine du film fran\u00e7ais, de Hambourg \u00e0 Munich, de Francfort \u00e0 Cologne, en passant par Leipzig, Dresde et bien d\u2019autres. Une v\u00e9ritable tourn\u00e9e nationale pour faire voyager la langue et la culture fran\u00e7aises \u00e0 travers les images.<\/p>\n<p>Alors, que vous soyez francophile convaincu, cin\u00e9phile averti ou simple curieux, rendez-vous dans les salles obscures du 20 au 26 novembre 2025. D\u00e9couvrez le programme <a href=\"https:\/\/www.franzoesische-filmwoche.de\/\" target=\"_blank\" rel=\"noopener\">sur le site du festival<\/a>.\u00a0<\/p>\n<p class=\"p-empty\">\u00a0<\/p>\n<p>Pour recevoir gratuitement notre newsletter du lundi au vendredi,\u00a0<a href=\"https:\/\/lepetitjournal.com\/newsletter\" target=\"_blank\" rel=\"noopener noreferrer\">inscrivez-vous<\/a>\u00a0!<br \/>Pour nous suivre sur\u00a0<a href=\"https:\/\/www.facebook.com\/LPJAllemagne\/\" target=\"_blank\" rel=\"noopener noreferrer\">Facebook<\/a>,<a href=\"https:\/\/www.linkedin.com\/company\/lepetitjournal-com-allemagne\" target=\"_blank\" rel=\"noopener\">\u00a0LinkedIn<\/a>\u00a0et\u00a0<a href=\"https:\/\/www.instagram.com\/lpj_Allemagne\/\" target=\"_blank\" rel=\"noopener noreferrer\">Instagram<\/a>.<\/p>\n<p><script async src=\"\/\/www.instagram.com\/embed.js\"><\/script><\/p>\n","protected":false},"excerpt":{"rendered":"Un quart de si\u00e8cle d\u00e9j\u00e0 que l\u2019Institut fran\u00e7ais d\u2019Allemagne c\u00e9l\u00e8bre la richesse, la cr\u00e9ativit\u00e9 et la diversit\u00e9 du&hellip;\n","protected":false},"author":2,"featured_media":519101,"comment_status":"","ping_status":"","sticky":false,"template":"","format":"standard","meta":{"footnotes":""},"categories":[1587],"tags":[11,672,1804,1805,1803,1777,674,1801,12,1802],"class_list":{"0":"post-519100","1":"post","2":"type-post","3":"status-publish","4":"format-standard","5":"has-post-thumbnail","7":"category-allemagne","8":"tag-actualites","9":"tag-allemagne","10":"tag-bundesrepublik-deutschland","11":"tag-de","12":"tag-deutschland","13":"tag-eu","14":"tag-europe","15":"tag-germany","16":"tag-news","17":"tag-republique-federale-dallemagne"},"share_on_mastodon":{"url":"https:\/\/pubeurope.com\/@fr\/115510507286789335","error":""},"_links":{"self":[{"href":"https:\/\/www.europesays.com\/fr\/wp-json\/wp\/v2\/posts\/519100","targetHints":{"allow":["GET"]}}],"collection":[{"href":"https:\/\/www.europesays.com\/fr\/wp-json\/wp\/v2\/posts"}],"about":[{"href":"https:\/\/www.europesays.com\/fr\/wp-json\/wp\/v2\/types\/post"}],"author":[{"embeddable":true,"href":"https:\/\/www.europesays.com\/fr\/wp-json\/wp\/v2\/users\/2"}],"replies":[{"embeddable":true,"href":"https:\/\/www.europesays.com\/fr\/wp-json\/wp\/v2\/comments?post=519100"}],"version-history":[{"count":0,"href":"https:\/\/www.europesays.com\/fr\/wp-json\/wp\/v2\/posts\/519100\/revisions"}],"wp:featuredmedia":[{"embeddable":true,"href":"https:\/\/www.europesays.com\/fr\/wp-json\/wp\/v2\/media\/519101"}],"wp:attachment":[{"href":"https:\/\/www.europesays.com\/fr\/wp-json\/wp\/v2\/media?parent=519100"}],"wp:term":[{"taxonomy":"category","embeddable":true,"href":"https:\/\/www.europesays.com\/fr\/wp-json\/wp\/v2\/categories?post=519100"},{"taxonomy":"post_tag","embeddable":true,"href":"https:\/\/www.europesays.com\/fr\/wp-json\/wp\/v2\/tags?post=519100"}],"curies":[{"name":"wp","href":"https:\/\/api.w.org\/{rel}","templated":true}]}}