{"id":519102,"date":"2025-11-07T21:20:15","date_gmt":"2025-11-07T21:20:15","guid":{"rendered":"https:\/\/www.europesays.com\/fr\/519102\/"},"modified":"2025-11-07T21:20:15","modified_gmt":"2025-11-07T21:20:15","slug":"leon-xiv-invite-a-accueillir-de-nouvelles-voix-et-cultures-en-europe","status":"publish","type":"post","link":"https:\/\/www.europesays.com\/fr\/519102\/","title":{"rendered":"L\u00e9on XIV invite \u00e0 accueillir de nouvelles voix et cultures en Europe"},"content":{"rendered":"<p>Dans son message adress\u00e9 ce jeudi 6 novembre aux membres du Comit\u00e9 conjoint du Conseil des Conf\u00e9rences \u00e9piscopales d&rsquo;Europe (CCEE), de la Conf\u00e9rence des \u00c9glises europ\u00e9ennes (CEC) et aux repr\u00e9sentants des \u00c9glises chr\u00e9tiennes d&rsquo;Europe, signataires de la Charte \u0153cum\u00e9nique, L\u00e9on XIV a soulign\u00e9 \u00abl&rsquo;urgence de promouvoir le dialogue, la concorde et la fraternit\u00e9 au milieu du tumulte de la violence et de la guerre\u00bb. Aussi, a-t-il dit, la nouvelle Charte, se pr\u00e9sente comme un \u00abeffort synodal\u00bb.<\/p>\n<p><b>Augustine Asta \u2013 Cit\u00e9 du Vatican<\/b><\/p>\n<p>\u00abGr\u00e2ce, mis\u00e9ricorde et paix de la part de Dieu le P\u00e8re et de J\u00e9sus-Christ notre Seigneur\u00bb. C\u2019est avec ces paroles de \u00abl\u2019ap\u00f4tre des gentils\u00bb, que L\u00e9on XIV a souhait\u00e9 la bienvenue, aux membres du Comit\u00e9 conjoint du Conseil des Conf\u00e9rences \u00e9piscopales d&rsquo;Europe (CCEE), de la Conf\u00e9rence des \u00c9glises europ\u00e9ennes (CEC) et aux repr\u00e9sentants des \u00c9glises chr\u00e9tiennes d&rsquo;Europe, &#8211; qui vont signer cet apr\u00e8s-midi du jeudi 6 novembre 2025 une nouvelle Charte \u0153cum\u00e9nique -. Il s\u2019agit d\u2019un document historique qui mettra en avant le cheminement des \u00c9glises europ\u00e9ennes vers l&rsquo;unit\u00e9, le dialogue et la coop\u00e9ration. En effet, cette Charte \u0153cum\u00e9nique, lanc\u00e9e pour la premi\u00e8re fois en 2001, repr\u00e9sente, selon ses signataires, \u00abla pierre angulaire de la coop\u00e9ration \u0153cum\u00e9nique europ\u00e9enne depuis plus de deux d\u00e9cennies. La version r\u00e9vis\u00e9e tente de relever les d\u00e9fis contemporains et de refl\u00e9ter les r\u00e9alit\u00e9s changeantes de la soci\u00e9t\u00e9 et du christianisme europ\u00e9en\u00bb.<\/p>\n<p><b>Une nouvelle Charte d\u2019une importance capitale<\/b> <\/p>\n<p>Pour le Pape, il est \u00abcertain que les d\u00e9fis auxquels les chr\u00e9tiens sont confront\u00e9s dans le chemin \u0153cum\u00e9nique \u00e9voluent constamment\u00bb. C\u2019est la raison pour laquelle, vingt-cinq ans apr\u00e8s la premi\u00e8re signature de la Charte, il a \u00e9t\u00e9 n\u00e9cessaire de \u00abrevoir le contexte du document, de r\u00e9examiner la situation en Europe et les pr\u00e9occupations contemporaines communes pour la mission de proclamation de l&rsquo;\u00c9vangile\u00bb, a fait savoir le Saint-P\u00e8re. Puisque, a-t-il soulign\u00e9 \u00abun discernement constant et attentif est n\u00e9cessaire pour accomplir le grand mandat d&rsquo;\u2018\u2018Allez! De toutes les nations faites des disciples: baptisez-les au nom du P\u00e8re, et du Fils, et du Saint-Esprit\u2019\u2019\u00bb (Mt 28, 19).<\/p>\n<p>M\u00eame si, certaines r\u00e9gions d&rsquo;Europe \u00abmontrent effectivement des signes positifs et encourageants de croissance\u00bb, de nombreuses communaut\u00e9s chr\u00e9tiennes \u00abse sentent de plus en plus minoritaires\u00bb a constat\u00e9 l\u2019\u00e9v\u00eaque de Rome. Bien plus, a-t-il ajout\u00e9, la situation actuelle int\u00e8gre de \u00abnouvelles g\u00e9n\u00e9rations et des peuples nouvellement arriv\u00e9s avec des histoires et des expressions culturelles tr\u00e8s diff\u00e9rentes\u00bb. Le Saint-P\u00e8re a donc affirm\u00e9 qu\u2019il y a \u00abbeaucoup de nouvelles voix \u00e0 \u00e9couter et d&rsquo;histoires \u00e0 accueillir \u00e0 travers des rencontres quotidiennes et des relations plus \u00e9troites\u00bb. Soulignant \u00e9galement \u00abl&rsquo;urgence de promouvoir le dialogue, la concorde et la fraternit\u00e9 au milieu du tumulte de la violence et de la guerre, dont les \u00e9chos se font entendre sur tout le continent\u00bb. Dans toutes ces situations, a estim\u00e9 le Souverain pontife \u00abla gr\u00e2ce, la mis\u00e9ricorde et la paix du Seigneur sont vraiment vitales\u00bb, car, a-t-il dit, \u00abseule l&rsquo;aide divine nous indiquera la voie la plus convaincante pour proclamer le Christ dans ces contextes changeants\u00bb.<\/p>\n<blockquote>\n<p>\u201cNous croyons que Dieu Tout-Puissant parle \u00e0 son peuple saint et \u00e0 travers lui. Il l&rsquo;aime et l&rsquo;enrichit de ses dons divins, afin qu&rsquo;il puisse grandir et atteindre la pl\u00e9nitude de Dieu (cf. Ep 3, 19).\u201d<\/p>\n<\/blockquote>\n<p>La nouvelle Charte \u0153cum\u00e9nique, selon L\u00e9on XIV, \u00abt\u00e9moigne de la disposition des \u00c9glises en Europe \u00e0 regarder notre histoire \u00e0 travers les yeux du Christ\u00bb. Et \u00abavec l&rsquo;aide du Saint-Esprit, nous serons en mesure de comprendre o\u00f9 nous avons r\u00e9ussi, o\u00f9 nous avons \u00e9chou\u00e9 et o\u00f9 nous devons aller pour proclamer \u00e0 nouveau l&rsquo;\u00c9vangile\u00bb, a-t-il ajout\u00e9. \u00c9tant donn\u00e9 que cette Charte ne se \u00abcontente pas de sugg\u00e9rer des m\u00e9thodes\u00bb, elle insiste \u00e9galement sur la n\u00e9cessit\u00e9 d&rsquo;avoir des compagnons de route et des chemins possibles \u00e0 suivre. Ce faisant, \u00abnous restons toujours ouverts aux suggestions et aux surprises du Saint-Esprit!\u00bb<\/p>\n<p><b>\u00abLe chemin synodal est \u0153cum\u00e9nique\u00bb<\/b> <\/p>\n<p>Se r\u00e9f\u00e9rant au document final de la XVIe Assembl\u00e9e g\u00e9n\u00e9rale ordinaire du Synode des \u00e9v\u00eaques, le Successeur de Pierre, a soutenu que, dans l&rsquo;\u00c9glise catholique, \u00able chemin synodal est \u0153cum\u00e9nique, tout comme le chemin \u0153cum\u00e9nique est synodal\u00bb. \u00c0 cet \u00e9gard, a-t-il poursuivi, la nouvelle Charte \u0152cum\u00e9nique \u00absouligne le chemin commun entrepris par les chr\u00e9tiens de diff\u00e9rentes traditions en Europe, capables de s&rsquo;\u00e9couter mutuellement et de discerner ensemble afin de pr\u00eacher l&rsquo;\u00c9vangile avec plus d&rsquo;efficacit\u00e9\u00bb. C\u2019est pourquoi l&rsquo;un des r\u00e9sultats les plus significatifs du processus de r\u00e9vision de la Charte a \u00e9t\u00e9 la capacit\u00e9 \u00e0 \u00abavoir une vision commune des d\u00e9fis contemporains et \u00e0 d\u00e9finir les priorit\u00e9s pour l&rsquo;avenir du continent, tout en conservant une confiance in\u00e9branlable dans l&rsquo;importance infinie de l&rsquo;\u00c9vangile\u00bb. Cela peut \u00eatre d\u00e9crit, d&rsquo;une certaine mani\u00e8re, comme \u00abun effort \u2018\u2018synodal\u2019\u2019 pour marcher ensemble\u00bb, a-t-il insist\u00e9.<\/p>\n<p><b>Dimension \u0153cum\u00e9nique du premier voyage apostolique de L\u00e9on XIV<\/b> <\/p>\n<p>Du 27 novembre au 2 d\u00e9cembre prochain, L\u00e9on XIV effectuera son voyage apostolique en Turquie et au Liban, sous le signe de l\u2019\u0153cum\u00e9nisme et du dialogue interreligieux. En Turquie, le Pape se rendra o\u00f9 s&rsquo;est tenu le Concile de Nic\u00e9e, afin de rencontrer et de prier avec les chefs des \u00c9glises et les dirigeants des communaut\u00e9s chr\u00e9tiennes, pour c\u00e9l\u00e9brer \u00abensemble J\u00e9sus-Christ comme notre Seigneur et Sauveur\u00bb, a-t-il pr\u00e9cis\u00e9. Il faut en cette ann\u00e9e jubilaire, \u00abproclamer \u00e0 tous les peuples d&rsquo;Europe que \u2018\u2018J\u00e9sus-Christ est notre esp\u00e9rance\u2019\u2019\u00bb, a conclu le Saint-P\u00e8re.<\/p>\n","protected":false},"excerpt":{"rendered":"Dans son message adress\u00e9 ce jeudi 6 novembre aux membres du Comit\u00e9 conjoint du Conseil des Conf\u00e9rences \u00e9piscopales&hellip;\n","protected":false},"author":2,"featured_media":519103,"comment_status":"","ping_status":"","sticky":false,"template":"","format":"standard","meta":{"footnotes":""},"categories":[1586],"tags":[11,8617,12336,1777,674,64009,1011,27,1146,12,64010,20114,25],"class_list":{"0":"post-519102","1":"post","2":"type-post","3":"status-publish","4":"format-standard","5":"has-post-thumbnail","7":"category-europe","8":"tag-actualites","9":"tag-dialogue","10":"tag-eglise","11":"tag-eu","12":"tag-europe","13":"tag-evangile","14":"tag-fr","15":"tag-france","16":"tag-guerre","17":"tag-news","18":"tag-oecumenisme","19":"tag-pape-leon-xiv","20":"tag-republique-francaise"},"share_on_mastodon":{"url":"https:\/\/pubeurope.com\/@fr\/115510511397020781","error":""},"_links":{"self":[{"href":"https:\/\/www.europesays.com\/fr\/wp-json\/wp\/v2\/posts\/519102","targetHints":{"allow":["GET"]}}],"collection":[{"href":"https:\/\/www.europesays.com\/fr\/wp-json\/wp\/v2\/posts"}],"about":[{"href":"https:\/\/www.europesays.com\/fr\/wp-json\/wp\/v2\/types\/post"}],"author":[{"embeddable":true,"href":"https:\/\/www.europesays.com\/fr\/wp-json\/wp\/v2\/users\/2"}],"replies":[{"embeddable":true,"href":"https:\/\/www.europesays.com\/fr\/wp-json\/wp\/v2\/comments?post=519102"}],"version-history":[{"count":0,"href":"https:\/\/www.europesays.com\/fr\/wp-json\/wp\/v2\/posts\/519102\/revisions"}],"wp:featuredmedia":[{"embeddable":true,"href":"https:\/\/www.europesays.com\/fr\/wp-json\/wp\/v2\/media\/519103"}],"wp:attachment":[{"href":"https:\/\/www.europesays.com\/fr\/wp-json\/wp\/v2\/media?parent=519102"}],"wp:term":[{"taxonomy":"category","embeddable":true,"href":"https:\/\/www.europesays.com\/fr\/wp-json\/wp\/v2\/categories?post=519102"},{"taxonomy":"post_tag","embeddable":true,"href":"https:\/\/www.europesays.com\/fr\/wp-json\/wp\/v2\/tags?post=519102"}],"curies":[{"name":"wp","href":"https:\/\/api.w.org\/{rel}","templated":true}]}}