{"id":519104,"date":"2025-11-07T21:21:15","date_gmt":"2025-11-07T21:21:15","guid":{"rendered":"https:\/\/www.europesays.com\/fr\/519104\/"},"modified":"2025-11-07T21:21:15","modified_gmt":"2025-11-07T21:21:15","slug":"macron-pret-a-accepter-le-traite-avant-de-reculer-face-a-lindignation-agricole-et-politique","status":"publish","type":"post","link":"https:\/\/www.europesays.com\/fr\/519104\/","title":{"rendered":"Macron pr\u00eat \u00e0 accepter le trait\u00e9\u2026 avant de reculer face \u00e0 l\u2019indignation agricole et politique"},"content":{"rendered":"<p>      <img fetchpriority=\"high\" decoding=\"async\" class=\"mx-auto\" src=\"data:image\/svg+xml,%3Csvg%20xmlns%3D%27http%3A%2F%2Fwww.w3.org%2F2000%2Fsvg%27%20fill%3D%22%23e4e4e4%22%20viewBox%3D%270%200%20510%20340%27%20width%3D%22510%22%20height%3D%22340%22%3E%3Cpath%20d%3D%27M0%200h510v340H0z%27%2F%3E%3C%2Fsvg%3E\"  loading=\"eager\" width=\"510\" height=\"340\" data-oncrawl-image-size=\"510x340\" alt=\"Emmanuel Macron lors de la s\u00e9ance pl\u00e9ni\u00e8re g\u00e9n\u00e9rale des dirigeants dans le cadre de la COP30, \u00e0 Belem, au Br\u00e9sil, le 6\u00a0novembre 2025.\"\/>      <\/p>\n<p class=\"latino-100m text-grey-600\">\n            Emmanuel Macron lors de la s\u00e9ance pl\u00e9ni\u00e8re g\u00e9n\u00e9rale des dirigeants dans le cadre de la COP30, \u00e0 Belem, au Br\u00e9sil, le 6\u00a0novembre 2025.\u00a0LUDOVIC MARIN \/ AFP        <\/p>\n<p>        Lire\u00a0plus\u00a0tard      <\/p>\n<p><a aria-label=\"Nous suivre sur Google News\" href=\"https:\/\/news.google.com\/publications\/CAAqBwgKMJe4nQkw3dFs?hl=fr&amp;gl=FR&amp;ceid=FR%3Afr\" target=\"_blank\" data-piano=\"Page_Article,Sous_date_publi,Nous_suivre_sur_google_news,1er_clic,action\" class=\"btn btn--small btn--tertiary btn--icon-only\" rel=\"noopener\"><\/p>\n<p>      Google Actualit\u00e9s<br \/>\n  <\/a><\/p>\n<p>  Partager<\/p>\n<p>        Facebook<\/p>\n<p>        Bluesky<\/p>\n<p>        E-mail<\/p>\n<p>        Copier le lien<\/p>\n<p>      Envoyer<\/p>\n<p>      S\u2019abonner    <\/p>\n<p class=\"node__paragraphe antonia-750r text-grey-800 pb-24 pb-md-32\">\nEn voyage au Br\u00e9sil, Emmanuel Macron r\u00e9ussit \u00e0 faire pol\u00e9mique\u2026 en France. Le pr\u00e9sident s\u2019est en effet dit \u00ab\u00a0plut\u00f4t positif\u00a0\u00bb sur la possibilit\u00e9 d\u2019accepter <a href=\"https:\/\/www.nouvelobs.com\/economie\/20241126.OBS96953\/accord-ue-mercosur-agriculture-industrie-climat-quels-seraient-les-gagnants-et-les-perdants.html\" target=\"_blank\" rel=\"noopener\">l\u2019accord commercial<\/a> entre l\u2019Union europ\u00e9enne (UE) et le bloc latino-am\u00e9ricain du Mercosur. Une d\u00e9claration vue d\u2019un bon \u0153il \u00e0 Belem, o\u00f9 il \u00e9tait dans le cadre de <a href=\"https:\/\/www.nouvelobs.com\/ecologie\/20251107.OBS109520\/cop30-une-grande-partie-des-aides-climatiques-revient-dans-les-poches-des-pays-donateurs-alimentant-une-dangereuse-spirale-d-endettement.html\" target=\"_blank\" rel=\"noopener\">la COP30<\/a>, mais qui a soulev\u00e9 un toll\u00e9 en France.<\/p>\n<p class=\"node__paragraphe antonia-750r text-grey-800 pb-24 pb-md-32\">\nA gauche comme \u00e0 droite, la classe politique s\u2019est insurg\u00e9e contre cette prise de position. La ministre de l\u2019Agriculture, Annie Genevard, a aussi d\u00e9clar\u00e9 que \u00ab\u00a0le compte n\u2019y est pas\u00a0\u00bb. Du c\u00f4t\u00e9 des repr\u00e9sentants agricoles, la FNSEA &#8211; syndicat majoritaire &#8211; a ni plus ni moins d\u00e9nonc\u00e9 \u00ab\u00a0un reniement total\u00a0\u00bb de Macron et une \u00ab\u00a0rupture avec l\u2019agriculture fran\u00e7aise\u00a0\u00bb. Des d\u00e9clarations qui ont conduit le pr\u00e9sident \u00e0 nuancer ses propos.<\/p>\n<p>\u2022 Macron pr\u00eat \u00e0 toper avec des clauses de sauvegarde<\/p>\n<p class=\"node__paragraphe antonia-750r text-grey-800 pb-24 pb-md-32\">\nJeudi 6\u00a0novembre, \u00e0 Belem, Emmanuel Macron s\u2019exprime sur l\u2019accord commercial entre l\u2019UE et le Mercosur\u00a0: \u00ab\u00a0Je suis plut\u00f4t positif, mais je reste vigilant parce que je d\u00e9fends aussi les int\u00e9r\u00eats de la France\u00a0\u00bb, d\u00e9clare-t-il aux journalistes, en marge du <a href=\"https:\/\/www.nouvelobs.com\/ecologie\/20251106.OBS109514\/une-faillite-morale-au-sommet-avant-la-cop30-a-belem-les-dirigeants-constatent-l-echec-sur-l-accord-de-paris.html\" target=\"_blank\" rel=\"noopener\">sommet des chefs d\u2019Etats<\/a> qui pr\u00e9c\u00e8de la COP30. \u00ab\u00a0Nous avons \u00e9t\u00e9 entendus par la Commission qui non seulement nous a donn\u00e9 une r\u00e9ponse positive sur les clauses de sauvegarde, mais a souhait\u00e9 aussi apporter des soutiens en particulier au secteur de l\u2019\u00e9levage, apporter aussi un renforcement des protections de notre march\u00e9 int\u00e9rieur avec un renforcement de notre union douani\u00e8re\u00a0\u00bb, compl\u00e8te-t-il. Il ajoute que dans \u00ab\u00a0les semaines qui viennent\u00a0\u00bb, la Commission europ\u00e9enne va mener un \u00ab\u00a0travail\u00a0\u00bb avec le Mercosur \u00ab\u00a0pour que ces clauses soient accept\u00e9es\u00a0\u00bb.<\/p>\n<p class=\"node__paragraphe antonia-750r text-grey-800 pb-24 pb-md-32\">\nDestin\u00e9 \u00e0 lib\u00e9raliser les \u00e9changes entre l\u2019UE et des pays d\u2019Am\u00e9rique du Sud, dont les deux g\u00e9ants Br\u00e9sil et Argentine, le trait\u00e9 du Mercosur avait \u00e9t\u00e9 sign\u00e9 fin 2024. Adopt\u00e9 le 3\u00a0septembre dernier par la Commission europ\u00e9enne, le texte doit encore \u00eatre approuv\u00e9 par les 27 pays membres avant d\u2019entrer en application. Mercredi, \u00e0 l\u2019issue d\u2019une rencontre entre le pr\u00e9sident br\u00e9silien Luiz In\u00e1cio\u00a0Lula da Silva et <a href=\"https:\/\/www.nouvelobs.com\/monde\/20251009.OBS108569\/ursula-von-der-leyen-echappe-a-une-motion-de-censure-deposee-par-l-extreme-droite-et-soutenue-par-les-eurodeputes-de-la-droite-francaise.html\" target=\"_blank\" rel=\"noopener\">la pr\u00e9sidente de la Commission, Ursula von der Leyen<\/a>, la pr\u00e9sidence br\u00e9silienne a indiqu\u00e9 dans un communiqu\u00e9 qu\u2019ils \u00e9taient \u00ab\u00a0dispos\u00e9s \u00e0 signer\u00a0\u00bb l\u2019accord lors du sommet du Mercosur, le 20\u00a0d\u00e9cembre \u00e0 Rio de Janeiro.<\/p>\n<p class=\"latino-500b text-grey-600 pb-16\">A lire aussi<\/p>\n<p><a href=\"https:\/\/www.nouvelobs.com\/economie\/20250903.OBS107299\/accord-ue-mercosur-trois-questions-sur-le-texte-valide-par-la-commission-europeenne-avec-un-geste-pour-la-france.html\" data-article-key=\"20250903.OBS107299\" class=\"link--box flex-grow-1\" data-piano=\"Page_Article,Lire_aussi,,Lien1,navigation\" target=\"_blank\" rel=\"noopener\"><\/p>\n<p>                <img decoding=\"async\" src=\"data:image\/svg+xml,%3Csvg%20xmlns%3D%27http%3A%2F%2Fwww.w3.org%2F2000%2Fsvg%27%20fill%3D%22%23e4e4e4%22%20viewBox%3D%270%200%20120%2080%27%20width%3D%22120%22%20height%3D%2280%22%3E%3Cpath%20d%3D%27M0%200h120v80H0z%27%2F%3E%3C%2Fsvg%3E\"  width=\"120\" height=\"80\" loading=\"lazy\" alt=\"Kaja Kallas, vice-pr\u00e9sidente de la Commission europ\u00e9enne et Maros Sefcovic, commissaire europ\u00e9en charg\u00e9 du commerce et de la s\u00e9curit\u00e9 \u00e9conomique, des relations interinstitutionnelles et de la transparence, \u00e0 Bruxelles, le 3\u00a0septembre 2025.\"\/><\/p>\n<p class=\"latino-300r latino-lg-600m text-grey-800\">\n                      <strong class=\"latino-300b latino-lg-600m text-grey-500\">R\u00e9cap\u00a0<\/strong><br \/>\n                    Accord UE-Mercosur\u00a0: trois\u00a0questions sur le texte valid\u00e9 par la Commission europ\u00e9enne (avec un geste pour la France)        <\/p>\n<p><\/a><\/p>\n<p class=\"node__paragraphe antonia-750r text-grey-800 pb-24 pb-md-32\">\nEmmanuel Macron va-t-il soutenir cette signature\u00a0? Auparavant, il avait affirm\u00e9 \u00e0 plusieurs reprises que <a href=\"https:\/\/www.nouvelobs.com\/politique\/20250222.OBS100623\/nos-agriculteurs-ne-peuvent-pas-etre-la-variable-d-ajustement-du-pouvoir-d-achat-et-des-accords-commerciaux-affirme-macron.html\" target=\"_blank\" rel=\"noopener\">cet accord n\u2019\u00e9tait \u00ab\u00a0pas acceptable en l\u2019\u00e9tat\u00a0\u00bb<\/a>, alors que les agriculteurs fran\u00e7ais redoutent une \u00ab\u00a0concurrence d\u00e9loyale\u00a0\u00bb des Sud-Am\u00e9ricains. A Belem, il se d\u00e9fend pourtant de tout changement de cap\u00a0: \u00ab\u00a0J\u2019ai \u00e9t\u00e9 coh\u00e9rent depuis le d\u00e9but. J\u2019ai dit qu\u2019en l\u2019\u00e9tat, il n\u2019\u00e9tait pas acceptable, c\u2019est pour \u00e7a que je vous dis qu\u2019il est en train d\u2019\u00eatre chang\u00e9. Et donc si ces clauses sont bien mises en \u0153uvre qui n\u2019existaient pas dans l\u2019accord, \u00e0 ce moment-l\u00e0, nous consid\u00e9rons que cet accord peut \u00eatre acceptable.\u00a0\u00bb<\/p>\n<p>\u2022 Le monde agricole s\u2019\u00e9trangle face \u00e0 ce \u00ab\u00a0reniement total\u00a0\u00bb<\/p>\n<p class=\"node__paragraphe antonia-750r text-grey-800 pb-24 pb-md-32\">\nEn France, les propos du pr\u00e9sident font siffler les oreilles des syndicats agricoles. Ce vendredi, le pr\u00e9sident de la puissante FNSEA d\u00e9nonce ni plus ni moins \u00ab\u00a0un reniement total\u00a0\u00bb d\u2019Emmanuel Macron. Apr\u00e8s avoir affirm\u00e9 au monde agricole \u00ab\u00a0sa ferme opposition\u00a0\u00bb \u00e0 cet accord, le chef de l\u2019Etat se dit d\u00e9sormais plut\u00f4t enclin \u00e0 l\u2019accepter, depuis le Br\u00e9sil, \u00ab\u00a0au c\u0153ur du territoire de nos concurrents agricoles\u00a0\u00bb, s\u2019\u00e9nerve <a href=\"https:\/\/www.nouvelobs.com\/economie\/20240223.OBS84819\/agriculture-les-tres-bonnes-affaires-d-arnaud-rousseau-le-president-de-la-fnsea.html\" target=\"_blank\" rel=\"noopener\">Arnaud Rousseau<\/a> dans un message sur X. \u00ab\u00a0En choisissant ce moment et ce lieu pour tendre la main au Mercosur, le Pr\u00e9sident de la R\u00e9publique signe sa rupture avec l\u2019agriculture fran\u00e7aise\u00a0\u00bb, pr\u00e9vient-il, d\u00e9non\u00e7ant un \u00ab\u00a0affront\u00a0\u00bb. \u00ab\u00a0Nous ne laisserons pas brader notre mod\u00e8le, nos emplois ni notre souverainet\u00e9. Nous serons combatifs, avec le soutien des Fran\u00e7ais, pour refuser un accord qui sacrifierait notre agriculture sur l\u2019autel d\u2019une mondialisation sans r\u00e8gles\u00a0\u00bb, ajoute-t-il.<\/p>\n<p class=\"node__paragraphe antonia-750r text-grey-800 pb-24 pb-md-32\">\nPour V\u00e9ronique Le Floc\u2019h, pr\u00e9sidente de la Coordination rurale, <a href=\"https:\/\/www.nouvelobs.com\/politique\/20250131.OBS99733\/la-jonction-avec-l-extreme-droite-se-fait-surtout-a-la-base-entre-la-coordination-rurale-et-le-rassemblement-national-des-convergences-de-terrain.html\" target=\"_blank\" rel=\"noopener\">syndicat marqu\u00e9 tr\u00e8s \u00e0 droite<\/a>, \u00ab\u00a0le Mercosur, c\u2019est la mort de l\u2019agriculture\u00a0\u00bb. Emmanuel Macron \u00ab\u00a0valide un plan social qui ne sera pas qu\u2019agricole, mais ira bien au-del\u00e0. Et demain, je ne sais pas qui entretiendra nos territoires\u00a0\u00bb, dit-elle \u00e0 l\u2019AFP. \u00ab\u00a0Ces clauses de sauvegarde, on n\u2019en veut pas. Il faut sortir de l\u2019agriculture de ces accords de libre-\u00e9change. C\u2019est tout\u00a0\u00bb.<\/p>\n<p class=\"node__paragraphe antonia-750r text-grey-800 pb-24 pb-md-32\">\nHistoriquement oppos\u00e9e aux accords de libre-\u00e9change, la Conf\u00e9d\u00e9ration paysanne, class\u00e9 \u00e0 gauche, d\u00e9nonce de son c\u00f4t\u00e9 \u00ab\u00a0une trahison\u00a0\u00bb. \u00ab\u00a0Il nous avait dit, la main sur le c\u0153ur, au Salon de l\u2019agriculture, qu\u2019il s\u2019opposerait \u00e0 cet accord. C\u2019\u00e9tait sa responsabilit\u00e9 d\u2019aller chercher le soutien des autres Etats membres pour trouver une minorit\u00e9 de blocage. On est plus qu\u2019en col\u00e8re\u00a0\u00bb, d\u00e9clare \u00e0 l\u2019AFP un de ses porte-parole, St\u00e9phane Galais.<\/p>\n<p>\u2022 La classe politique accuse Macron de \u00ab\u00a0brader\u00a0\u00bb l\u2019agriculture<\/p>\n<p class=\"node__paragraphe antonia-750r text-grey-800 pb-24 pb-md-32\">\nPas de soutien non plus de la classe politique. \u00c0 gauche comme \u00e0 droite, une grande partie des \u00e9lus fran\u00e7ais mart\u00e8le sa profonde opposition \u00e0 l\u2019accord du Mercosur. \u00ab\u00a0Cet accord finalis\u00e9 dans l\u2019opacit\u00e9 et s\u2019attaquant directement aux int\u00e9r\u00eats de l\u2019agriculture fran\u00e7aise doit \u00eatre rejet\u00e9\u00a0\u00bb, d\u00e9clare Marine Le Pen, la patronne des d\u00e9put\u00e9s du RN sur X. \u00ab\u00a0Apr\u00e8s l\u2019industrie, c\u2019est d\u00e9sormais notre agriculture que (le chef de l\u2019\u00c9tat, NDLR) accepte de brader\u00a0\u00bb, tance de son c\u00f4t\u00e9 sur le m\u00eame r\u00e9seau social le patron des R\u00e9publicains, Bruno Retailleau.<\/p>\n<p class=\"latino-500b text-grey-600 pb-16\">A lire aussi<\/p>\n<p><a href=\"https:\/\/www.nouvelobs.com\/economie\/20240201.OBS83964\/colere-des-agriculteurs-5-choses-a-savoir-sur-l-accord-ue-mercosur.html\" data-article-key=\"20240201.OBS83964\" class=\"link--box flex-grow-1\" data-piano=\"Page_Article,Lire_aussi,,Lien2,navigation\" target=\"_blank\" rel=\"noopener\"><\/p>\n<p>                <img decoding=\"async\" src=\"data:image\/svg+xml,%3Csvg%20xmlns%3D%27http%3A%2F%2Fwww.w3.org%2F2000%2Fsvg%27%20fill%3D%22%23e4e4e4%22%20viewBox%3D%270%200%20120%2080%27%20width%3D%22120%22%20height%3D%2280%22%3E%3Cpath%20d%3D%27M0%200h120v80H0z%27%2F%3E%3C%2Fsvg%3E\"  width=\"120\" height=\"79\" loading=\"lazy\" alt=\"Mobilisation d\u2019agriculteurs devant le Parlement europ\u00e9en, \u00e0 Bruxelles, le 1er f\u00e9vrier 2024.\"\/><\/p>\n<p class=\"latino-300r latino-lg-600m text-grey-800\">\n                      <strong class=\"latino-300b latino-lg-600m text-grey-500\">D\u00e9cryptage\u00a0<\/strong><br \/>\n                    Col\u00e8re des agriculteurs\u00a0: 5\u00a0choses \u00e0 savoir sur l\u2019accord UE-Mercosur        <\/p>\n<p><\/a><\/p>\n<p class=\"node__paragraphe antonia-750r text-grey-800 pb-24 pb-md-32\">\n\u00ab\u00a0Les lignes rouges de la France sont connues depuis le d\u00e9part (\u2026) Et aujourd\u2019hui, m\u00eame s\u2019il y a des avanc\u00e9es, le compte n\u2019y est pas\u00a0\u00bb, assure la ministre de l\u2019Agriculture Annie Genevard sur X. \u00ab\u00a0M\u00eame sa ministre de l\u2019Agriculture est contre\u00a0\u00bb, ironise <a href=\"https:\/\/www.nouvelobs.com\/economie\/20241118.OBS96558\/marine-tondelier-favorable-a-un-referendum-sur-le-traite-de-libre-echange-entre-l-ue-et-le-mercosur.html\" target=\"_blank\" rel=\"noopener\">Marine Tondelier<\/a>. \u00ab\u00a0Apr\u00e8s avoir promis la main sur le c\u0153ur qu\u2019il prot\u00e9gerait l\u2019agriculture fran\u00e7aise du Mercosur, le voici qui l\u2019abandonne \u00e0 une concurrence d\u00e9brid\u00e9e aux normes inacceptables\u00a0\u00bb, ajoute la secr\u00e9taire nationale des Ecologistes. \u00ab\u00a0Un pr\u00e9sident aussi discr\u00e9dit\u00e9 devrait se taire et laisser le Parlement d\u00e9cider\u00a0!\u00a0\u00bb, affirme de son c\u00f4t\u00e9 le secr\u00e9taire national du PCF Fabien Roussel sur X.<\/p>\n<p class=\"node__paragraphe antonia-750r text-grey-800 pb-24 pb-md-32\">\n\u00ab\u00a0Emmanuel Macron est en train de signer l\u2019arr\u00eat de mort de l\u2019agriculture fran\u00e7aise\u00a0\u00bb, d\u00e9plore sur CNews\/Europe1, l\u2019eurod\u00e9put\u00e9e insoumise Manon Aubry, critiquant le \u00ab\u00a0retournement inou\u00ef et scandaleux\u00a0\u00bb du chef de l\u2019\u00c9tat, qui \u00ab\u00a0disait qu\u2019il allait s\u2019opposer \u00e0 cet accord de libre-\u00e9change\u00a0\u00bb. Elle rappelle avoir lanc\u00e9 \u00ab\u00a0un recours devant la Cour de justice\u00a0\u00bb de l\u2019Union europ\u00e9enne, qui s\u2019il est vot\u00e9, \u00ab\u00a0suspendra l\u2019examen de cet accord\u00a0\u00bb.<\/p>\n<p class=\"node__paragraphe antonia-750r text-grey-800 pb-24 pb-md-32\">\nPour le chef des d\u00e9put\u00e9s socialiste Boris Vallaud, le pr\u00e9sident commet \u00ab\u00a0une faute\u00a0\u00bb en s\u2019appr\u00eatant \u00ab\u00a0\u00e0 dire oui\u00a0\u00bb, alors que \u00ab\u00a0le Parlement a dit non. Les Fran\u00e7ais le rejettent\u00a0\u00bb. L\u2019accord avec le Mercosur, \u00ab\u00a0c\u2019est le renoncement \u00e0 nos paysans, \u00e0 notre mod\u00e8le agricole et \u00e0 nos engagements climatiques\u00a0\u00bb, avertit-il. \u00ab\u00a0C\u2019est une trahison que vous pr\u00e9parez\u00a0\u00bb, accuse aussi le d\u00e9put\u00e9 Fran\u00e7ois Ruffin, qui si\u00e8ge au groupe \u00e9cologiste, en interpellant Emmanuel Macron.<\/p>\n<p>\u2022 Sous pression, Macron nuance son propos<\/p>\n<p class=\"node__paragraphe antonia-750r text-grey-800 pb-24 pb-md-32\">\nA-t-il eu peur d\u2019un retour de <a href=\"https:\/\/www.nouvelobs.com\/economie\/20250926.OBS108083\/une-centaine-d-agriculteurs-manifestent-devant-le-chateau-de-versailles-contre-le-mercosur.html\" target=\"_blank\" rel=\"noopener\">la col\u00e8re des agriculteurs<\/a>\u00a0? \u00ab\u00a0Nous avons commenc\u00e9 \u00e0 \u00eatre entendus par la Commission\u00a0\u00bb europ\u00e9enne, \u00ab\u00a0c\u2019est ce qui fait que j\u2019ai pu dire que j\u2019\u00e9tais plus positif quand elle a pr\u00e9sent\u00e9 un \u00e9l\u00e9ment nouveau par rapport \u00e0 l\u2019accord initial avec une clause de sauvegarde agricole robuste\u00a0\u00bb, d\u00e9clare Emmanuel Macron, en fin de journ\u00e9e, ce vendredi, lors d\u2019une conf\u00e9rence de presse \u00e0 Mexico.<\/p>\n<p class=\"node__paragraphe antonia-750r text-grey-800 pb-24 pb-md-32\">\n\u00ab\u00a0Mais je reste vigilant, comme je vous l\u2019ai dit hier \u00e9galement, car je d\u00e9fends les int\u00e9r\u00eats de la France et nous continuons \u00e0 nous battre\u00a0\u00bb, \u00ab\u00a0la France continue d\u2019attendre des r\u00e9ponses claires\u00a0\u00bb, mart\u00e8le-t-il. \u00ab\u00a0Comme je le fais depuis le premier jour avec responsabilit\u00e9 et loin de tous les discours d\u00e9magogiques, je d\u00e9fends les int\u00e9r\u00eats de nos producteurs industriels comme agriculteurs\u00a0\u00bb, poursuit-il.\u00a0Et d\u2019ajouter\u00a0: \u00ab\u00a0Je d\u00e9fends aussi l\u2019int\u00e9r\u00eat de nos consommateurs pour qu\u2019ils aient les m\u00eames garanties de s\u00e9curit\u00e9 alimentaire lorsqu\u2019on importe des produits comme lorsqu\u2019on produit chez nous.\u00a0\u00bb<\/p>\n<p class=\"node__paragraphe antonia-750r text-grey-800 pb-24 pb-md-32\">\nLe pr\u00e9sident en profite pour rappeler les conditions fran\u00e7aises\u00a0: \u00ab\u00a0Nous demandons trois \u00e9l\u00e9ments\u00a0: une clause de sauvegarde agricole robuste, effective et activable\u00a0; des mesures miroirs, notamment sur les pesticides et l\u2019alimentation animale, pour assurer que l\u2019on impose \u00e0 nos producteurs les m\u00eames r\u00e8gles qu\u2019aux producteurs dont on importe les produits\u00a0\u00bb\u00a0; \u00ab\u00a0et des contr\u00f4les sanitaires renforc\u00e9s\u00a0\u00bb. Il insiste finalement, pour bien montrer la nuance\u00a0: \u00ab\u00a0Il y a des avanc\u00e9es, ce qui me rend positif. Mais je reste vigilant parce que je n\u2019ai pas la visibilit\u00e9 sur le tout. Et donc la France continue d\u2019attendre des r\u00e9ponses claires.\u00a0\u00bb<\/p>\n<p class=\"authors latino-600m text-grey-800\">\n<p>  Par\u00a0<br \/>\nService Actu\u00a0(avec AFP)<\/p>\n","protected":false},"excerpt":{"rendered":"Emmanuel Macron lors de la s\u00e9ance pl\u00e9ni\u00e8re g\u00e9n\u00e9rale des dirigeants dans le cadre de la COP30, \u00e0 Belem,&hellip;\n","protected":false},"author":2,"featured_media":519105,"comment_status":"","ping_status":"","sticky":false,"template":"","format":"standard","meta":{"footnotes":""},"categories":[1586],"tags":[17,18666,743,11,33,1073,1777,674,1779,1011,27,11514,21426,12,316,468,25,1778,364],"class_list":{"0":"post-519104","1":"post","2":"type-post","3":"status-publish","4":"format-standard","5":"has-post-thumbnail","7":"category-europe","8":"tag-17","9":"tag-accepter","10":"tag-accord","11":"tag-actualites","12":"tag-economie","13":"tag-emmanuel-macron","14":"tag-eu","15":"tag-europe","16":"tag-european-union","17":"tag-fr","18":"tag-france","19":"tag-macron","20":"tag-mercosur","21":"tag-news","22":"tag-politique","23":"tag-pret","24":"tag-republique-francaise","25":"tag-ue","26":"tag-union-europeenne"},"share_on_mastodon":{"url":"https:\/\/pubeurope.com\/@fr\/115510515162731293","error":""},"_links":{"self":[{"href":"https:\/\/www.europesays.com\/fr\/wp-json\/wp\/v2\/posts\/519104","targetHints":{"allow":["GET"]}}],"collection":[{"href":"https:\/\/www.europesays.com\/fr\/wp-json\/wp\/v2\/posts"}],"about":[{"href":"https:\/\/www.europesays.com\/fr\/wp-json\/wp\/v2\/types\/post"}],"author":[{"embeddable":true,"href":"https:\/\/www.europesays.com\/fr\/wp-json\/wp\/v2\/users\/2"}],"replies":[{"embeddable":true,"href":"https:\/\/www.europesays.com\/fr\/wp-json\/wp\/v2\/comments?post=519104"}],"version-history":[{"count":0,"href":"https:\/\/www.europesays.com\/fr\/wp-json\/wp\/v2\/posts\/519104\/revisions"}],"wp:featuredmedia":[{"embeddable":true,"href":"https:\/\/www.europesays.com\/fr\/wp-json\/wp\/v2\/media\/519105"}],"wp:attachment":[{"href":"https:\/\/www.europesays.com\/fr\/wp-json\/wp\/v2\/media?parent=519104"}],"wp:term":[{"taxonomy":"category","embeddable":true,"href":"https:\/\/www.europesays.com\/fr\/wp-json\/wp\/v2\/categories?post=519104"},{"taxonomy":"post_tag","embeddable":true,"href":"https:\/\/www.europesays.com\/fr\/wp-json\/wp\/v2\/tags?post=519104"}],"curies":[{"name":"wp","href":"https:\/\/api.w.org\/{rel}","templated":true}]}}