{"id":519108,"date":"2025-11-07T21:24:22","date_gmt":"2025-11-07T21:24:22","guid":{"rendered":"https:\/\/www.europesays.com\/fr\/519108\/"},"modified":"2025-11-07T21:24:22","modified_gmt":"2025-11-07T21:24:22","slug":"de-retour-sur-le-terrain-melenchon-accelere-vers-2027","status":"publish","type":"post","link":"https:\/\/www.europesays.com\/fr\/519108\/","title":{"rendered":"de retour sur le terrain, M\u00e9lenchon acc\u00e9l\u00e8re vers 2027"},"content":{"rendered":"<p>\n    <strong>REPORTAGE &#8211;<\/strong> Pr\u00e9sent au Salon du made in France vendredi, l\u2019Insoumis a cherch\u00e9 \u00e0 adoucir son image aupr\u00e8s des patrons.<\/p>\n<p class=\"fig-paragraph\"><a href=\"http:\/\/www.lefigaro.fr\/politique\/concert-perturbe-a-la-philharmonie-de-paris-la-deputee-lfi-manon-aubry-ne-condamne-pas-les-incidents-20251107\" target=\"_blank\" data-fig-type=\"NewsFlash\" rel=\"noopener\" data-gtm-custom-categorie=\"navigation\" data-gtm-custom-action=\"crossclick\" data-gtm-custom-label=\"Contextuel\" data-gtm-event=\"customEventSPE\" data-fig-domain=\"LEFIGARO\">Jean-Luc M\u00e9lenchon<\/a>\u00a0ouvre sa veste et montre l\u2019\u00e9tiquette. \u00ab\u00a0Regardez bien, il y a marqu\u00e9 quoi, l\u00e0\u00a0? \u201cMade in France\u201d\u00a0!\u00a0\u00bb Face \u00e0 lui, le repr\u00e9sentant de la soci\u00e9t\u00e9 Textiles de France l\u2019interrompt\u00a0: \u00ab\u00a0Monsieur M\u00e9lenchon, vous n\u2019allez pas vous mettre en slip devant tout le monde, tout de m\u00eame\u00a0!\u00a0\u00bb Dans les couloirs du Salon du made in France, temple du cocorico \u00e9conomique qui se tient jusqu\u2019\u00e0 dimanche \u00e0 la Porte de Versailles, \u00e0 Paris, le chef des Insoumis a remis son costume de candidat \u00e0 la pr\u00e9sidentielle. M\u00eame s\u2019il ne le dit pas officiellement,\u00a0<a href=\"http:\/\/www.lefigaro.fr\/politique\/presidentielle-2027-au-second-tour-l-impasse-strategique-de-jean-luc-melenchon-20250811\" target=\"_blank\" data-fig-type=\"Article\" rel=\"noopener\" data-gtm-custom-categorie=\"navigation\" data-gtm-custom-action=\"crossclick\" data-gtm-custom-label=\"Contextuel\" data-gtm-event=\"customEventSPE\" data-fig-domain=\"LEFIGARO\">sa campagne pour 2027<\/a>\u00a0a d\u00e9j\u00e0 commenc\u00e9. D\u2019o\u00f9 son retour sur le terrain, entam\u00e9 dimanche dernier sur un march\u00e9 populaire de Choisy-le-Roi (Val-de-Marne). \u00ab\u00a0Je suis en campagne depuis cinquante ans\u00a0\u00bb, r\u00e9torque-t-il, l\u2019air de rien.<\/p>\n<p class=\"fig-paragraph\">\u00ab\u00a0Nous n\u2019avons pas la r\u00e9putation d\u2019\u00eatre pro-patrons, mais nous sommes ici parce que nous voulons trouver des accords. Parce que le jour o\u00f9 nous arriverons au pouvoir, il faudra relancer la machine\u00a0\u00bb<\/p>\n<p class=\"fig-premium-paywall__infos\">\n        Cet article est r\u00e9serv\u00e9 aux abonn\u00e9s.        Il vous reste 80% \u00e0 d\u00e9couvrir.\n    <\/p>\n<p>                <img  data- alt=\"Le Figaro\" class=\"fig-img--complete fig-img\"\/><\/p>\n<p class=\"fig-premium-paywall__title\">Vous avez envie de lire la suite ?<\/p>\n<p class=\"fig-premium-paywall__subtitle\">D\u00e9bloquez tous les articles imm\u00e9diatement.<\/p>\n<p class=\"fig-premium-paywall__connect\">\n                D\u00e9j\u00e0 abonn\u00e9\u00a0?                <a class=\"fig-premium-paywall__connect-link\" href=\"https:\/\/connect.lefigaro.fr\/login?client=horizon_web&amp;type=main&amp;redirect_uri=https%3A%2F%2Fwww.lefigaro.fr%2Fpolitique%2Fje-suis-en-campagne-depuis-cinquante-ans-de-retour-sur-le-terrain-melenchon-accelere-vers-2027-20251107\" data-js-gtm=\"{&quot;customCategorie&quot;: &quot;conversion&quot;, &quot;customAction&quot;: &quot;before_Landing_Connexion_paywall_auto&quot;, &quot;customLabel&quot;: &quot;bGVmaWdhcm8uZnJfXzFmMGJiYmZiLWY2NjctNjU1Ni04ODFkLTM5NTM0NDAzYTA0ZF9fQXJ0aWNsZQ==_\u00abJe suis en campagne depuis cinquante ans\u00bb\u00a0: de retour sur le terrain, M\u00e9lenchon acc\u00e9l\u00e8re vers 2027_189&quot;, &quot;customIDSPE&quot;: &quot;bGVmaWdhcm8uZnJfXzFmMGJiYmZiLWY2NjctNjU1Ni04ODFkLTM5NTM0NDAzYTA0ZF9fQXJ0aWNsZQ==&quot;, &quot;event&quot;: &quot;customEventSPE&quot;}\" target=\"_blank\" rel=\"noopener\"><br \/>\n                    Connectez-vous<br \/>\n                <\/a>\n            <\/p>\n","protected":false},"excerpt":{"rendered":"REPORTAGE &#8211; Pr\u00e9sent au Salon du made in France vendredi, l\u2019Insoumis a cherch\u00e9 \u00e0 adoucir son image aupr\u00e8s&hellip;\n","protected":false},"author":2,"featured_media":519109,"comment_status":"","ping_status":"","sticky":false,"template":"","format":"standard","meta":{"footnotes":""},"categories":[2],"tags":[11,3079,1011,27,3081,2338,12,25],"class_list":{"0":"post-519108","1":"post","2":"type-post","3":"status-publish","4":"format-standard","5":"has-post-thumbnail","7":"category-actualites","8":"tag-actualites","9":"tag-election-presidentielle-2027","10":"tag-fr","11":"tag-france","12":"tag-jean-luc-melenchon","13":"tag-la-france-insoumise","14":"tag-news","15":"tag-republique-francaise"},"share_on_mastodon":{"url":"https:\/\/pubeurope.com\/@fr\/115510526879565599","error":""},"_links":{"self":[{"href":"https:\/\/www.europesays.com\/fr\/wp-json\/wp\/v2\/posts\/519108","targetHints":{"allow":["GET"]}}],"collection":[{"href":"https:\/\/www.europesays.com\/fr\/wp-json\/wp\/v2\/posts"}],"about":[{"href":"https:\/\/www.europesays.com\/fr\/wp-json\/wp\/v2\/types\/post"}],"author":[{"embeddable":true,"href":"https:\/\/www.europesays.com\/fr\/wp-json\/wp\/v2\/users\/2"}],"replies":[{"embeddable":true,"href":"https:\/\/www.europesays.com\/fr\/wp-json\/wp\/v2\/comments?post=519108"}],"version-history":[{"count":0,"href":"https:\/\/www.europesays.com\/fr\/wp-json\/wp\/v2\/posts\/519108\/revisions"}],"wp:featuredmedia":[{"embeddable":true,"href":"https:\/\/www.europesays.com\/fr\/wp-json\/wp\/v2\/media\/519109"}],"wp:attachment":[{"href":"https:\/\/www.europesays.com\/fr\/wp-json\/wp\/v2\/media?parent=519108"}],"wp:term":[{"taxonomy":"category","embeddable":true,"href":"https:\/\/www.europesays.com\/fr\/wp-json\/wp\/v2\/categories?post=519108"},{"taxonomy":"post_tag","embeddable":true,"href":"https:\/\/www.europesays.com\/fr\/wp-json\/wp\/v2\/tags?post=519108"}],"curies":[{"name":"wp","href":"https:\/\/api.w.org\/{rel}","templated":true}]}}