{"id":519112,"date":"2025-11-07T21:28:18","date_gmt":"2025-11-07T21:28:18","guid":{"rendered":"https:\/\/www.europesays.com\/fr\/519112\/"},"modified":"2025-11-07T21:28:18","modified_gmt":"2025-11-07T21:28:18","slug":"pro-d2-les-resultats-de-la-soiree-biarritz-confirme-son-embellie-le-gros-coup-de-provence-rugby","status":"publish","type":"post","link":"https:\/\/www.europesays.com\/fr\/519112\/","title":{"rendered":"Pro D2 \u2013 Les r\u00e9sultats de la soir\u00e9e\u00a0: Biarritz confirme son embellie, le gros coup de Provence Rugby"},"content":{"rendered":"<p class=\"article-full__chapo\">\n                Beaucoup de scores fleuves et d\u2019\u00e9quipes sereines \u00e0 domicile pour cette dixi\u00e8me journ\u00e9e de championnat. Biarritz a encha\u00een\u00e9 un quatri\u00e8me match de rang sans d\u00e9faite quand Provence Rugby a r\u00e9alis\u00e9 un gros coup en triomphant sur la pelouse de Colomiers. Voici tous les r\u00e9sultats de ce vendredi\u00a0!\n            <\/p>\n<p>Colomiers \u2013 Provence Rugby\u00a0: 10-12<\/p>\n<blockquote data-class=\"twitter-tweet\">\n<p lang=\"fr\" dir=\"ltr\">\\ud83d\\udd34 ????? ????? \\ud83e\\udd1d| C&rsquo;est termin\u00e9 ! Les Noirs s&rsquo;imposent sur la pelouse de Colomiers !<\/p>\n<p>\\ud83d\\udd35\\u26aa\\ufe0fCOL 10 \u2013 12 PR \\ud83d\\udfe0\\u26aa\\ufe0f <a href=\"https:\/\/t.co\/0ul8FGzZsk\">pic.twitter.com\/0ul8FGzZsk<\/a><\/p>\n<p>\u2014 Provence Rugby \\u26ab\\ufe0f\\ud83c\\udfc9 (@ProvenceRugby) <a href=\"https:\/\/twitter.com\/ProvenceRugby\/status\/1986883230491169250?ref_src=twsrc%5Etfw\" target=\"_blank\" rel=\"noopener\">November 7, 2025<\/a><\/p><\/blockquote>\n<p>Biarritz \u2013 Agen\u00a0: 33-16<\/p>\n<p>Brive \u2013 Mont-de-Marsan\u00a0: 68-10<\/p>\n<blockquote data-class=\"twitter-tweet\">\n<p lang=\"fr\" dir=\"ltr\">Flop\u00e9e d\u2019essais au Stadium ! Les Noir &amp; Blanc remportent le match en inscrivant 10 essais, apr\u00e8s de belles intentions de jeu et de la rigueur en zone de marque \\ud83c\\udfaf<\/p>\n<p>Un dernier d\u00e9placement \u00e0 B\u00e9ziers viendra conclure le bloc \\ud83d\\udcaa <a href=\"https:\/\/t.co\/zAzzSTp4V2\">pic.twitter.com\/zAzzSTp4V2<\/a><\/p>\n<p>\u2014 CA Brive Rugby (@CABCLRUGBY) <a href=\"https:\/\/twitter.com\/CABCLRUGBY\/status\/1986893094692823109?ref_src=twsrc%5Etfw\" target=\"_blank\" rel=\"noopener\">November 7, 2025<\/a><\/p><\/blockquote>\n<p>Oyonnax \u2013 Soyaux-Angoul\u00eame\u00a0: 50-21<\/p>\n<p>Dax \u2013 Carcassonne\u00a0: 19-0<\/p>\n<p>Valence-Romans \u2013 Aurillac\u00a0: 53-22<\/p>\n<p>Nevers \u2013 Vannes\u00a0: en cours<\/p>\n<p><strong><a href=\"https:\/\/www.rugbyrama.fr\/2025\/11\/07\/direct-pro-d2-nevers-vannes-suivez-le-match-de-la-10eme-journee-13039446.php\" target=\"_self\" rel=\"noopener\">Cliquez ici pour suivre la rencontre en direct\u00a0!<\/a><\/strong><\/p>\n<p>            <script async src=\"https:\/\/platform.twitter.com\/widgets.js\" charset=\"utf-8\"><\/script><\/p>\n","protected":false},"excerpt":{"rendered":"Beaucoup de scores fleuves et d\u2019\u00e9quipes sereines \u00e0 domicile pour cette dixi\u00e8me journ\u00e9e de championnat. Biarritz a encha\u00een\u00e9&hellip;\n","protected":false},"author":2,"featured_media":519113,"comment_status":"","ping_status":"","sticky":false,"template":"","format":"standard","meta":{"footnotes":""},"categories":[1416],"tags":[1011,27,479,1468,60],"class_list":{"0":"post-519112","1":"post","2":"type-post","3":"status-publish","4":"format-standard","5":"has-post-thumbnail","7":"category-rugby","8":"tag-fr","9":"tag-france","10":"tag-rugby","11":"tag-rugby-football","12":"tag-sports"},"share_on_mastodon":{"url":"https:\/\/pubeurope.com\/@fr\/115510542679024155","error":""},"_links":{"self":[{"href":"https:\/\/www.europesays.com\/fr\/wp-json\/wp\/v2\/posts\/519112","targetHints":{"allow":["GET"]}}],"collection":[{"href":"https:\/\/www.europesays.com\/fr\/wp-json\/wp\/v2\/posts"}],"about":[{"href":"https:\/\/www.europesays.com\/fr\/wp-json\/wp\/v2\/types\/post"}],"author":[{"embeddable":true,"href":"https:\/\/www.europesays.com\/fr\/wp-json\/wp\/v2\/users\/2"}],"replies":[{"embeddable":true,"href":"https:\/\/www.europesays.com\/fr\/wp-json\/wp\/v2\/comments?post=519112"}],"version-history":[{"count":0,"href":"https:\/\/www.europesays.com\/fr\/wp-json\/wp\/v2\/posts\/519112\/revisions"}],"wp:featuredmedia":[{"embeddable":true,"href":"https:\/\/www.europesays.com\/fr\/wp-json\/wp\/v2\/media\/519113"}],"wp:attachment":[{"href":"https:\/\/www.europesays.com\/fr\/wp-json\/wp\/v2\/media?parent=519112"}],"wp:term":[{"taxonomy":"category","embeddable":true,"href":"https:\/\/www.europesays.com\/fr\/wp-json\/wp\/v2\/categories?post=519112"},{"taxonomy":"post_tag","embeddable":true,"href":"https:\/\/www.europesays.com\/fr\/wp-json\/wp\/v2\/tags?post=519112"}],"curies":[{"name":"wp","href":"https:\/\/api.w.org\/{rel}","templated":true}]}}