{"id":519120,"date":"2025-11-07T21:35:30","date_gmt":"2025-11-07T21:35:30","guid":{"rendered":"https:\/\/www.europesays.com\/fr\/519120\/"},"modified":"2025-11-07T21:35:30","modified_gmt":"2025-11-07T21:35:30","slug":"anna-cabana-soutient-lea-salame-face-aux-critiques-sur-son-compagnon-raphael-glucksmann","status":"publish","type":"post","link":"https:\/\/www.europesays.com\/fr\/519120\/","title":{"rendered":"Anna Cabana soutient L\u00e9a Salam\u00e9 face aux critiques sur son compagnon Rapha\u00ebl Glucksmann"},"content":{"rendered":"<p>\n    <strong>VID\u00c9O<\/strong> &#8211; Sur le plateau du \u00abBuzz TV\u00bb ce vendredi, la pr\u00e9sentatrice du \u00abBanquet\u00bb sur LCP et \u00e9pouse de Jean-Michel Blanquer \u00e0 la ville, a apport\u00e9 son soutien \u00e0 la pr\u00e9sentatrice du 20 Heures de France 2.<\/p>\n<p class=\"fig-paragraph\">Apr\u00e8s une dizaine d\u2019ann\u00e9es pass\u00e9es sur l\u2019antenne de BFMTV,\u00a0<a href=\"https:\/\/tvmag.lefigaro.fr\/programme-tv\/anna-cabana-dans-ma-situation-il-n-y-a-pas-de-solutions-parfaites-mais-j-ai-choisi-la-moins-imparfaite_f51e1f84-791d-11ec-81d1-fb371ca4993d\" target=\"_blank\" data-fig-type=\"Article\" rel=\"noopener\" data-gtm-custom-categorie=\"navigation\" data-gtm-custom-action=\"crossclick\" data-gtm-custom-label=\"Contextuel\" data-gtm-event=\"customEventSPE\" data-fig-domain=\"TVMAG\"><strong>Anna Cabana<\/strong><\/a> \u00a0a quitt\u00e9 la cha\u00eene d\u2019information en continu pour rejoindre LCP et pr\u00e9senter \u00abLe Banquet\u00bb, dont le prochain num\u00e9ro est diffus\u00e9 ce vendredi soir \u00e0 21 heures et sera consacr\u00e9 aux prix litt\u00e9raires. Elle est accompagn\u00e9e, pour chaque num\u00e9ro, par G\u00e9rard Holtz, qui a fait une entorse \u00e0 sa retraite, entam\u00e9e en 2016 apr\u00e8s son d\u00e9part de France T\u00e9l\u00e9visions, pour ce programme du Canal 8. \u00abC\u2019est un peu de ma faute\u00bb, conc\u00e8de la journaliste politique, invit\u00e9e sur le plateau du \u00abBuzz TV\u00bb ce vendredi. \u00abCet \u00e9t\u00e9, quand je l\u2019ai appel\u00e9, il a dit oui tout de suite. Je me suis dit qu\u2019on serait tr\u00e8s compl\u00e9mentaires\u00bb, ajoute-t-elle.<\/p>\n<p class=\"fig-paragraph\">Lors de cet entretien, Anna Cabana, \u00e9galement responsable des pages livres \u00e0 La Tribune Dimanche, est revenue sur son d\u00e9part de BFMTV \u00e0 la fin de la saison derni\u00e8re et en explique les raisons. \u00abJ\u2019avais tr\u00e8s envie de faire de la culture, ce que ne propose pas BFMTV \u00e0 ses t\u00e9l\u00e9spectateurs, ce n\u2019est pas tellement dans son ADN, quelle que soit la p\u00e9riodicit\u00e9 du magazine\u00bb, explique celle qui a tout de m\u00eame r\u00e9agi aux audiences de son ancienne cha\u00eene, d\u00e9sormais rel\u00e9gu\u00e9e au rang de deuxi\u00e8me place des cha\u00eenes info derri\u00e8re CNews. \u00abLa fa\u00e7on dont on cherche des poux \u00e0 BFMTV m\u2019attriste. C\u2019est une cha\u00eene exceptionnelle\u00bb, tient-elle \u00e0 rappeler.<\/p>\n<p class=\"fig-body-link\">\n            \u00c0 lire aussi<br \/>\n        <a class=\"fig-body-link__link fig-premium-mark\" href=\"http:\/\/tvmag.lefigaro.fr\/programme-tv\/actu-tele\/apolline-de-malherbe-bfmtv-parle-de-tout-a-tous-les-francais-20251106\" target=\"_blank\" data-fig-type=\"Article\" rel=\"noopener\" data-gtm-custom-categorie=\"navigation\" data-gtm-custom-action=\"crossclick\" data-gtm-custom-label=\"Contextuel\" data-gtm-event=\"customEventSPE\" data-fig-domain=\"TVMAG\"><\/p>\n<p>        Apolline de Malherbe\u00a0: \u00abBFMTV parle de tout, \u00e0 tous les Fran\u00e7ais\u00bb<br \/>\n    <\/a>\n<\/p>\n<p>                                    <a class=\"fig-a11y-skip a11y-hidden\" href=\"#fig-a11y-skip-main-inarticle\"><br \/>\n        Passer la publicit\u00e9<br \/>\n    <\/a><\/p>\n<p class=\"fig-paragraph\">Interrog\u00e9e sur les attaques dont est victime sa cons\u0153ur\u00a0<a href=\"http:\/\/tvmag.lefigaro.fr\/programme-tv\/ce-soir-tele\/quelle-epoque-qui-sont-les-invites-de-lea-salame-ce-samedi-1er-novembre-2025-20251101\" target=\"_blank\" data-fig-type=\"Article\" rel=\"noopener\" data-gtm-custom-categorie=\"navigation\" data-gtm-custom-action=\"crossclick\" data-gtm-custom-label=\"Contextuel\" data-gtm-event=\"customEventSPE\" data-fig-domain=\"TVMAG\"><strong>L\u00e9a Salam\u00e9<\/strong><\/a> \u00a0\u00e0 la t\u00eate du 20 Heures, et notamment sur les soup\u00e7ons de conflit d\u2019int\u00e9r\u00eats parce que compagne de\u00a0<a href=\"http:\/\/tvmag.lefigaro.fr\/programme-tv\/people\/je-ne-serais-pas-avec-lui-lea-salame-se-confie-sur-la-fonction-de-politique-de-raphael-glucksmann-20250925\" target=\"_blank\" data-fig-type=\"Article\" rel=\"noopener\" data-gtm-custom-categorie=\"navigation\" data-gtm-custom-action=\"crossclick\" data-gtm-custom-label=\"Contextuel\" data-gtm-event=\"customEventSPE\" data-fig-domain=\"TVMAG\"><strong>Rapha\u00ebl Glucksmann<\/strong><\/a>, Anna Cabana la d\u00e9fend. \u00abIls ont assez prouv\u00e9 tous les deux que lui, c\u2019est lui et elle, c\u2019est elle, estime l\u2019ex-plume de Marianne et du JDD. Il faut la juger sur ce qu\u2019elle fait et ce qu\u2019elle dit, elle n\u2019a fait aucune faute, jamais. Elle tient une ligne et il la tient de son c\u00f4t\u00e9 et honn\u00eatement, ils sont irr\u00e9prochables\u00bb.\u00a0<\/p>\n<p class=\"fig-paragraph\">Anna Cabana ne comprend pas les critiques. \u00abEt cette suspicion, \u00e7a veut dire quoi\u00a0?, se demande-t-elle. On ne peut pas penser par soi-m\u00eame\u00a0? Il y a quelqu\u2019un en France qui a un doute sur le fait que L\u00e9a Salam\u00e9 a une libre pens\u00e9e et un libre arbitre\u00a0? C\u2019est mal la conna\u00eetre, il suffit de la regarder dans l\u2019exercice de ses fonctions de journaliste depuis 25 ans, \u00e0 aucun moment, elle n\u2019a montr\u00e9 autre chose que la force d\u2019une femme libre et audacieuse. Non seulement, je pense qu\u2019il n\u2019y a aucun sujet et en plus, il faut la soutenir. Je connais la question\u00bb.<\/p>\n<blockquote class=\"fig-quote&#10;    \">\n<p class=\"fig-quote__text\">J\u2019ai arr\u00eat\u00e9 de parler politique pendant qu\u2019il \u00e9tait au gouvernement<\/p>\n<p>            Anna Caban \u00e0 propos de son mari Jean-Michel Blanquer\n    <\/p><\/blockquote>\n<p class=\"fig-paragraph\">Mari\u00e9e \u00e0\u00a0<a href=\"http:\/\/www.lefigaro.fr\/vox\/societe\/la-civilisation-francaise-est-mortelle-les-extraits-exclusifs-du-nouveau-livre-de-jean-michel-blanquer-20251104\" target=\"_blank\" data-fig-type=\"Article\" rel=\"noopener\" data-gtm-custom-categorie=\"navigation\" data-gtm-custom-action=\"crossclick\" data-gtm-custom-label=\"Contextuel\" data-gtm-event=\"customEventSPE\" data-fig-domain=\"LEFIGARO\">Jean-Michel Blanquer<\/a>, ancien ministre de l\u2019\u00c9ducation, Anna Cabana conna\u00eet en effet le sujet. Elle avait d\u2019ailleurs choisi de se retirer de l\u2019antenne de BFMTV en 2017, pendant la campagne pr\u00e9sidentielle, pour \u00e9viter tout conflit d\u2019int\u00e9r\u00eats. \u00abJ\u2019ai arr\u00eat\u00e9 de parler politique pendant qu\u2019il \u00e9tait au gouvernement, confirme-t-elle. La question de faire un pas de c\u00f4t\u00e9 et de prendre un peu de champ \u00e0 un certain moment quand l\u2019exacerbation des tensions en politique est \u00e0 son comble peut se poser\u00bb.<\/p>\n<p class=\"fig-paragraph\">\u00c0 la question de savoir si elle est choqu\u00e9e qu\u2019une femme se retire pour son mari, Anna Cabana joue la transparence. \u00abVous voulez la vraie r\u00e9ponse\u00a0? \u00c7a me choque absolument, r\u00e9plique-t-elle. Si on \u00e9tait une d\u00e9mocratie qui n\u2019avait pas cette suspicion et cette d\u00e9fiance \u00e0 l\u2019endroit des politiques et des journalistes, il n\u2019y aurait pas de sujet et L\u00e9a pourrait \u00e9videmment continuer de faire son job au 20 Heures et n\u2019importe o\u00f9 ailleurs m\u00eame si son homme \u00e9tait candidat \u00e0 la pr\u00e9sidentielle. Compte tenu de cette suspicion, la raison raisonnable c\u2019est de se retirer. J\u2019en suis navr\u00e9e\u00bb.<\/p>\n","protected":false},"excerpt":{"rendered":"VID\u00c9O &#8211; Sur le plateau du \u00abBuzz TV\u00bb ce vendredi, la pr\u00e9sentatrice du \u00abBanquet\u00bb sur LCP et \u00e9pouse&hellip;\n","protected":false},"author":2,"featured_media":519121,"comment_status":"","ping_status":"","sticky":false,"template":"","format":"standard","meta":{"footnotes":""},"categories":[1359],"tags":[58,59,1011,27,64011,3806,973,15923],"class_list":{"0":"post-519120","1":"post","2":"type-post","3":"status-publish","4":"format-standard","5":"has-post-thumbnail","7":"category-people","8":"tag-divertissement","9":"tag-entertainment","10":"tag-fr","11":"tag-france","12":"tag-jean-michel-blanquer","13":"tag-lea-salame","14":"tag-people","15":"tag-raphael-glucksmann"},"share_on_mastodon":{"url":"https:\/\/pubeurope.com\/@fr\/115510570335043558","error":""},"_links":{"self":[{"href":"https:\/\/www.europesays.com\/fr\/wp-json\/wp\/v2\/posts\/519120","targetHints":{"allow":["GET"]}}],"collection":[{"href":"https:\/\/www.europesays.com\/fr\/wp-json\/wp\/v2\/posts"}],"about":[{"href":"https:\/\/www.europesays.com\/fr\/wp-json\/wp\/v2\/types\/post"}],"author":[{"embeddable":true,"href":"https:\/\/www.europesays.com\/fr\/wp-json\/wp\/v2\/users\/2"}],"replies":[{"embeddable":true,"href":"https:\/\/www.europesays.com\/fr\/wp-json\/wp\/v2\/comments?post=519120"}],"version-history":[{"count":0,"href":"https:\/\/www.europesays.com\/fr\/wp-json\/wp\/v2\/posts\/519120\/revisions"}],"wp:featuredmedia":[{"embeddable":true,"href":"https:\/\/www.europesays.com\/fr\/wp-json\/wp\/v2\/media\/519121"}],"wp:attachment":[{"href":"https:\/\/www.europesays.com\/fr\/wp-json\/wp\/v2\/media?parent=519120"}],"wp:term":[{"taxonomy":"category","embeddable":true,"href":"https:\/\/www.europesays.com\/fr\/wp-json\/wp\/v2\/categories?post=519120"},{"taxonomy":"post_tag","embeddable":true,"href":"https:\/\/www.europesays.com\/fr\/wp-json\/wp\/v2\/tags?post=519120"}],"curies":[{"name":"wp","href":"https:\/\/api.w.org\/{rel}","templated":true}]}}