{"id":519124,"date":"2025-11-07T21:40:33","date_gmt":"2025-11-07T21:40:33","guid":{"rendered":"https:\/\/www.europesays.com\/fr\/519124\/"},"modified":"2025-11-07T21:40:33","modified_gmt":"2025-11-07T21:40:33","slug":"en-direct-star-academy-lea-decroche-limmunite-pour-la-semaine-prochaine","status":"publish","type":"post","link":"https:\/\/www.europesays.com\/fr\/519124\/","title":{"rendered":"EN DIRECT &#8211; \u00ab\u00a0Star Academy\u00a0\u00bb : L\u00e9a d\u00e9croche l&rsquo;immunit\u00e9 pour la semaine prochaine"},"content":{"rendered":"<ul class=\"jsx-862013697 ArticleChapo__List\">\n<li class=\"jsx-862013697 ArticleChapo__List_Item flex\">Fait exceptionnel \u00e0 la \u00ab\u00a0Star Academy\u00a0\u00bb, ils sont neuf \u00e0 jouer leur place dans l&rsquo;aventure ce vendredi 7 novembre en direct sur TF1 et en streaming sur TF1+.<\/li>\n<li class=\"jsx-862013697 ArticleChapo__List_Item flex\">La comp\u00e9tition se poursuit avec des groupes que le public devra d\u00e9partager dans un premier temps.<\/li>\n<li class=\"jsx-862013697 ArticleChapo__List_Item flex\">Suivez les prestations en direct avec nous.<\/li>\n<\/ul>\n<p data-module=\"article-paragraph\" class=\"jsx-3046738180 Paragraph\">\u00c0 prime exceptionnel, programmation exceptionnelle. Diffus\u00e9 en direct ce vendredi pour cause de rugby ce samedi, le rendez-vous hebdomadaire de la \u00ab\u00a0Star Academy\u00a0\u00bb rebat ses r\u00e8gles pour la premi\u00e8re fois avec 9 \u00e9l\u00e8ves sur le banc des nomm\u00e9s ce vendredi soir. La cons\u00e9quence d&rsquo;une semaine d&rsquo;\u00e9valuations en \u00e9quipes qui a vu les Jaunes <a href=\"https:\/\/www.tf1info.fr\/culture\/programme-tv-tf1-star-academy-2025-une-equipe-immunisee-lors-d-evaluations-inedites-qui-sont-les-10-eleves-en-danger-2404701.html\" target=\"_blank\" rel=\"noopener\">d\u00e9crocher l&rsquo;immunit\u00e9 offerte par les professeurs<\/a>.\u00a0<\/p>\n<p data-module=\"article-paragraph\" class=\"jsx-3046738180 Paragraph Paragraph__End\">Pour les Bleus (Ambre, Melissa, Sarah, L\u00e9o et Noah) et les Roses (Anouk, Jeanne, L\u00e9ane, Th\u00e9o P. et Th\u00e9o L.), tout se jouera avec diff\u00e9rentes \u00e9preuves tout au long de la soir\u00e9e. L\u2019un d\u2019eux sera \u00e0 nouveau sauv\u00e9 par le public. Les cinq \u00e9l\u00e8ves restants tenteront ensuite de sauver leur place individuellement. Deux d&rsquo;entre eux seront sauv\u00e9s par le public, un par les professeurs et un par ses camarades. \u00c0 noter qu&rsquo;Ambre, <a href=\"https:\/\/www.tf1info.fr\/culture\/programme-tv-tf1-replay-streaming-star-academy-2025-ambre-magistrale-la-benjamine-de-la-promo-impressionne-encore-2404151.html\" target=\"_blank\" rel=\"noopener\">immunis\u00e9e lors du prime pr\u00e9c\u00e9dent<\/a>, ne risque pas sa place.<\/p>\n<p>Minute par minuteREPLAY22:39<\/p>\n<p>On profite de la pub pour revoir la version tr\u00e8s personnelle d&rsquo;une des plus belles chansons de la grande Edith Piaf par Sarah et Zaz.<\/p>\n<p>Star Academy 2025 &#8211; Sarah et Zaz chantent \u00ab La vie en rose \u00bb d\u2019Edith PiafSource : Star Academy<\/p>\n<p><img decoding=\"async\" src=\"https:\/\/photos.tf1info.fr\/images\/383\/215\/sarah-et-zaz-chantent-la-vie-en-rose-dedith-piaf-1bcae0-d60e28-0@1x.jpeg\" alt=\"Star Academy 2025 - Sarah et Zaz chantent \u00ab La vie en rose \u00bb d\u2019Edith Piaf\" loading=\"lazy\" importance=\"low\" fetchpriority=\"low\" class=\"\"\/><img decoding=\"async\" src=\"https:\/\/www.tf1info.fr\/images\/icons\/player-logo-play.svg\" alt=\"Logo lecture\" class=\"jsx-d0de44c05fe3042c PlayerLazyload__Play\"\/>EN DUO22:35<\/p>\n<p>Ema encha\u00eene avec un duo avec la marraine de la promo 2024, Clara Luciani, sur \u00ab\u00a0Amour toujours\u00a0\u00bb. La chanteuse avait juste avant chanter \u00ab\u00a0Cette vie\u00a0\u00bb avec Bastiaan.<\/p>\n<p><img decoding=\"async\" src=\"https:\/\/www.europesays.com\/fr\/wp-content\/uploads\/2025\/11\/ema-clara-luciani-star-ac-4731f2-0@1x.jpeg\" alt=\"TF1\" loading=\"lazy\" importance=\"low\" fetchpriority=\"low\" class=\"\"\/>TF1RENCONTRE22:33<\/p>\n<p>D&rsquo;ailleurs, qu&rsquo;a pens\u00e9 Glen Powell de sa venue au Ch\u00e2teau dimanche dernier ? Il nous raconte !<\/p>\n<p>Culture, m\u00e9dias et divertissement<img decoding=\"async\" src=\"https:\/\/www.europesays.com\/fr\/wp-content\/uploads\/2025\/11\/glen-powell-running-man-star-ac-8976f5-0@1x.jpeg\" alt=\"&quot;J'ai ador\u00e9&quot; : Glen Powell, le prot\u00e9g\u00e9 de Tom Cruise, nous raconte sa visite de la &quot;Star Academy&quot;\" loading=\"lazy\" importance=\"low\" fetchpriority=\"low\" class=\"\" aria-hidden=\"true\"\/>Publi\u00e9 le 4 novembre 2025 \u00e0 13h18C&rsquo;\u00c9TAIT COMMENT, CETT SEMAINE ?22:33<\/p>\n<p>\u00c0 Ema de raconter en musique ce que les \u00e9l\u00e8ves ont v\u00e9cu cette semaine, de leurs \u00e9valuations en groupes au tapis rouge du film Running Man avec la star hollywoodienne Glen Powell.<\/p>\n<p><img decoding=\"async\" src=\"https:\/\/www.europesays.com\/fr\/wp-content\/uploads\/2025\/11\/ema-star-ac-7-nov-95932c-0@1x.jpeg\" alt=\"TF1\" loading=\"lazy\" importance=\"low\" fetchpriority=\"low\" class=\"\"\/>TF1EN PISTE !22:24<\/p>\n<p>Place d\u00e9sormais au d\u00e9fi de danse ! Le professeur Jonathan Jenvrin a concoct\u00e9 aux deux groupes une chor\u00e9graphie aux petits oignons sur \u00ab\u00a0Pump It\u00a0\u00bb des Black Eyed Peas. L&rsquo;avis du teacher ? La victoire \u00e0 l&rsquo;\u00e9quipe Rose ! Mais l\u00e0 encore, c&rsquo;est le public qui aura le dernier mot.<\/p>\n<p>EN DUO22:21<\/p>\n<p>Au tour d&rsquo;Anouk de d\u00e9fendre les siens, l&rsquo;\u00e9quipe Rose ! Elle reprend \u00ab\u00a0Comme un boomerang\u00a0\u00bb avec Etienne Daho. \u00ab\u00a0C&rsquo;est la premi\u00e8re fois que je chantais sans Dani. Je pense que Dani et Gainsbourg, o\u00f9 qu&rsquo;ils soient, je pense sont tr\u00e8s contents que je chante avec Anouk\u00a0\u00bb, d\u00e9clare l&rsquo;interpr\u00e8te de \u00ab\u00a0Week-end \u00e0 Rome\u00a0\u00bb.<\/p>\n<p><img decoding=\"async\" src=\"https:\/\/www.europesays.com\/fr\/wp-content\/uploads\/2025\/11\/anouck-etienne-daho-star-ac-100121-0@1x.jpeg\" alt=\"TF1\" loading=\"lazy\" importance=\"low\" fetchpriority=\"low\" class=\"\"\/>TF1REPLAY22:19<\/p>\n<p>Revivez la battle qui a offert \u00e0 L\u00e9a l&rsquo;immunit\u00e9 :<\/p>\n<p>Star Academy 2025 &#8211; Le battle du Top 5 :  Victor, L\u00e9a, Bastiaan, Lily et Ema chantent \u00ab Le chanteur malheureux \u00bb  de Claude Fran\u00e7oisSource : Star Academy<\/p>\n<p><img decoding=\"async\" src=\"https:\/\/photos.tf1info.fr\/images\/383\/215\/le-battle-du-top-5-victor-lea-bastiaan-lily-et-ema-chantent-le-chanteur-malheureux-de-claude-francois-049c06-788c6f-0@1x.jpeg\" alt=\"Star Academy 2025 - Le battle du Top 5 :  Victor, L\u00e9a, Bastiaan, Lily et Ema chantent \u00ab Le chanteur malheureux \u00bb  de Claude Fran\u00e7ois\" loading=\"lazy\" importance=\"low\" fetchpriority=\"low\" class=\"\"\/><img decoding=\"async\" src=\"https:\/\/www.tf1info.fr\/images\/icons\/player-logo-play.svg\" alt=\"Logo lecture\" class=\"jsx-d0de44c05fe3042c PlayerLazyload__Play\"\/>EN DUO22:17<\/p>\n<p>Sarah, en danger avec l&rsquo;\u00e9quipe des Bleus, partage la sc\u00e8ne avec Zaz avec qui elle redonne un coup de fouet \u00e0 \u00ab\u00a0La vie en rose\u00a0\u00bb d&rsquo;Edith Piaf. L&rsquo;ancienne coach de \u00ab\u00a0The Voice\u00a0\u00bb a ador\u00e9 chanter avec la jeune femme, avec qui la connexion a \u00e9t\u00e9 imm\u00e9diate.<\/p>\n<p><img decoding=\"async\" src=\"https:\/\/www.europesays.com\/fr\/wp-content\/uploads\/2025\/11\/sarah-zaz-star-ac-7c76de-0@1x.jpeg\" alt=\"TF1\" loading=\"lazy\" importance=\"low\" fetchpriority=\"low\" class=\"\"\/>TF1REPLAY22:09<\/p>\n<p>Ne manquez pas l&rsquo;autoportrait de Victor, en particulier la fin&#8230;<\/p>\n<p>Star Academy 2025 &#8211; L\u2019autoportrait de Victor sur \u00ab Toxic \u00bb, \u00ab Beau malheur \u00bb, \u00ab Bad boy \u00bb et \u00ab Rise like a Phoenix \u00bbSource : Star Academy<\/p>\n<p><img decoding=\"async\" src=\"https:\/\/photos.tf1info.fr\/images\/383\/215\/lautoportrait-de-victor-sur-toxic-beau-malheur-bad-boy-et-rise-like-a-phoenix-65a416-128fa7-0@1x.jpeg\" alt=\"Star Academy 2025 - L\u2019autoportrait de Victor sur \u00ab Toxic \u00bb, \u00ab Beau malheur \u00bb, \u00ab Bad boy \u00bb et \u00ab Rise like a Phoenix \u00bb\" loading=\"lazy\" importance=\"low\" fetchpriority=\"low\" class=\"\"\/><img decoding=\"async\" src=\"https:\/\/www.tf1info.fr\/images\/icons\/player-logo-play.svg\" alt=\"Logo lecture\" class=\"jsx-d0de44c05fe3042c PlayerLazyload__Play\"\/>ET L&rsquo;IMMUNIT\u00c9 A \u00c9T\u00c9 GAGN\u00c9E PAR&#8230;21:58<\/p>\n<p>Les cinq vainqueurs des \u00e9valuations s&rsquo;affrontent sur \u00ab\u00a0Un chanteur malheureux\u00a0\u00bb de Claude Fran\u00e7ois&#8230; ce qu&rsquo;ils sont loin d&rsquo;\u00eatre ce soir ! \u00c0 l&rsquo;issue des prestations de chacun, les professeurs et le directeur choisissent l&rsquo;\u00e9l\u00e8ve qu&rsquo;ils ont pr\u00e9f\u00e9r\u00e9. C&rsquo;est donc L\u00e9a qui est immunis\u00e9e et qui aura droit d&rsquo;ouvrir le prochain prime.<\/p>\n<p>QUI OBTIENDRA L&rsquo;IMMUNIT\u00c9 ?21:50<\/p>\n<p>Les cinq membres de l&rsquo;\u00e9quipe Jaune, laur\u00e9ate des \u00e9valuations cette semaine, se dispute d\u00e9sormais l&rsquo;immunit\u00e9 pour la semaine suivante lors de la battle du top 5. Qui de L\u00e9a, Lily, Ema, Victor ou Bastiaan fera mieux que ses petits camarades ? La r\u00e9ponse&#8230; apr\u00e8s la pub !<\/p>\n<p><img decoding=\"async\" src=\"https:\/\/www.europesays.com\/fr\/wp-content\/uploads\/2025\/11\/battle-top-5-star-ac-7-nov-63f7f0-0@1x.jpeg\" alt=\"TF1\" loading=\"lazy\" importance=\"low\" fetchpriority=\"low\" class=\"\"\/>TF1MAIS MAIS MAIS21:47<\/p>\n<p>On \u00e9tait en train de vous partager les vid\u00e9os des premi\u00e8res prestations que Victor s&rsquo;est envol\u00e9 sur \u00ab\u00a0Rise like a phoenix\u00a0\u00bb de Conchita Wurst, LA chanson qui a fait basculer sa vie.<\/p>\n<p><img decoding=\"async\" src=\"https:\/\/www.europesays.com\/fr\/wp-content\/uploads\/2025\/11\/victor-star-ac-conchita-7-nov-c44cab-0@1x.jpeg\" alt=\"TF1\" loading=\"lazy\" importance=\"low\" fetchpriority=\"low\" class=\"\"\/>TF1REPLAY21:45<\/p>\n<p>L&rsquo;\u00e9quipe des Bleus a remport\u00e9 la premi\u00e8re \u00e9preuve selon Sofia Morgavi avec cette prestation, mais le public sera-t-il d&rsquo;accord ?<\/p>\n<p>Star Academy 2025 &#8211; Les \u00e9l\u00e8ves nomm\u00e9s chantent \u00ab Believer \u00bb de Imagine DragonsSource : Star Academy<\/p>\n<p><img decoding=\"async\" src=\"https:\/\/photos.tf1info.fr\/images\/383\/215\/les-eleves-nommes-chantent-believer-de-imagine-dragons-9dcd55-4bfad2-0@1x.jpeg\" alt=\"Star Academy 2025 - Les \u00e9l\u00e8ves nomm\u00e9s chantent \u00ab Believer \u00bb de Imagine Dragons\" loading=\"lazy\" importance=\"low\" fetchpriority=\"low\" class=\"\"\/><img decoding=\"async\" src=\"https:\/\/www.tf1info.fr\/images\/icons\/player-logo-play.svg\" alt=\"Logo lecture\" class=\"jsx-d0de44c05fe3042c PlayerLazyload__Play\"\/>REPLAY21:43<\/p>\n<p>Ambre nous a terrass\u00e9s d&rsquo;entr\u00e9e avec son tableau en solo. Et vous ?<\/p>\n<p>Star Academy 2025 &#8211; Ambre chante \u00ab What\u2019s Up \u00bb de 4 Non BlondesSource : Star Academy<\/p>\n<p><img decoding=\"async\" src=\"https:\/\/photos.tf1info.fr\/images\/383\/215\/ambre-chante-whats-up-de-4-non-blondes-c47178-9cad23-0@1x.jpeg\" alt=\"Star Academy 2025 - Ambre chante \u00ab What\u2019s Up \u00bb de 4 Non Blondes\" loading=\"lazy\" importance=\"low\" fetchpriority=\"low\" class=\"\"\/><img decoding=\"async\" src=\"https:\/\/www.tf1info.fr\/images\/icons\/player-logo-play.svg\" alt=\"Logo lecture\" class=\"jsx-d0de44c05fe3042c PlayerLazyload__Play\"\/>REPLAY21:41<\/p>\n<p>Vous avez manqu\u00e9 l&rsquo;ouverture du prime avec l&rsquo;hymne ? Ne bougez pas, on a ce qu&rsquo;il vous faut :<\/p>\n<p>Star Academy 2025 &#8211; Les \u00e9l\u00e8ves chantent \u00ab Voulez-vous \u00bb d\u2019ABBA, l&rsquo;hymne de la saisonSource : Star Academy<\/p>\n<p><img decoding=\"async\" src=\"https:\/\/photos.tf1info.fr\/images\/383\/215\/les-eleves-chantent-voulez-vous-dabba-lhymne-de-la-saison-3337bb-1688fc-0@1x.jpeg\" alt=\"Star Academy 2025 - Les \u00e9l\u00e8ves chantent \u00ab Voulez-vous \u00bb d\u2019ABBA, l'hymne de la saison\" loading=\"lazy\" importance=\"low\" fetchpriority=\"low\" class=\"\"\/><img decoding=\"async\" src=\"https:\/\/www.tf1info.fr\/images\/icons\/player-logo-play.svg\" alt=\"Logo lecture\" class=\"jsx-d0de44c05fe3042c PlayerLazyload__Play\"\/>VICTOR FAIT SON AUTOPORTRAIT21:38<\/p>\n<p>Lady Gaga, Beyonc\u00e9 et Britney Spears, Victor rend hommage \u00e0 celles qui ont \u00ab\u00a0marqu\u00e9 son quotidien\u00a0\u00bb en se pr\u00eatant \u00e0 l&rsquo;exercice de l&rsquo;autoportrait. Il reprend notamment \u00ab\u00a0Toxic\u00a0\u00bb puis \u00ab\u00a0Beau malheur\u00a0\u00bb, la chanson d&rsquo;Emmanuel Moire avec laquelle il a remport\u00e9 un concours de chant. Il est aussi surpris par ses meilleures amies !<\/p>\n<p><img decoding=\"async\" src=\"https:\/\/www.europesays.com\/fr\/wp-content\/uploads\/2025\/11\/victor-star-ac-7-novembre-4cbaaf-0@1x.jpeg\" alt=\"TF1\" loading=\"lazy\" importance=\"low\" fetchpriority=\"low\" class=\"\"\/>TF1LE FACE \u00c0 FACE21:28<\/p>\n<p>C&rsquo;est la premi\u00e8re \u00e9tape de la soir\u00e9e pour les deux \u00e9quipes ! Ils s&rsquo;affrontent en chanson sur \u00ab\u00a0Believer\u00a0\u00bb du groupe Imagine Dragons. Sofia Morgavi annonce qu&rsquo;elle s&rsquo;appuiera sur des point techniques pour donner son avis consultatif. Elle donne la victoire au groupe Bleu ! Mais seul le public d\u00e9cidera de leur sort, rappelle Nikos Aliagas. Alors \u00e0 vos t\u00e9l\u00e9phones !<\/p>\n<p><img decoding=\"async\" src=\"https:\/\/www.europesays.com\/fr\/wp-content\/uploads\/2025\/11\/star-ac-2025-face-a-face-7-novembre-87fa91-0@1x.jpeg\" alt=\"TF1\" loading=\"lazy\" importance=\"low\" fetchpriority=\"low\" class=\"\"\/>TF1L&rsquo;IMMUNIS\u00c9E DE LA SEMAINE21:20<\/p>\n<p>Son \u00e9quipe est nomm\u00e9e ce soir mais Ambre sait d\u00e9j\u00e0 qu&rsquo;elle rentrera au ch\u00e2teau ce soir car elle a remport\u00e9 l&rsquo;immunit\u00e9 la semaine derni\u00e8re. Mieux, elle a gagn\u00e9 le droit de chanter seule lors du premier tableau. Le titre ? \u00ab\u00a0What&rsquo;s Up\u00a0\u00bb de 4 Non Blondes, r\u00e9cemment popularis\u00e9 \u00e0 nouveau gr\u00e2ce \u00e0 une trend TikTok. Sa prestation a bluff\u00e9 son directeur Micha\u00ebl Goldman, qui avait d\u00e9j\u00e0 l&rsquo;impression d&rsquo;\u00eatre au concert de son \u00e9l\u00e8ve.<\/p>\n<p><img decoding=\"async\" src=\"https:\/\/www.europesays.com\/fr\/wp-content\/uploads\/2025\/11\/ambre-star-academy-2025-prime-7-novembre-b06f9e-0@1x.jpeg\" alt=\"TF1\" loading=\"lazy\" importance=\"low\" fetchpriority=\"low\" class=\"\"\/>TF1C&rsquo;EST PARTI !21:12<\/p>\n<p>Le prime s&rsquo;ouvre avec&#8230; l&rsquo;hymne de la promotion, \u00ab\u00a0Voulez-vous\u00a0\u00bb ! Si vous ne voulez rien rater de l&rsquo;\u00e9mission, restez avec nous !<\/p>\n<p>ON FAIT LE POINT21:04<\/p>\n<p>Les \u00e9l\u00e8ves ont pass\u00e9 les \u00e9valuations par groupes de cinq. Comment \u00e7a s&rsquo;est pass\u00e9 ? R\u00e9cap par ici :\u00a0<\/p>\n<p>Culture, m\u00e9dias et divertissement<img decoding=\"async\" src=\"https:\/\/www.europesays.com\/fr\/wp-content\/uploads\/2025\/11\/star-academy-2025-nominations-4-novembre-e813a7-0@1x.jpeg\" alt=\"&quot;Star Academy&quot; : une \u00e9quipe immunis\u00e9e lors d'\u00e9valuations in\u00e9dites, qui sont les 10 \u00e9l\u00e8ves en danger ?\" loading=\"lazy\" importance=\"low\" fetchpriority=\"low\" class=\"\" aria-hidden=\"true\"\/>Publi\u00e9 le 5 novembre 2025 \u00e0 9h39PLACE \u00c0 LA MUSIQUE21:03<\/p>\n<p>Bonsoir \u00e0 tous et bienvenue dans ce live consacr\u00e9 au prime tr\u00e8s sp\u00e9cial de la \u00ab\u00a0Star Academy\u00a0\u00bb, celui des \u00e9quipes ! La solidarit\u00e9 sera cl\u00e9 ce soir pour les 9 \u00e9l\u00e8ves sous la menace de l&rsquo;\u00e9limination.<\/p>\n<p data-module=\"article-paragraph\" class=\"jsx-3046738180 Paragraph Paragraph__End\"><strong>Suivez tous les temps forts de la soir\u00e9e dans le direct ci-dessus.<\/strong><\/p>\n<p>Delphine DE FREITAS<\/p>\n","protected":false},"excerpt":{"rendered":"Fait exceptionnel \u00e0 la \u00ab\u00a0Star Academy\u00a0\u00bb, ils sont neuf \u00e0 jouer leur place dans l&rsquo;aventure ce vendredi 7&hellip;\n","protected":false},"author":2,"featured_media":519125,"comment_status":"","ping_status":"","sticky":false,"template":"","format":"standard","meta":{"footnotes":""},"categories":[1356],"tags":[1111,11,1921,22007,58,59,1011,27,1922,2041,873,10827,5095,59699,252,199,1364,133,2040],"class_list":{"0":"post-519124","1":"post","2":"type-post","3":"status-publish","4":"format-standard","5":"has-post-thumbnail","7":"category-television","8":"tag-actu","9":"tag-actualites","10":"tag-article-video","11":"tag-clara-luciani","12":"tag-divertissement","13":"tag-entertainment","14":"tag-fr","15":"tag-france","16":"tag-info","17":"tag-medias-et-divertissement","18":"tag-musique","19":"tag-nikos-aliagas","20":"tag-star-academy","21":"tag-star-academy-2025","22":"tag-television","23":"tag-tf1","24":"tag-tv","25":"tag-video","26":"tag-video-culture"},"share_on_mastodon":{"url":"https:\/\/pubeurope.com\/@fr\/115510591879284057","error":""},"_links":{"self":[{"href":"https:\/\/www.europesays.com\/fr\/wp-json\/wp\/v2\/posts\/519124","targetHints":{"allow":["GET"]}}],"collection":[{"href":"https:\/\/www.europesays.com\/fr\/wp-json\/wp\/v2\/posts"}],"about":[{"href":"https:\/\/www.europesays.com\/fr\/wp-json\/wp\/v2\/types\/post"}],"author":[{"embeddable":true,"href":"https:\/\/www.europesays.com\/fr\/wp-json\/wp\/v2\/users\/2"}],"replies":[{"embeddable":true,"href":"https:\/\/www.europesays.com\/fr\/wp-json\/wp\/v2\/comments?post=519124"}],"version-history":[{"count":0,"href":"https:\/\/www.europesays.com\/fr\/wp-json\/wp\/v2\/posts\/519124\/revisions"}],"wp:featuredmedia":[{"embeddable":true,"href":"https:\/\/www.europesays.com\/fr\/wp-json\/wp\/v2\/media\/519125"}],"wp:attachment":[{"href":"https:\/\/www.europesays.com\/fr\/wp-json\/wp\/v2\/media?parent=519124"}],"wp:term":[{"taxonomy":"category","embeddable":true,"href":"https:\/\/www.europesays.com\/fr\/wp-json\/wp\/v2\/categories?post=519124"},{"taxonomy":"post_tag","embeddable":true,"href":"https:\/\/www.europesays.com\/fr\/wp-json\/wp\/v2\/tags?post=519124"}],"curies":[{"name":"wp","href":"https:\/\/api.w.org\/{rel}","templated":true}]}}