{"id":519137,"date":"2025-11-07T21:47:12","date_gmt":"2025-11-07T21:47:12","guid":{"rendered":"https:\/\/www.europesays.com\/fr\/519137\/"},"modified":"2025-11-07T21:47:12","modified_gmt":"2025-11-07T21:47:12","slug":"trump-dit-ne-pas-etre-inquiet-dune-bulle-financiere-autour-de-lia","status":"publish","type":"post","link":"https:\/\/www.europesays.com\/fr\/519137\/","title":{"rendered":"Trump dit ne pas \u00eatre inquiet d&rsquo;une bulle financi\u00e8re autour de l&rsquo;IA"},"content":{"rendered":"<p>            <a href=\"https:\/\/www.lefigaro.fr\/secteur\/high-tech\/c-est-comme-ca-qu-on-defend-ses-parts-de-marche-le-geant-des-puces-nvidia-arrose-de-milliards-de-dollars-l-ecosysteme-de-l-ia-20251105\" class=\"fig-ranking-profile-link\" aria-label=\"\u00abC\u2019est comme \u00e7a qu\u2019on d\u00e9fend ses parts de march\u00e9\u00bb\u00a0: le g\u00e9ant des puces Nvidia arrose de milliards de dollars l\u2019\u00e9cosyst\u00e8me de l\u2019IA (article Premium)\" title=\"\u00abC\u2019est comme \u00e7a qu\u2019on d\u00e9fend ses parts de march\u00e9\u00bb\u00a0: le g\u00e9ant des puces Nvidia arrose de milliards de dollars l\u2019\u00e9cosyst\u00e8me de l\u2019IA (article Premium)\" data-fig-domain=\"LEFIGARO\" rel=\"nofollow noopener\" target=\"_blank\"><\/p>\n<p>        \u00abC\u2019est comme \u00e7a qu\u2019on d\u00e9fend ses parts de march\u00e9\u00bb\u00a0: le g\u00e9ant des puces Nvidia arrose de milliards de dollars l\u2019\u00e9cosyst\u00e8me de l\u2019IA<\/p>\n<p>                                                <\/a><\/p>\n<p>        <img   class=\"fig-img fig-ranking-profile-media-small-picture__photo\" alt=\"\u00abC\u2019est comme \u00e7a qu\u2019on d\u00e9fend ses parts de march\u00e9\u00bb\u00a0: le g\u00e9ant des puces Nvidia arrose de milliards de dollars l\u2019\u00e9cosyst\u00e8me de l\u2019IA\" height=\"1687\" width=\"3000\"\/><\/p>\n<p class=\"fig-ranking-profile-standfirst\">\n    <strong>D\u00c9CRYPTAGE &#8211;<\/strong> OpenAI, Intel, Nokia, Deutsche Telekom\u2026 L\u2019expert des semi-conducteurs de pointe, valoris\u00e9 5000\u00a0milliards de dollars, investit des sommes vertigineuses chez ses clients. Alimentant au passage les d\u00e9bats sur l\u2019existence d\u2019une bulle de l\u2019IA.\n<\/p>\n<p>            <a href=\"https:\/\/www.lefigaro.fr\/economie\/passe-de-27-milliards-a-600-millions-d-euros-en-bourse-en-quatre-ans-worldline-au-defi-de-rassurer-les-investisseurs-20251105\" class=\"fig-ranking-profile-link\" aria-label=\"Pass\u00e9 de 27\u00a0milliards \u00e0 600\u00a0millions d\u2019euros en Bourse en quatre ans, Worldline appelle \u00e0 l\u2019aide (article Premium)\" title=\"Pass\u00e9 de 27\u00a0milliards \u00e0 600\u00a0millions d\u2019euros en Bourse en quatre ans, Worldline appelle \u00e0 l\u2019aide (article Premium)\" data-fig-domain=\"LEFIGARO\" rel=\"nofollow noopener\" target=\"_blank\"><\/p>\n<p>        Pass\u00e9 de 27\u00a0milliards \u00e0 600\u00a0millions d\u2019euros en Bourse en quatre ans, Worldline appelle \u00e0 l\u2019aide<\/p>\n<p>                                                <\/a><\/p>\n<p>        <img   class=\"fig-img fig-ranking-profile-media-small-picture__photo\" alt=\"Pass\u00e9 de 27\u00a0milliards \u00e0 600\u00a0millions d\u2019euros en Bourse en quatre ans, Worldline appelle \u00e0 l\u2019aide\" height=\"2000\" width=\"3000\"\/><\/p>\n<p class=\"fig-ranking-profile-standfirst\">\n    <strong>ENQU\u00caTE &#8211;<\/strong> En crise depuis des mois, le g\u00e9ant fran\u00e7ais du paiement est dans le viseur des vendeurs \u00e0 d\u00e9couvert. La direction annonce ce jeudi une augmentation de capital de 500\u00a0millions d\u2019euros.\n<\/p>\n<p>            <a href=\"https:\/\/www.lefigaro.fr\/secteur\/high-tech\/apres-la-commission-tiktok-le-depute-ps-arthur-delaporte-annonce-saisir-la-justice-pour-mise-en-danger-20250911\" class=\"fig-ranking-profile-link\" data-fig-domain=\"LEFIGARO\" rel=\"nofollow noopener\" target=\"_blank\"><\/p>\n<p>        Apr\u00e8s la commission TikTok, le d\u00e9put\u00e9 PS Arthur Delaporte annonce saisir la justice pour \u00abmise en danger\u00bb<\/p>\n<p>                                                <\/a><\/p>\n<p>        <img   class=\"fig-img fig-ranking-profile-media-small-picture__photo\" alt=\"Apr\u00e8s la commission TikTok, le d\u00e9put\u00e9 PS Arthur Delaporte annonce saisir la justice pour \u00abmise en danger\u00bb\" height=\"2000\" width=\"3000\"\/><\/p>\n<p class=\"fig-ranking-profile-standfirst\">\n    Alors que le rapport de la commission d\u2019enqu\u00eate TikTok a \u00e9t\u00e9 d\u00e9voil\u00e9 ce jeudi matin, son pr\u00e9sident a estim\u00e9 que le r\u00e9seau social avait \u00abd\u00e9lib\u00e9r\u00e9ment mis en danger la sant\u00e9, la vie de ses utilisateurs\u00bb.<\/p>\n","protected":false},"excerpt":{"rendered":"\u00abC\u2019est comme \u00e7a qu\u2019on d\u00e9fend ses parts de march\u00e9\u00bb\u00a0: le g\u00e9ant des puces Nvidia arrose de milliards de&hellip;\n","protected":false},"author":2,"featured_media":519138,"comment_status":"","ping_status":"","sticky":false,"template":"","format":"standard","meta":{"footnotes":""},"categories":[6],"tags":[47,722,723,35,33,34,1011,27,727,726,142,310,655,720,719,724,725,717,718,721,728],"class_list":{"0":"post-519137","1":"post","2":"type-post","3":"status-publish","4":"format-standard","5":"has-post-thumbnail","7":"category-economie","8":"tag-actualite","9":"tag-blog","10":"tag-blogs","11":"tag-business","12":"tag-economie","13":"tag-economy","14":"tag-fr","15":"tag-france","16":"tag-gadget","17":"tag-gadgets","18":"tag-high-tech","19":"tag-internet","20":"tag-iphone","21":"tag-multimedia","22":"tag-nouvelles-technolgies","23":"tag-smartphone","24":"tag-tablette","25":"tag-technologie","26":"tag-tic","27":"tag-web","28":"tag-widgets"},"share_on_mastodon":{"url":"","error":""},"_links":{"self":[{"href":"https:\/\/www.europesays.com\/fr\/wp-json\/wp\/v2\/posts\/519137","targetHints":{"allow":["GET"]}}],"collection":[{"href":"https:\/\/www.europesays.com\/fr\/wp-json\/wp\/v2\/posts"}],"about":[{"href":"https:\/\/www.europesays.com\/fr\/wp-json\/wp\/v2\/types\/post"}],"author":[{"embeddable":true,"href":"https:\/\/www.europesays.com\/fr\/wp-json\/wp\/v2\/users\/2"}],"replies":[{"embeddable":true,"href":"https:\/\/www.europesays.com\/fr\/wp-json\/wp\/v2\/comments?post=519137"}],"version-history":[{"count":0,"href":"https:\/\/www.europesays.com\/fr\/wp-json\/wp\/v2\/posts\/519137\/revisions"}],"wp:featuredmedia":[{"embeddable":true,"href":"https:\/\/www.europesays.com\/fr\/wp-json\/wp\/v2\/media\/519138"}],"wp:attachment":[{"href":"https:\/\/www.europesays.com\/fr\/wp-json\/wp\/v2\/media?parent=519137"}],"wp:term":[{"taxonomy":"category","embeddable":true,"href":"https:\/\/www.europesays.com\/fr\/wp-json\/wp\/v2\/categories?post=519137"},{"taxonomy":"post_tag","embeddable":true,"href":"https:\/\/www.europesays.com\/fr\/wp-json\/wp\/v2\/tags?post=519137"}],"curies":[{"name":"wp","href":"https:\/\/api.w.org\/{rel}","templated":true}]}}