{"id":519139,"date":"2025-11-07T21:48:13","date_gmt":"2025-11-07T21:48:13","guid":{"rendered":"https:\/\/www.europesays.com\/fr\/519139\/"},"modified":"2025-11-07T21:48:13","modified_gmt":"2025-11-07T21:48:13","slug":"donald-trump-desarconne-par-les-victoires-electorales-des-democrates","status":"publish","type":"post","link":"https:\/\/www.europesays.com\/fr\/519139\/","title":{"rendered":"Donald Trump d\u00e9sar\u00e7onn\u00e9 par les victoires \u00e9lectorales des d\u00e9mocrates"},"content":{"rendered":"<p>\n    <strong>D\u00c9CRYPTAGE &#8211;<\/strong> Une s\u00e9rie de revers est venue pour la premi\u00e8re fois dissiper l\u2019aura d\u2019invincibilit\u00e9 dont b\u00e9n\u00e9ficiait Trump depuis janvier.<\/p>\n<p class=\"fig-paragraph\">Donald Trump a connu cette semaine une s\u00e9rie de revers, la premi\u00e8re depuis son retour au pouvoir. Plusieurs d\u00e9faites \u00e9lectorales, une audition d\u00e9favorable \u00e0 la Cour supr\u00eame et un \u00ab\u00a0<a href=\"http:\/\/www.lefigaro.fr\/conjoncture\/comment-l-amerique-de-trump-echappe-a-la-paralysie-apres-12-jours-de-shutdown-20251012\" data-fig-type=\"Article\" data-gtm-custom-categorie=\"navigation\" data-gtm-custom-action=\"crossclick\" data-gtm-custom-label=\"Contextuel\" data-gtm-event=\"customEventSPE\" data-fig-domain=\"LEFIGARO\" rel=\"nofollow noopener\" target=\"_blank\">shutdown<\/a>\u00a0\u00bb, la suspension des paiements du gouvernement f\u00e9d\u00e9ral, qui d\u00e9passe \u00e0 pr\u00e9sent en dur\u00e9e tous les pr\u00e9c\u00e9dents, sont venus rappeler les lois de la gravit\u00e9 politique \u00e0 un pr\u00e9sident que rien ne semblait pouvoir arr\u00eater.<\/p>\n<p class=\"fig-paragraph\">Les scrutins de mardi ont mal tourn\u00e9 pour le Parti r\u00e9publicain. Le succ\u00e8s de Zohran Mamdani, \u00e9lu maire de New York \u00e0 34\u00a0ans, les victoires d\u00e9mocrates en Virginie et dans le New Jersey, le succ\u00e8s du r\u00e9f\u00e9rendum californien sur le red\u00e9coupage \u00e9lectoral, ont indiqu\u00e9 un soudain changement d\u2019atmosph\u00e8re. Les d\u00e9mocrates, qui semblaient depuis des mois paralys\u00e9s et impuissants face \u00e0 Trump, ont trouv\u00e9 une \u00e9nergie nouvelle. Leurs candidats ont remport\u00e9 des victoires avec une marge bien sup\u00e9rieure \u00e0 ce qu\u2019annon\u00e7aient les sondages.<\/p>\n<p class=\"fig-body-link\">\n            \u00c0 lire aussi<br \/>\n        <a class=\"fig-body-link__link fig-premium-mark\" href=\"http:\/\/www.lefigaro.fr\/international\/la-cour-supreme-affiche-son-scepticisme-face-aux-droits-de-douane-de-donald-trump-20251105\" data-fig-type=\"Article\" data-gtm-custom-categorie=\"navigation\" data-gtm-custom-action=\"crossclick\" data-gtm-custom-label=\"Contextuel\" data-gtm-event=\"customEventSPE\" data-fig-domain=\"LEFIGARO\" rel=\"nofollow noopener\" target=\"_blank\"><\/p>\n<p>        La Cour supr\u00eame affiche son scepticisme face aux droits de douane de Donald Trump<br \/>\n    <\/a>\n<\/p>\n<p class=\"fig-paragraph\">Trump a tent\u00e9 de minimiser l\u2019ampleur de la d\u00e9faite\u00a0: \u00ab\u00a0TRUMP N\u2019\u00c9TAIT\u2026<\/p>\n<p class=\"fig-premium-paywall__infos\">\n        Cet article est r\u00e9serv\u00e9 aux abonn\u00e9s.        Il vous reste 89% \u00e0 d\u00e9couvrir.\n    <\/p>\n<p>                <img  data- alt=\"Le Figaro\" class=\"fig-img--complete fig-img\"\/><\/p>\n<p class=\"fig-premium-paywall__title\">Vous avez envie de lire la suite ?<\/p>\n<p class=\"fig-premium-paywall__subtitle\">D\u00e9bloquez tous les articles imm\u00e9diatement.<\/p>\n<p class=\"fig-premium-paywall__connect\">\n                D\u00e9j\u00e0 abonn\u00e9\u00a0?                <a class=\"fig-premium-paywall__connect-link\" href=\"https:\/\/connect.lefigaro.fr\/login?client=horizon_web&amp;type=main&amp;redirect_uri=https%3A%2F%2Fwww.lefigaro.fr%2Finternational%2Fdonald-trump-desarconne-par-les-victoires-electorales-des-democrates-20251107\" data-js-gtm=\"{&quot;customCategorie&quot;: &quot;conversion&quot;, &quot;customAction&quot;: &quot;before_Landing_Connexion_paywall_auto&quot;, &quot;customLabel&quot;: &quot;bGVmaWdhcm8uZnJfXzFmMGJiZTVkLTM2M2QtNmI3Mi1iOGVkLTI5OGRlYzA1MWIwMF9fQXJ0aWNsZQ==_Donald Trump d\u00e9sar\u00e7onn\u00e9 par les victoires \u00e9lectorales des d\u00e9mocrates_67&quot;, &quot;customIDSPE&quot;: &quot;bGVmaWdhcm8uZnJfXzFmMGJiZTVkLTM2M2QtNmI3Mi1iOGVkLTI5OGRlYzA1MWIwMF9fQXJ0aWNsZQ==&quot;, &quot;event&quot;: &quot;customEventSPE&quot;}\" rel=\"nofollow noopener\" target=\"_blank\"><br \/>\n                    Connectez-vous<br \/>\n                <\/a>\n            <\/p>\n","protected":false},"excerpt":{"rendered":"D\u00c9CRYPTAGE &#8211; Une s\u00e9rie de revers est venue pour la premi\u00e8re fois dissiper l\u2019aura d\u2019invincibilit\u00e9 dont b\u00e9n\u00e9ficiait Trump&hellip;\n","protected":false},"author":2,"featured_media":519140,"comment_status":"","ping_status":"","sticky":false,"template":"","format":"standard","meta":{"footnotes":""},"categories":[5],"tags":[11,10658,75,1011,27,14,12,28],"class_list":{"0":"post-519139","1":"post","2":"type-post","3":"status-publish","4":"format-standard","5":"has-post-thumbnail","7":"category-international","8":"tag-actualites","9":"tag-cour-supreme","10":"tag-donald-trump","11":"tag-fr","12":"tag-france","13":"tag-international","14":"tag-news","15":"tag-world"},"share_on_mastodon":{"url":"https:\/\/pubeurope.com\/@fr\/115510621277260093","error":""},"_links":{"self":[{"href":"https:\/\/www.europesays.com\/fr\/wp-json\/wp\/v2\/posts\/519139","targetHints":{"allow":["GET"]}}],"collection":[{"href":"https:\/\/www.europesays.com\/fr\/wp-json\/wp\/v2\/posts"}],"about":[{"href":"https:\/\/www.europesays.com\/fr\/wp-json\/wp\/v2\/types\/post"}],"author":[{"embeddable":true,"href":"https:\/\/www.europesays.com\/fr\/wp-json\/wp\/v2\/users\/2"}],"replies":[{"embeddable":true,"href":"https:\/\/www.europesays.com\/fr\/wp-json\/wp\/v2\/comments?post=519139"}],"version-history":[{"count":0,"href":"https:\/\/www.europesays.com\/fr\/wp-json\/wp\/v2\/posts\/519139\/revisions"}],"wp:featuredmedia":[{"embeddable":true,"href":"https:\/\/www.europesays.com\/fr\/wp-json\/wp\/v2\/media\/519140"}],"wp:attachment":[{"href":"https:\/\/www.europesays.com\/fr\/wp-json\/wp\/v2\/media?parent=519139"}],"wp:term":[{"taxonomy":"category","embeddable":true,"href":"https:\/\/www.europesays.com\/fr\/wp-json\/wp\/v2\/categories?post=519139"},{"taxonomy":"post_tag","embeddable":true,"href":"https:\/\/www.europesays.com\/fr\/wp-json\/wp\/v2\/tags?post=519139"}],"curies":[{"name":"wp","href":"https:\/\/api.w.org\/{rel}","templated":true}]}}