{"id":519141,"date":"2025-11-07T21:49:10","date_gmt":"2025-11-07T21:49:10","guid":{"rendered":"https:\/\/www.europesays.com\/fr\/519141\/"},"modified":"2025-11-07T21:49:10","modified_gmt":"2025-11-07T21:49:10","slug":"val-de-marne-un-americain-condamne-a-30-ans-de-prison-pour-avoir-tue-son-ex-epouse-et-son-amant-actualites","status":"publish","type":"post","link":"https:\/\/www.europesays.com\/fr\/519141\/","title":{"rendered":"Val-de-Marne: un Am\u00e9ricain condamn\u00e9 \u00e0 30 ans de prison pour avoir tu\u00e9 son ex-\u00e9pouse et son amant : Actualit\u00e9s"},"content":{"rendered":"<p class=\"lead \">Pour avoir assassin\u00e9 son ex-\u00e9pouse et l&rsquo;amant de celle-ci en juillet 2020, faits qu&rsquo;il a ni\u00e9 jusqu&rsquo;aux derni\u00e8res minutes du proc\u00e8s, Charles Dietrich, Am\u00e9ricain de 50 ans a \u00e9t\u00e9 condamn\u00e9 vendredi \u00e0 Cr\u00e9teil \u00e0 30 ans de r\u00e9clusion.<\/p>\n<p class=\"lead \">La Cour d&rsquo;assises du Val-de-Marne a assorti la peine d&rsquo;une p\u00e9riode de s\u00fbret\u00e9 de 20 ans et du retrait total de l&rsquo;autorit\u00e9 parentale sur les trois enfants qu&rsquo;il a eus avec la victime.<\/p>\n<p class=\"lead \">\u00ab\u00a0Vous avez contest\u00e9 froidement les faits sans exprimer aucun regret ou aucune remise en question\u00a0\u00bb, a soulign\u00e9 le pr\u00e9sident en lisant le verdict.<\/p>\n<p class=\"lead \">Pendant une semaine, la cour a entendu comment ce r\u00e9sident du Colorado avait fait un voyage \u00e9clair en juillet 2020 en Ile-de-France, sans pr\u00e9venir ses proches ou les trois filles qu&rsquo;il avait eues avec Aur\u00e9lie et qui \u00e9taient avec lui aux Etats-Unis pour les vacances d&rsquo;\u00e9t\u00e9.<\/p>\n<p class=\"lead \">Suivant attentivement les d\u00e9bats via des interpr\u00e8tes et tr\u00e8s pr\u00e9sent dans les \u00e9changes, Charles Dietrich a avou\u00e9 \u00eatre all\u00e9 jusqu&rsquo;\u00e0 la r\u00e9sidence d&rsquo;Aur\u00e9lie mais ni\u00e9 s&rsquo;\u00eatre introduit dans la maison et \u00eatre l&rsquo;auteur des tirs qui ont tu\u00e9 cette femme de 43 ans et son amant de 42 ans.<\/p>\n<p class=\"lead \">Confront\u00e9 aux photos des corps, il a d\u00e9crit une sc\u00e8ne \u00ab\u00a0sauvage\u00a0\u00bb mais a assur\u00e9 avoir \u00e9t\u00e9 sur place pour d\u00e9battre du lieu de r\u00e9sidence de la famille recompos\u00e9e et ne pas avoir vu Aur\u00e9lie avant de rentrer aux Etats-Unis.<\/p>\n<p class=\"lead \">De m\u00eame, il jure n&rsquo;avoir jamais vu l&rsquo;arme qui a \u00e9t\u00e9 retrouv\u00e9e dans la Marne et qui a \u00e9t\u00e9 achet\u00e9e aux Etats-Unis avec son num\u00e9ro de permis de conduire et voit l\u00e0 la preuve d&rsquo;un \u00ab\u00a0pi\u00e8ge\u00a0\u00bb.<\/p>\n<p class=\"lead \">\u00ab\u00a0Il n&rsquo;\u00e9tait pas dans la CIA&#8230;\u00a0\u00bb, a point\u00e9 le pr\u00e9sident du tribunal qui l&rsquo;interrogeait sur les ennemis qu&rsquo;il aurait pu avoir, assez puissants pour monter un complot des deux c\u00f4t\u00e9s de l&rsquo;Atlantique.<\/p>\n<p class=\"lead \">&#8211; \u00ab\u00a0Acte de guerre\u00a0\u00bb &#8211;<\/p>\n<p class=\"lead \">Pour l&rsquo;avocate g\u00e9n\u00e9rale, qui avait requis la r\u00e9clusion \u00e0 perp\u00e9tuit\u00e9 jeudi soir, ce double assassinat est \u00ab\u00a0un acte de guerre ob\u00e9issant \u00e0 un plan de bataille, un acte de guerre priv\u00e9e\u00a0\u00bb avec pour objectif de r\u00e9cup\u00e9rer la garde de ses filles.<\/p>\n<p class=\"lead \">St\u00e9phanie Gauthier avait demand\u00e9 que la peine soit assortie d&rsquo;une p\u00e9riode de s\u00fbret\u00e9 de 20 ans et du retrait total de l&rsquo;autorit\u00e9 parentale sur les enfants que Charles D. avait eues avec la victime.<\/p>\n<p class=\"lead \">Les avocats des parties civiles ont eux demand\u00e9 \u00e0 l&rsquo;Am\u00e9ricain la \u00ab\u00a0v\u00e9rit\u00e9\u00a0\u00bb.<\/p>\n<p class=\"lead \">Mais ce dernier a utilis\u00e9 ses derniers mots pour reprendre pendant une heure sa vision des faits: l&rsquo;enqu\u00eate aurait \u00e9t\u00e9 men\u00e9e \u00e0 charge, certaines preuves falsifi\u00e9es par la police&#8230;<\/p>\n<p class=\"lead \">\u00ab\u00a0La police pense clairement que la loi est bonne pour vous, les bonnes poires, et n&rsquo;est pas faite pour eux (les policiers, NDLR)\u00a0\u00bb, a-t-il r\u00e9it\u00e9r\u00e9 avant que le jury ne se retire pour d\u00e9lib\u00e9rer.<\/p>\n<p class=\"lead \">Quelques instants plus t\u00f4t, ses conseils ont \u00e9voqu\u00e9 le d\u00e9ni de leur client.<\/p>\n<p class=\"lead \">\u00ab\u00a0Quelque part, ne pas reconna\u00eetre ces faits-l\u00e0, c&rsquo;est qu&rsquo;il y a un brin d&rsquo;humanit\u00e9\u00a0\u00bb, a plaid\u00e9 Me Yvan Bonet.<\/p>\n<p class=\"lead \">\u00ab\u00a0Une peine de perp\u00e9tuit\u00e9 pour un homme de 50 ans est une peine de mort\u00a0\u00bb, a-t-il r\u00e9sum\u00e9.<\/p>\n<p class=\"lead \">\u00ab\u00a0Il est difficile d&rsquo;appr\u00e9cier la part de d\u00e9ni dans votre prise de d\u00e9fense m\u00eame s&rsquo;il peut paraitre impossible d&rsquo;assumer face \u00e0 vos filles la responsabilit\u00e9 de la mort de leur m\u00e8re\u00a0\u00bb, a conclu le pr\u00e9sident apr\u00e8s la lecture du verdict.<\/p>\n<p class=\"lead \">\u00ab\u00a0Je ne crois pas qu&rsquo;en tuant la m\u00e8re de vos trois filles vous soyez un bon p\u00e8re. Il va falloir assumer la responsabilit\u00e9 de vos actes, j&rsquo;esp\u00e8re que vous me comprenez ?\u00a0\u00bb, a-t-il ajout\u00e9.<\/p>\n<p class=\"lead \">\u00ab\u00a0Je comprends\u00a0\u00bb, a murmur\u00e9 M. Dietrich.<\/p>\n<p class=\"small font-weight-bold text-gray3 \"> publi\u00e9 le 7 novembre \u00e0 21h30, AFP<\/p>\n<p>                             Partager<\/p>\n","protected":false},"excerpt":{"rendered":"Pour avoir assassin\u00e9 son ex-\u00e9pouse et l&rsquo;amant de celle-ci en juillet 2020, faits qu&rsquo;il a ni\u00e9 jusqu&rsquo;aux derni\u00e8res&hellip;\n","protected":false},"author":2,"featured_media":519142,"comment_status":"","ping_status":"","sticky":false,"template":"","format":"standard","meta":{"footnotes":""},"categories":[4],"tags":[11,4651,1011,27,2683,12,4780,25,308],"class_list":{"0":"post-519141","1":"post","2":"type-post","3":"status-publish","4":"format-standard","5":"has-post-thumbnail","7":"category-france","8":"tag-actualites","9":"tag-femmes","10":"tag-fr","11":"tag-france","12":"tag-homicide","13":"tag-news","14":"tag-procs","15":"tag-republique-francaise","16":"tag-usa"},"share_on_mastodon":{"url":"https:\/\/pubeurope.com\/@fr\/115510625220189281","error":""},"_links":{"self":[{"href":"https:\/\/www.europesays.com\/fr\/wp-json\/wp\/v2\/posts\/519141","targetHints":{"allow":["GET"]}}],"collection":[{"href":"https:\/\/www.europesays.com\/fr\/wp-json\/wp\/v2\/posts"}],"about":[{"href":"https:\/\/www.europesays.com\/fr\/wp-json\/wp\/v2\/types\/post"}],"author":[{"embeddable":true,"href":"https:\/\/www.europesays.com\/fr\/wp-json\/wp\/v2\/users\/2"}],"replies":[{"embeddable":true,"href":"https:\/\/www.europesays.com\/fr\/wp-json\/wp\/v2\/comments?post=519141"}],"version-history":[{"count":0,"href":"https:\/\/www.europesays.com\/fr\/wp-json\/wp\/v2\/posts\/519141\/revisions"}],"wp:featuredmedia":[{"embeddable":true,"href":"https:\/\/www.europesays.com\/fr\/wp-json\/wp\/v2\/media\/519142"}],"wp:attachment":[{"href":"https:\/\/www.europesays.com\/fr\/wp-json\/wp\/v2\/media?parent=519141"}],"wp:term":[{"taxonomy":"category","embeddable":true,"href":"https:\/\/www.europesays.com\/fr\/wp-json\/wp\/v2\/categories?post=519141"},{"taxonomy":"post_tag","embeddable":true,"href":"https:\/\/www.europesays.com\/fr\/wp-json\/wp\/v2\/tags?post=519141"}],"curies":[{"name":"wp","href":"https:\/\/api.w.org\/{rel}","templated":true}]}}