{"id":519145,"date":"2025-11-07T21:51:35","date_gmt":"2025-11-07T21:51:35","guid":{"rendered":"https:\/\/www.europesays.com\/fr\/519145\/"},"modified":"2025-11-07T21:51:35","modified_gmt":"2025-11-07T21:51:35","slug":"saint-etienne-soleil-la-mosaique-dana-boelens-sinvite-sur-les-chemins-de-soleil","status":"publish","type":"post","link":"https:\/\/www.europesays.com\/fr\/519145\/","title":{"rendered":"Saint-\u00c9tienne\/Soleil. La mosa\u00efque d\u2019Ana Boelens s\u2019invite sur les chemins de Soleil"},"content":{"rendered":"<p>Lieux de promenade tr\u00e8s fr\u00e9quent\u00e9s, la Voie Verte &#8211; orn\u00e9e de nombreux tags &#8211; et la passerelle du Soleil se pr\u00eatent particuli\u00e8rement \u00e0 la cr\u00e9ation artistique.<\/p>\n<p>Les passants qui empruntent la passerelle peuvent s\u2019\u00e9merveiller devant les \u0153uvres d\u2019Ana Boelens, qui donnent vie \u00e0 ce passage avant de rejoindre les magnifiques jardins Volpette.<\/p>\n<p>Tous ces artistes en herbe contribuent ainsi \u00e0 animer le quartier Soleil, un lieu de promenade pris\u00e9 par de nombreux randonneurs du quartier et d\u2019ailleurs.<\/p>\n","protected":false},"excerpt":{"rendered":"Lieux de promenade tr\u00e8s fr\u00e9quent\u00e9s, la Voie Verte &#8211; orn\u00e9e de nombreux tags &#8211; et la passerelle du&hellip;\n","protected":false},"author":2,"featured_media":519146,"comment_status":"","ping_status":"","sticky":false,"template":"","format":"standard","meta":{"footnotes":""},"categories":[9653],"tags":[1111,11,2430,1687,7539,1777,674,1011,27,12,25,4001,7538],"class_list":{"0":"post-519145","1":"post","2":"type-post","3":"status-publish","4":"format-standard","5":"has-post-thumbnail","7":"category-saint-etienne","8":"tag-actu","9":"tag-actualites","10":"tag-auvergne-rhone-alpes","11":"tag-culture-loisirs","12":"tag-edition-loire-sud","13":"tag-eu","14":"tag-europe","15":"tag-fr","16":"tag-france","17":"tag-news","18":"tag-republique-francaise","19":"tag-saint-etienne","20":"tag-saint-etienne-ville"},"share_on_mastodon":{"url":"https:\/\/pubeurope.com\/@fr\/115510633073783602","error":""},"_links":{"self":[{"href":"https:\/\/www.europesays.com\/fr\/wp-json\/wp\/v2\/posts\/519145","targetHints":{"allow":["GET"]}}],"collection":[{"href":"https:\/\/www.europesays.com\/fr\/wp-json\/wp\/v2\/posts"}],"about":[{"href":"https:\/\/www.europesays.com\/fr\/wp-json\/wp\/v2\/types\/post"}],"author":[{"embeddable":true,"href":"https:\/\/www.europesays.com\/fr\/wp-json\/wp\/v2\/users\/2"}],"replies":[{"embeddable":true,"href":"https:\/\/www.europesays.com\/fr\/wp-json\/wp\/v2\/comments?post=519145"}],"version-history":[{"count":0,"href":"https:\/\/www.europesays.com\/fr\/wp-json\/wp\/v2\/posts\/519145\/revisions"}],"wp:featuredmedia":[{"embeddable":true,"href":"https:\/\/www.europesays.com\/fr\/wp-json\/wp\/v2\/media\/519146"}],"wp:attachment":[{"href":"https:\/\/www.europesays.com\/fr\/wp-json\/wp\/v2\/media?parent=519145"}],"wp:term":[{"taxonomy":"category","embeddable":true,"href":"https:\/\/www.europesays.com\/fr\/wp-json\/wp\/v2\/categories?post=519145"},{"taxonomy":"post_tag","embeddable":true,"href":"https:\/\/www.europesays.com\/fr\/wp-json\/wp\/v2\/tags?post=519145"}],"curies":[{"name":"wp","href":"https:\/\/api.w.org\/{rel}","templated":true}]}}