{"id":519160,"date":"2025-11-07T21:59:16","date_gmt":"2025-11-07T21:59:16","guid":{"rendered":"https:\/\/www.europesays.com\/fr\/519160\/"},"modified":"2025-11-07T21:59:16","modified_gmt":"2025-11-07T21:59:16","slug":"plusieurs-bus-ne-circuleront-pas","status":"publish","type":"post","link":"https:\/\/www.europesays.com\/fr\/519160\/","title":{"rendered":"plusieurs bus ne circuleront pas"},"content":{"rendered":"<p>            Par<br \/>\n        <strong><br \/>\n            <a href=\"https:\/\/actu.fr\/auteur\/yann-rivallan\" title=\"Consulter tous les articles de Yann Rivallan\" target=\"_blank\" rel=\"noopener\">Yann Rivallan<\/a><br \/>\n        <\/strong><\/p>\n<p>        Publi\u00e9 le<\/p>\n<p>            7 nov. 2025 \u00e0 15h24        <\/p>\n<p>La <a href=\"https:\/\/actu.fr\/normandie\/rouen_76540\/metro-et-bus-a-rouen-une-greve-annoncee-tous-les-weekends-jusqu-a-la-fin-de-l-annee_63311974.html\" target=\"_blank\" rel=\"noopener\">gr\u00e8ve hebdomadaire<\/a> se poursuit dans le <strong>R\u00e9seau Astuce<\/strong>. Pour le troisi\u00e8me samedi cons\u00e9cutif, des perturbations sont \u00e0 pr\u00e9voir dans les transports en commun de la ville de <a href=\"https:\/\/actu.fr\/normandie\/rouen_76540\" target=\"_blank\" rel=\"noopener\">Rouen<\/a>. Pour ce samedi 8\u00a0novembre 2025, plusieurs lignes de bus <strong>ne circuleront pas<\/strong> de la journ\u00e9e. On fait le point.<\/p>\n<p>Plusieurs lignes de bus ne circuleront pas<\/p>\n<p class=\" wall-content\">Dans un communiqu\u00e9 de presse d\u00e9voil\u00e9 vendredi 7\u00a0novembre, le service de transports en commun de la m\u00e9tropole rouennaise d\u00e9taille les perturbations\u2009:<\/p>\n<p class=\" wall-content\">\u2022 <strong>M\u00e9tro<\/strong>\u2009: 100\u2009% de trafic assur\u00e9 en journ\u00e9e et en soir\u00e9e\u2009;<br \/>\u2022 <strong>Ligne T1<\/strong>\u2009: 80\u2009% de trafic assur\u00e9 en journ\u00e9e et 100\u2009% en soir\u00e9e\u2009;<br \/>\u2022 <strong>Ligne T2<\/strong>\u2009: 85\u2009% de trafic assur\u00e9 en journ\u00e9e et 100\u2009% en soir\u00e9e\u2009;<br \/>\u2022 <strong>Ligne T3<\/strong>\u2009: 80\u2009% de trafic assur\u00e9 en journ\u00e9e et 100\u2009% en soir\u00e9e\u2009;<br \/>\u2022 <strong>Lignes FAST F1, F2, F3, F5, F7<\/strong>\u2009: 85\u2009% trafic assur\u00e9 en journ\u00e9e et 100\u2009% en soir\u00e9e\u2009;<br \/>\u2022 <strong>Ligne F4<\/strong>\u2009: 75\u2009% trafic assur\u00e9 en journ\u00e9e et ne circule pas le soir apr\u00e8s 19h\u2009;<br \/>\u2022 <strong>Ligne 15<\/strong>\u2009: 100\u2009% de trafic assur\u00e9 toute la journ\u00e9e\u2009;<br \/>\u2022 <strong>Lignes T4, F8, 10, 11, 20, 22, 27, 41, 43<\/strong>\u2009: ne circulent pas.<\/p>\n<p class=\" wall-content\">Dans son communiqu\u00e9, le r\u00e9seau Astuce pr\u00e9cise\u2009: \u00ab\u2009Les autres lignes r\u00e9guli\u00e8res F6, F9, 13, 14, 26, 28, 33, 35, 36, 37, 38, 42, 44, 529, 530, A, B, C, E, F, G, I, les lignes \u00e0 vocation scolaire, les services Filo\u2019r, Allobus et Calypso, les lignes Cars Hangard ne sont pas concern\u00e9s par cette gr\u00e8ve.\u2009\u00bb<\/p>\n<p class=\" wall-content\">La grosse info \u00e0 retenir, c\u2019est qu\u2019<strong>aucun bus de la ligne T4<\/strong> (Marie Curie \u2014 Z\u00e9nith-Parc Expo) ne circulera de la journ\u00e9e. Tout comme ceux de la ligne F8 (D\u00e9ville-l\u00e8s-Rouen \u2014 Bihorel).<\/p>\n<p>Suivez l\u2019actualit\u00e9 de Rouen sur <a href=\"https:\/\/www.whatsapp.com\/channel\/0029VaKfnf99hXF2ddApFB1D\" target=\"_blank\" rel=\"noopener\">notre cha\u00eene WhatsApp<\/a> et sur <a href=\"https:\/\/www.tiktok.com\/@76actu.fr?lang=fr\" target=\"_blank\" rel=\"noopener\">notre compte TikTok<\/a><\/p>\n<p class=\" wall-content\">Personnalisez votre actualit\u00e9 en ajoutant vos villes et m\u00e9dias en favori avec <a href=\"https:\/\/moncompte.actu.fr\" title=\"D\u00e9couvez Mon Actu\" rel=\"nofollow noopener\" data-trk=\"{&quot;cta&quot;:{&quot;action&quot;:&quot;https:\\\/\\\/moncompte.actu.fr&quot;,&quot;category&quot;:&quot;mon compte&quot;,&quot;from&quot;:&quot;article footer&quot;,&quot;name&quot;:&quot;Mon actu&quot;,&quot;type&quot;:&quot;cta&quot;}}\" target=\"_blank\">Mon Actu<\/a>.<\/p>\n<p>                    <script async src=\"\/\/www.tiktok.com\/embed.js\"><\/script><\/p>\n","protected":false},"excerpt":{"rendered":"Par Yann Rivallan Publi\u00e9 le 7 nov. 2025 \u00e0 15h24 La gr\u00e8ve hebdomadaire se poursuit dans le R\u00e9seau&hellip;\n","protected":false},"author":2,"featured_media":519161,"comment_status":"","ping_status":"","sticky":false,"template":"","format":"standard","meta":{"footnotes":""},"categories":[9587],"tags":[1111,11,1777,674,1011,27,6151,12,5161,25,9726,9590,104,2803],"class_list":{"0":"post-519160","1":"post","2":"type-post","3":"status-publish","4":"format-standard","5":"has-post-thumbnail","7":"category-rouen","8":"tag-actu","9":"tag-actualites","10":"tag-eu","11":"tag-europe","12":"tag-fr","13":"tag-france","14":"tag-greve","15":"tag-news","16":"tag-normandie","17":"tag-republique-francaise","18":"tag-reseau-astuce-tcar","19":"tag-rouen","20":"tag-societe","21":"tag-transport"},"share_on_mastodon":{"url":"https:\/\/pubeurope.com\/@fr\/115510664583198571","error":""},"_links":{"self":[{"href":"https:\/\/www.europesays.com\/fr\/wp-json\/wp\/v2\/posts\/519160","targetHints":{"allow":["GET"]}}],"collection":[{"href":"https:\/\/www.europesays.com\/fr\/wp-json\/wp\/v2\/posts"}],"about":[{"href":"https:\/\/www.europesays.com\/fr\/wp-json\/wp\/v2\/types\/post"}],"author":[{"embeddable":true,"href":"https:\/\/www.europesays.com\/fr\/wp-json\/wp\/v2\/users\/2"}],"replies":[{"embeddable":true,"href":"https:\/\/www.europesays.com\/fr\/wp-json\/wp\/v2\/comments?post=519160"}],"version-history":[{"count":0,"href":"https:\/\/www.europesays.com\/fr\/wp-json\/wp\/v2\/posts\/519160\/revisions"}],"wp:featuredmedia":[{"embeddable":true,"href":"https:\/\/www.europesays.com\/fr\/wp-json\/wp\/v2\/media\/519161"}],"wp:attachment":[{"href":"https:\/\/www.europesays.com\/fr\/wp-json\/wp\/v2\/media?parent=519160"}],"wp:term":[{"taxonomy":"category","embeddable":true,"href":"https:\/\/www.europesays.com\/fr\/wp-json\/wp\/v2\/categories?post=519160"},{"taxonomy":"post_tag","embeddable":true,"href":"https:\/\/www.europesays.com\/fr\/wp-json\/wp\/v2\/tags?post=519160"}],"curies":[{"name":"wp","href":"https:\/\/api.w.org\/{rel}","templated":true}]}}