{"id":519170,"date":"2025-11-07T22:04:14","date_gmt":"2025-11-07T22:04:14","guid":{"rendered":"https:\/\/www.europesays.com\/fr\/519170\/"},"modified":"2025-11-07T22:04:14","modified_gmt":"2025-11-07T22:04:14","slug":"paris-fc-rennes-0-1-deux-poteaux-et-beaucoup-de-regrets-pour-le-pfc-battu-en-fin-de-match","status":"publish","type":"post","link":"https:\/\/www.europesays.com\/fr\/519170\/","title":{"rendered":"Paris FC &#8211; Rennes (0-1) : deux poteaux et beaucoup de regrets pour le PFC, battu en fin de match"},"content":{"rendered":"<p class=\"paragraph text_align_left lp-f-body-02\">Samir Chergui comme Thibaut De Smedt risquent de ressasser pendant quelques heures cette seconde mi-temps face au Stade Rennais. Ce vendredi soir au Stade Jean Bouin en ouverture de la douzi\u00e8me journ\u00e9e de <a href=\"https:\/\/www.leparisien.fr\/sports\/football\/ligue-1\/\" target=\"_blank\" rel=\"noreferrer noopener\">Ligue 1<\/a>, les deux lat\u00e9raux parisiens ont bien failli, tour \u00e0 tour, lib\u00e9rer et d\u00e9livrer le Paris FC, finalement battu 1 but \u00e0 0. L\u2019international alg\u00e9rien d\u2019abord, subtilement servi par Jean-Philippe Krasso depuis la gauche de l\u2019attaque parisienne a but\u00e9 sur le poteau (65e). Sa vol\u00e9e du pied gauche avait, en plus de r\u00e9veiller le public pr\u00e9sent au stade, visiblement bien battu Brice Samba. <\/p>\n<p class=\"paragraph text_align_left lp-f-body-02\">Dix minutes plus tard (78e), son co\u00e9quipier belge ne pouvait que se prendre la t\u00eate dans les mains apr\u00e8s avoir vu sa frappe enroul\u00e9e du pied gauche taper l\u2019\u00e9querre du troisi\u00e8me gardien des Bleus. Avant \u00e7a, Ilan Kebbal, comme tr\u00e8s r\u00e9guli\u00e8rement depuis le d\u00e9but de la partie, avait su faire la diff\u00e9rence \u00e0 l\u2019abord de la surface rennaise. <\/p>\n<p class=\"paragraph text_align_left lp-f-body-02\">La frustration aurait sans doute \u00e9t\u00e9 moins pr\u00e9sente si le scenario ne s\u2019\u00e9tait pas retourn\u00e9 contre les Parisiens. Alors qu\u2019ils encha\u00eenaient les courses vers l\u2019avant, les Bretons trouvaient finalement la faille (83e) par l\u2019interm\u00e9diaire de Breel Embolo.<b> <\/b>Entr\u00e9 en jeu \u00e0 la 66e minute \u00e0 la place de Kader Me\u00eft\u00e9, l\u2019avant-centre rennais, servi en profondeur par Quentin Merlin, parvenait \u00e0 prendre de vitesse Moustapha Mbow. Sa frappe \u00e0 ras de terre du pied droit ne pouvait pas \u00eatre repouss\u00e9e par Obed Nkambadio, pourtant impeccable jusque-l\u00e0.<\/p>\n<p>La victoire \u00e0 Monaco d\u00e9j\u00e0 oubli\u00e9e<\/p>\n<p class=\"paragraph text_align_left lp-f-body-02\">Une semaine apr\u00e8s leur courte et inattendue victoire sur la pelouse de l\u2019AS Monaco (0-1), les hommes de St\u00e9phane Gilli pourront regretter ce manque de r\u00e9ussite. Face \u00e0 un adversaire tout proche au classement avant le d\u00e9but de la rencontre (10e, contre 11e pour le second club de la capitale) et qui sortait d\u2019un large succ\u00e8s face \u00e0 Strasbourg (4-1), le Paris FC a d\u2019abord pein\u00e9 \u00e0 enflammer la rencontre mais avait su faire le dos rond. <\/p>\n<p class=\"paragraph text_align_left lp-f-body-02\">Pendant une vingtaine de minutes : peu d\u2019occasions, peu d\u2019offensives, peu d\u2019acc\u00e9l\u00e9rations tranchantes et des maladresses techniques \u00e0 l\u2019image des contr\u00f4les manqu\u00e9s par Jean-Philippe Krasso. Mais solidaires et bien d\u00e9termin\u00e9s \u00e0 ne se faire surprendre, les Parisiens avaient su r\u00e9sister. <\/p>\n<p class=\"paragraph text_align_left lp-f-body-02\">\u00ab Je trouve que sur certains matchs on \u00e9tait trop ouverts, on voulait trop jouer m\u00eame sans le ballon, on voulait faire un gros pressing alors qu\u2019en Ligue 1, les joueurs arrivent \u00e0 s\u2019en sortir et donc on prend des buts b\u00eates \u00bb, avait expliqu\u00e9 Maxime Lopez samedi dernier apr\u00e8s le succ\u00e8s \u00e0 Monaco, bien conscient qu\u2019il fallait tenir en d\u00e9fense pour esp\u00e9rer s\u2019imposer. <\/p>\n<p class=\"paragraph text_align_left lp-f-body-02\">Toujours bien surveill\u00e9 par Quentin Merlin, Moses Simon n\u2019a jamais vraiment r\u00e9ussi \u00e0 faire la diff\u00e9rence sur son c\u00f4t\u00e9 gauche. Alors c\u2019est surtout depuis le couloir droit que les Parisiens ont su progressivement cr\u00e9er le danger. D\u2019abord avec Pierre Lees-Melou, \u00e0 la r\u00e9ception d\u2019une subtile combinaison entre Maxime Lopez et Ilan Kebbal. Sa reprise de vol\u00e9e quasi tendue \u00e0 quelques m\u00e8tres du but rennais est stopp\u00e9e par Brice Samba (35e). <\/p>\n<p class=\"paragraph text_align_left lp-f-body-02\">Le sc\u00e9nario s\u2019est r\u00e9p\u00e9t\u00e9, avec cette fois, un tir cadr\u00e9 sign\u00e9 Jean-Philippe Krasso (39e). Sa frappe tendue du pied gauche, l\u00e0-aussi dans un angle ferm\u00e9 est repouss\u00e9e en corner par le portier rennais. Jusqu\u2019aux derni\u00e8res secondes de cette partie, les Parisiens, \u00e0 l\u2019image d\u2019Ilan Kebbal temp\u00eatant de part et d\u2019autre du terrain pour capter chaque ballon, ont tent\u00e9 de revenir au score. Ils ratent une occasion d\u2019encha\u00eener pour la premi\u00e8re fois depuis le d\u00e9but de la saison une s\u00e9rie de trois matchs sans d\u00e9faite. <\/p>\n","protected":false},"excerpt":{"rendered":"Samir Chergui comme Thibaut De Smedt risquent de ressasser pendant quelques heures cette seconde mi-temps face au Stade&hellip;\n","protected":false},"author":2,"featured_media":519171,"comment_status":"","ping_status":"","sticky":false,"template":"","format":"standard","meta":{"footnotes":""},"categories":[2821],"tags":[1111,11,829,1777,674,63,1011,27,12,445,584,25,60],"class_list":{"0":"post-519170","1":"post","2":"type-post","3":"status-publish","4":"format-standard","5":"has-post-thumbnail","7":"category-rennes","8":"tag-actu","9":"tag-actualites","10":"tag-bretagne","11":"tag-eu","12":"tag-europe","13":"tag-football","14":"tag-fr","15":"tag-france","16":"tag-news","17":"tag-paris-fc","18":"tag-rennes","19":"tag-republique-francaise","20":"tag-sports"},"share_on_mastodon":{"url":"https:\/\/pubeurope.com\/@fr\/115510684205641007","error":""},"_links":{"self":[{"href":"https:\/\/www.europesays.com\/fr\/wp-json\/wp\/v2\/posts\/519170","targetHints":{"allow":["GET"]}}],"collection":[{"href":"https:\/\/www.europesays.com\/fr\/wp-json\/wp\/v2\/posts"}],"about":[{"href":"https:\/\/www.europesays.com\/fr\/wp-json\/wp\/v2\/types\/post"}],"author":[{"embeddable":true,"href":"https:\/\/www.europesays.com\/fr\/wp-json\/wp\/v2\/users\/2"}],"replies":[{"embeddable":true,"href":"https:\/\/www.europesays.com\/fr\/wp-json\/wp\/v2\/comments?post=519170"}],"version-history":[{"count":0,"href":"https:\/\/www.europesays.com\/fr\/wp-json\/wp\/v2\/posts\/519170\/revisions"}],"wp:featuredmedia":[{"embeddable":true,"href":"https:\/\/www.europesays.com\/fr\/wp-json\/wp\/v2\/media\/519171"}],"wp:attachment":[{"href":"https:\/\/www.europesays.com\/fr\/wp-json\/wp\/v2\/media?parent=519170"}],"wp:term":[{"taxonomy":"category","embeddable":true,"href":"https:\/\/www.europesays.com\/fr\/wp-json\/wp\/v2\/categories?post=519170"},{"taxonomy":"post_tag","embeddable":true,"href":"https:\/\/www.europesays.com\/fr\/wp-json\/wp\/v2\/tags?post=519170"}],"curies":[{"name":"wp","href":"https:\/\/api.w.org\/{rel}","templated":true}]}}