{"id":519172,"date":"2025-11-07T22:05:13","date_gmt":"2025-11-07T22:05:13","guid":{"rendered":"https:\/\/www.europesays.com\/fr\/519172\/"},"modified":"2025-11-07T22:05:13","modified_gmt":"2025-11-07T22:05:13","slug":"strasbourg-pour-le-president-de-luejf-le-temps-est-a-lespoir-difficile-qui-renait-2","status":"publish","type":"post","link":"https:\/\/www.europesays.com\/fr\/519172\/","title":{"rendered":"Strasbourg. Pour le pr\u00e9sident de l\u2019UEJF, \u00ab\u00a0le temps est \u00e0 l\u2019espoir difficile qui rena\u00eet\u00a0\u00bb"},"content":{"rendered":"<p>\u00ab\u00a0Sommes-nous devenus des pestif\u00e9r\u00e9s\u00a0?\u00a0\u00bb Dernier \u00e0 s\u2019exprimer en ouverture de la convention internationale de l\u2019Union des \u00e9tudiants juifs de France (UEJF), vendredi 7\u00a0novembre dans l\u2019h\u00e9micycle de la R\u00e9gion Grand Est \u00e0 Strasbourg, le pr\u00e9sident de l\u2019association avoue que \u00ab\u00a0cette question [l]e hante\u00a0\u00bb. Une hantise raviv\u00e9e par les incidents survenus jeudi soir durant un concert de l\u2019Orchestre philharmonique d\u2019Isra\u00ebl \u00e0 Paris, et qui se nourrit du climat naus\u00e9abond r\u00e9gnant au sein de certaines universit\u00e9s.<\/p>\n<p>\u00ab\u00a0Des \u00e9tudiants sont ostracis\u00e9s et trait\u00e9s de g\u00e9nocidaires parce que leurs noms sonnent trop sionistes\u00a0\u00bb, fustige au micro Yossef Murciano, devant une centaine d\u2019\u00e9tudiants fran\u00e7ais et europ\u00e9ens conquis. Il d\u00e9plore que Sciences Po Strasbourg ait <a href=\"https:\/\/www.dna.fr\/education\/2024\/10\/29\/sciences-po-suspend-son-partenariat-avec-une-universite-d-israel\" target=\"_blank\" rel=\"noopener\">suspendu son partenariat avec l\u2019universit\u00e9 isra\u00e9lienne Reichman<\/a>.<\/p>\n<p>Dans ce contexte hostile, le pr\u00e9sident de la section strasbourgeoise de l\u2019UEJF, Ilan Bloch, enjoint de \u00ab\u00a0tenir t\u00eate \u00e0 la minorit\u00e9 haineuse\u00a0\u00bb qui maquille son antis\u00e9mitisme avec l\u2019antisionisme. \u00ab\u00a0Montrez-leur que leur haine n\u2019a aucun sens et maintenez le dialogue avec les autres \u00e9tudiants\u00a0\u00bb, encourage Maurice Dahan, pr\u00e9sident du consistoire isra\u00e9lite du Bas-Rhin. Avec la fin de la guerre \u00e0 Gaza, Yossef Murciano veut croire que \u00ab\u00a0le temps est \u00e0 l\u2019espoir difficile qui rena\u00eet\u00a0\u00bb. Il rappelle qu\u2019\u00e0 l\u2019UEJF, on est \u00ab\u00a0fier d\u2019\u00eatre antiraciste et sioniste\u00a0\u00bb.<\/p>\n<p>Jusqu\u2019\u00e0 dimanche, les participants vont encha\u00eener les temps de visite, d\u2019\u00e9change, de pri\u00e8re et de f\u00eate. Strasbourg avait d\u00e9j\u00e0 accueilli la convention nationale de l\u2019UEJF en 2015.<\/p>\n","protected":false},"excerpt":{"rendered":"\u00ab\u00a0Sommes-nous devenus des pestif\u00e9r\u00e9s\u00a0?\u00a0\u00bb Dernier \u00e0 s\u2019exprimer en ouverture de la convention internationale de l\u2019Union des \u00e9tudiants juifs&hellip;\n","protected":false},"author":2,"featured_media":519173,"comment_status":"","ping_status":"","sticky":false,"template":"","format":"standard","meta":{"footnotes":""},"categories":[2820],"tags":[1111,11,2389,2649,3206,2880,1057,4854,1777,674,107,1011,27,775,12,5889,25,104,640,2879],"class_list":{"0":"post-519172","1":"post","2":"type-post","3":"status-publish","4":"format-standard","5":"has-post-thumbnail","7":"category-strasbourg","8":"tag-actu","9":"tag-actualites","10":"tag-alsace","11":"tag-bas-rhin","12":"tag-defense-guerre-conflit","13":"tag-edition-strasbourg","14":"tag-education","15":"tag-enseignement-superieur","16":"tag-eu","17":"tag-europe","18":"tag-fil-info","19":"tag-fr","20":"tag-france","21":"tag-grand-est","22":"tag-news","23":"tag-religion-croyance","24":"tag-republique-francaise","25":"tag-societe","26":"tag-strasbourg","27":"tag-strasbourg-ville"},"share_on_mastodon":{"url":"https:\/\/pubeurope.com\/@fr\/115510688299529554","error":""},"_links":{"self":[{"href":"https:\/\/www.europesays.com\/fr\/wp-json\/wp\/v2\/posts\/519172","targetHints":{"allow":["GET"]}}],"collection":[{"href":"https:\/\/www.europesays.com\/fr\/wp-json\/wp\/v2\/posts"}],"about":[{"href":"https:\/\/www.europesays.com\/fr\/wp-json\/wp\/v2\/types\/post"}],"author":[{"embeddable":true,"href":"https:\/\/www.europesays.com\/fr\/wp-json\/wp\/v2\/users\/2"}],"replies":[{"embeddable":true,"href":"https:\/\/www.europesays.com\/fr\/wp-json\/wp\/v2\/comments?post=519172"}],"version-history":[{"count":0,"href":"https:\/\/www.europesays.com\/fr\/wp-json\/wp\/v2\/posts\/519172\/revisions"}],"wp:featuredmedia":[{"embeddable":true,"href":"https:\/\/www.europesays.com\/fr\/wp-json\/wp\/v2\/media\/519173"}],"wp:attachment":[{"href":"https:\/\/www.europesays.com\/fr\/wp-json\/wp\/v2\/media?parent=519172"}],"wp:term":[{"taxonomy":"category","embeddable":true,"href":"https:\/\/www.europesays.com\/fr\/wp-json\/wp\/v2\/categories?post=519172"},{"taxonomy":"post_tag","embeddable":true,"href":"https:\/\/www.europesays.com\/fr\/wp-json\/wp\/v2\/tags?post=519172"}],"curies":[{"name":"wp","href":"https:\/\/api.w.org\/{rel}","templated":true}]}}