{"id":519174,"date":"2025-11-07T22:06:13","date_gmt":"2025-11-07T22:06:13","guid":{"rendered":"https:\/\/www.europesays.com\/fr\/519174\/"},"modified":"2025-11-07T22:06:13","modified_gmt":"2025-11-07T22:06:13","slug":"ligue-1-le-losc-va-sentrainer-a-schiltigheim-avant-de-defier-le-racing","status":"publish","type":"post","link":"https:\/\/www.europesays.com\/fr\/519174\/","title":{"rendered":"Ligue 1. Le Losc va s&rsquo;entra\u00eener \u00e0 Schiltigheim avant de d\u00e9fier le Racing"},"content":{"rendered":"<p>Du beau monde \u00e0 Schiltigheim ce samedi&#8230; et m\u00eame un champion du monde 2018 ! <a href=\"https:\/\/www.dna.fr\/p\/olivier-giroud\" target=\"_blank\" rel=\"noopener\">Olivier Giroud<\/a> et le Losc vont pr\u00e9parer au stade de l&rsquo;Aar leur match de <a href=\"https:\/\/www.dna.fr\/sport\/classement\/football\/national-ligue-1\" target=\"_blank\" rel=\"noopener\">Ligue 1<\/a> de ce dimanche \u00e0 la Meinau (17h15). Soit sur les installations du Sporting. \u00ab\u00a0Ils ont pris contact avec nous il y a quelques temps et \u00e7a s&rsquo;est fait naturellement\u00a0\u00bb, explique le pr\u00e9sident du club alsacien de R\u00e9gional 1, David Bacharyar.<\/p>\n<p>Les Lillois de Bruno Genesio auront un acc\u00e8s exclusif aux installations pendant quatre heures. \u00ab\u00a0De 10 \u00e0 14 h. Le staff arrivera t\u00f4t, l&rsquo;entra\u00eenement devrait d\u00e9marrer vers 11 h et durer peut-\u00eatre une heure et demie\u00a0\u00bb, croit savoir le dirigeant, qui a d\u00fb s&rsquo;adapter. \u00ab On a pris un service de s\u00e9curit\u00e9 suppl\u00e9mentaire et d\u00fb d\u00e9localiser des \u00e9quipes pour leur permettre d&rsquo;\u00eatre tranquilles. \u00bb<\/p>\n<p>A huis clos<\/p>\n<p>Car la s\u00e9ance sera bien \u00e0 huis clos. Enfin presque. Seuls des \u00ab\u00a0\u00e9ducateurs avec les jeunes licenci\u00e9s du club, jusqu&rsquo;\u00e0 11 ans, auront acc\u00e8s aux tribunes\u00a0\u00bb. Et pourront donc, peut-\u00eatre, faire un petit selfie avec le recordman de buts en \u00e9quipe de France&#8230; Ou les prometteurs Hamza Igamane et Ayyoub Bouaddi, sans oublier l&rsquo;ex-Parisien Thomas Meunier.<\/p>\n<p>A moins que les Nordistes n&rsquo;aient pas vraiement le sourire. Ils restent sur <a href=\"https:\/\/www.dna.fr\/sport\/2025\/11\/06\/ligue-europa-nice-poursuit-sa-terrible-serie-lille-s-incline-a-belgrade\" target=\"_blank\" rel=\"noopener\">une courte\u00a0et frustrante d\u00e9faite en Ligue Europa, jeudi \u00e0 Belgrade (1-0)<\/a>. A l&rsquo;inverse du <a href=\"https:\/\/www.dna.fr\/sport\/rcsa-racing-club-strasbourg\" target=\"_blank\" rel=\"noopener\">Racing<\/a>, <a href=\"https:\/\/www.dna.fr\/sport\/2025\/11\/07\/vainqueur-a-hacken-le-racing-assure-l-essentiel-malgre-un-contenu-insuffisant\" target=\"_blank\" rel=\"noopener\">vainqueur jeudi en Su\u00e8de<\/a>.<\/p>\n<p>Ce contenu est bloqu\u00e9 car vous n&rsquo;avez pas accept\u00e9 les cookies et autres traceurs.<\/p>\n<p>En cliquant sur \u00ab J\u2019accepte \u00bb, les cookies et autres traceurs seront d\u00e9pos\u00e9s et vous pourrez visualiser les contenus  (<a href=\"\" class=\"consentModule_policy\" target=\"_blank\" title=\"Consulter la politique de protection des donn\u00e9es du fournisseur\">plus d&rsquo;informations<\/a>).<\/p>\n<p>En cliquant sur \u00ab J\u2019accepte tous les cookies \u00bb, vous autorisez des d\u00e9p\u00f4ts de cookies et autres traceurs pour le stockage de vos donn\u00e9es sur nos sites et applications \u00e0 des fins de personnalisation et de ciblage publicitaire.<\/p>\n<p class=\"consentModule_secondaryText\">Vous gardez la possibilit\u00e9 de retirer votre consentement \u00e0 tout moment en consultant notre <a href=\"https:\/\/www.dna.fr\/protection-des-donnees\" target=\"_blank\" title=\"Consulter notre politique de protection des donn\u00e9es\" rel=\"noopener\">politique de protection des donn\u00e9es<\/a>. <br \/>&#13;<br \/>\n            <a href=\"https:\/\/www.dna.fr\/sport\/2025\/11\/07\/javascript:Didomi.notice.show()\" class=\"consentModule_cmp\" target=\"_blank\" rel=\"noopener\">G\u00e9rer mes choix<\/a>&#13;\n        <\/p>\n<p>&#13;<br \/>\n                        J&rsquo;accepte&#13;<br \/>\n            J&rsquo;accepte tous les cookies&#13;\n        <\/p>\n","protected":false},"excerpt":{"rendered":"Du beau monde \u00e0 Schiltigheim ce samedi&#8230; et m\u00eame un champion du monde 2018 ! Olivier Giroud et&hellip;\n","protected":false},"author":2,"featured_media":519175,"comment_status":"","ping_status":"","sticky":false,"template":"","format":"standard","meta":{"footnotes":""},"categories":[2820],"tags":[328,1111,11,1777,674,107,1701,1011,27,775,7020,12,41281,25,517,640],"class_list":{"0":"post-519174","1":"post","2":"type-post","3":"status-publish","4":"format-standard","5":"has-post-thumbnail","7":"category-strasbourg","8":"tag-a-la-une","9":"tag-actu","10":"tag-actualites","11":"tag-eu","12":"tag-europe","13":"tag-fil-info","14":"tag-fil-info-sport","15":"tag-fr","16":"tag-france","17":"tag-grand-est","18":"tag-ligue-1-football","19":"tag-news","20":"tag-racing-club-strasbourg-masculin","21":"tag-republique-francaise","22":"tag-sport","23":"tag-strasbourg"},"share_on_mastodon":{"url":"https:\/\/pubeurope.com\/@fr\/115510692013564430","error":""},"_links":{"self":[{"href":"https:\/\/www.europesays.com\/fr\/wp-json\/wp\/v2\/posts\/519174","targetHints":{"allow":["GET"]}}],"collection":[{"href":"https:\/\/www.europesays.com\/fr\/wp-json\/wp\/v2\/posts"}],"about":[{"href":"https:\/\/www.europesays.com\/fr\/wp-json\/wp\/v2\/types\/post"}],"author":[{"embeddable":true,"href":"https:\/\/www.europesays.com\/fr\/wp-json\/wp\/v2\/users\/2"}],"replies":[{"embeddable":true,"href":"https:\/\/www.europesays.com\/fr\/wp-json\/wp\/v2\/comments?post=519174"}],"version-history":[{"count":0,"href":"https:\/\/www.europesays.com\/fr\/wp-json\/wp\/v2\/posts\/519174\/revisions"}],"wp:featuredmedia":[{"embeddable":true,"href":"https:\/\/www.europesays.com\/fr\/wp-json\/wp\/v2\/media\/519175"}],"wp:attachment":[{"href":"https:\/\/www.europesays.com\/fr\/wp-json\/wp\/v2\/media?parent=519174"}],"wp:term":[{"taxonomy":"category","embeddable":true,"href":"https:\/\/www.europesays.com\/fr\/wp-json\/wp\/v2\/categories?post=519174"},{"taxonomy":"post_tag","embeddable":true,"href":"https:\/\/www.europesays.com\/fr\/wp-json\/wp\/v2\/tags?post=519174"}],"curies":[{"name":"wp","href":"https:\/\/api.w.org\/{rel}","templated":true}]}}