{"id":519180,"date":"2025-11-07T22:09:23","date_gmt":"2025-11-07T22:09:23","guid":{"rendered":"https:\/\/www.europesays.com\/fr\/519180\/"},"modified":"2025-11-07T22:09:23","modified_gmt":"2025-11-07T22:09:23","slug":"une-balade-en-porsche-pour-les-enfants-malades-du-chu-de-nantes","status":"publish","type":"post","link":"https:\/\/www.europesays.com\/fr\/519180\/","title":{"rendered":"Une balade en Porsche pour les enfants malades du CHU de Nantes"},"content":{"rendered":"<tr wp_automatic_readability=\"1.9393939393939\">\n<td valign=\"middle\" align=\"center\" class=\"col-logo\">\n    <img decoding=\"async\" src=\"https:\/\/www.europesays.com\/fr\/wp-content\/uploads\/2025\/04\/presse-ocean.gif\" alt=\"logo Presse-Oc\u00e9an\" height=\"66\"\/><\/p>\n<\/td>\n<td class=\"col-titre\">\n\t\t\tVendredi 07 novembre 2025 17:09<br \/>\n\t\t\t<a class=\"icon-bulle sizeL count\" href=\"#ancreAvis\"><br \/>\n\t&#8230;<br \/>\n<\/a><\/td>\n<\/tr>\n<p>\t\tLe Fonds de dotation du CHU de Nantes, Naovie, en partenariat avec le Centre Porsche Nantes, organisait ce vendredi 7\u00a0novembre 2025 le Rallye des H\u00e9ros, une initiative solidaire in\u00e9dite visant \u00e0 financer la cr\u00e9ation de chambres n\u00e9onatales \u00ab\u00a0z\u00e9ro s\u00e9paration\u00a0\u00bb.<\/p>\n<p><b>Cet article est r\u00e9serv\u00e9 aux abonn\u00e9s<\/b><\/p>\n<p>Pour un acc\u00e8s imm\u00e9diat, abonnez-vous<\/p>\n<p><b>1\u00e8re semaine offerte<\/b><\/p>\n<p>\t\t Photo Naovie \u00a0\u00a0<br \/>\n\t\tPresse-Oc\u00e9an<\/p>\n<p>Retrouvez d&rsquo;autres actus sur la commune de :<\/p>\n<p>\t\t&#13;<\/p>\n","protected":false},"excerpt":{"rendered":"Vendredi 07 novembre 2025 17:09 &#8230; Le Fonds de dotation du CHU de Nantes, Naovie, en partenariat avec&hellip;\n","protected":false},"author":2,"featured_media":181730,"comment_status":"","ping_status":"","sticky":false,"template":"","format":"standard","meta":{"footnotes":""},"categories":[2818],"tags":[1111,11,7552,4309,1719,1777,674,1011,27,14643,766,12,2636,6027,25],"class_list":{"0":"post-519180","1":"post","2":"type-post","3":"status-publish","4":"format-standard","5":"has-post-thumbnail","7":"category-nantes","8":"tag-actu","9":"tag-actualites","10":"tag-balade","11":"tag-chu","12":"tag-enfants","13":"tag-eu","14":"tag-europe","15":"tag-fr","16":"tag-france","17":"tag-malades","18":"tag-nantes","19":"tag-news","20":"tag-pays-de-la-loire","21":"tag-porsche","22":"tag-republique-francaise"},"share_on_mastodon":{"url":"https:\/\/pubeurope.com\/@fr\/115510704591432142","error":""},"_links":{"self":[{"href":"https:\/\/www.europesays.com\/fr\/wp-json\/wp\/v2\/posts\/519180","targetHints":{"allow":["GET"]}}],"collection":[{"href":"https:\/\/www.europesays.com\/fr\/wp-json\/wp\/v2\/posts"}],"about":[{"href":"https:\/\/www.europesays.com\/fr\/wp-json\/wp\/v2\/types\/post"}],"author":[{"embeddable":true,"href":"https:\/\/www.europesays.com\/fr\/wp-json\/wp\/v2\/users\/2"}],"replies":[{"embeddable":true,"href":"https:\/\/www.europesays.com\/fr\/wp-json\/wp\/v2\/comments?post=519180"}],"version-history":[{"count":0,"href":"https:\/\/www.europesays.com\/fr\/wp-json\/wp\/v2\/posts\/519180\/revisions"}],"wp:featuredmedia":[{"embeddable":true,"href":"https:\/\/www.europesays.com\/fr\/wp-json\/wp\/v2\/media\/181730"}],"wp:attachment":[{"href":"https:\/\/www.europesays.com\/fr\/wp-json\/wp\/v2\/media?parent=519180"}],"wp:term":[{"taxonomy":"category","embeddable":true,"href":"https:\/\/www.europesays.com\/fr\/wp-json\/wp\/v2\/categories?post=519180"},{"taxonomy":"post_tag","embeddable":true,"href":"https:\/\/www.europesays.com\/fr\/wp-json\/wp\/v2\/tags?post=519180"}],"curies":[{"name":"wp","href":"https:\/\/api.w.org\/{rel}","templated":true}]}}