{"id":519181,"date":"2025-11-07T22:10:30","date_gmt":"2025-11-07T22:10:30","guid":{"rendered":"https:\/\/www.europesays.com\/fr\/519181\/"},"modified":"2025-11-07T22:10:30","modified_gmt":"2025-11-07T22:10:30","slug":"fc-nantes-une-mauvaise-nouvelle-desormais-officielle-pour-le-choc-face-au-havre","status":"publish","type":"post","link":"https:\/\/www.europesays.com\/fr\/519181\/","title":{"rendered":"FC Nantes : une mauvaise nouvelle d\u00e9sormais officielle pour le choc face au Havre"},"content":{"rendered":"<p><strong>Le groupe du FC Nantes pour affronter Le Havre ce samedi \u00e0 19h.<\/strong><\/p>\n<p>Ce samedi \u00e0 19h, le <a href=\"https:\/\/www.butfootballclub.fr\/actualites\/ligue-1\/fc-nantes\/\" rel=\"noreferrer noopener\" target=\"_blank\">FC Nantes<\/a> se d\u00e9place sur la pelouse du Havre pour la 12e journ\u00e9e de Ligue 1. \u00c0 cette occasion, Luis Castro a retenu un groupe de 21 joueurs, <a href=\"https:\/\/www.butfootballclub.fr\/626730-fc-nantes-enorme-coup-dur-de-derniere-minute-au-havre\/\" rel=\"noreferrer noopener\" target=\"_blank\">dont ne fait pas partie Anthony Lopes<\/a>, gardien et taulier nantais, bless\u00e9 \u00e0 la hanche. Un gros coup dur confirm\u00e9, et en son absence, c\u2019est Carlgren ou Mirbach qui gardera les cages nantaises. De son c\u00f4t\u00e9, Hong Hyun-seok fait son retour. <\/p>\n<p>Le groupe du FC Nantes<\/p>\n<p>Bonelli, Carlgren, Mirbach \u2013 Amian, Awaziem, Centonze, Cozza, Radakovi\u0107, Tati \u2013 Benhattab, Deuff, Hong, Kwon, Leroux, Mwanga, Tabibou \u2013 Abline, Camara, El Arabi, Guirassy, Mohamed.<\/p>\n","protected":false},"excerpt":{"rendered":"Le groupe du FC Nantes pour affronter Le Havre ce samedi \u00e0 19h. Ce samedi \u00e0 19h, le&hellip;\n","protected":false},"author":2,"featured_media":478234,"comment_status":"","ping_status":"","sticky":false,"template":"","format":"standard","meta":{"footnotes":""},"categories":[2818],"tags":[1111,11,448,1777,674,63,1011,27,66,3388,766,12,2636,25,10662],"class_list":{"0":"post-519181","1":"post","2":"type-post","3":"status-publish","4":"format-standard","5":"has-post-thumbnail","7":"category-nantes","8":"tag-actu","9":"tag-actualites","10":"tag-champions-league","11":"tag-eu","12":"tag-europe","13":"tag-football","14":"tag-fr","15":"tag-france","16":"tag-ligue-1","17":"tag-matchs","18":"tag-nantes","19":"tag-news","20":"tag-pays-de-la-loire","21":"tag-republique-francaise","22":"tag-transferts"},"share_on_mastodon":{"url":"https:\/\/pubeurope.com\/@fr\/115510707873980653","error":""},"_links":{"self":[{"href":"https:\/\/www.europesays.com\/fr\/wp-json\/wp\/v2\/posts\/519181","targetHints":{"allow":["GET"]}}],"collection":[{"href":"https:\/\/www.europesays.com\/fr\/wp-json\/wp\/v2\/posts"}],"about":[{"href":"https:\/\/www.europesays.com\/fr\/wp-json\/wp\/v2\/types\/post"}],"author":[{"embeddable":true,"href":"https:\/\/www.europesays.com\/fr\/wp-json\/wp\/v2\/users\/2"}],"replies":[{"embeddable":true,"href":"https:\/\/www.europesays.com\/fr\/wp-json\/wp\/v2\/comments?post=519181"}],"version-history":[{"count":0,"href":"https:\/\/www.europesays.com\/fr\/wp-json\/wp\/v2\/posts\/519181\/revisions"}],"wp:featuredmedia":[{"embeddable":true,"href":"https:\/\/www.europesays.com\/fr\/wp-json\/wp\/v2\/media\/478234"}],"wp:attachment":[{"href":"https:\/\/www.europesays.com\/fr\/wp-json\/wp\/v2\/media?parent=519181"}],"wp:term":[{"taxonomy":"category","embeddable":true,"href":"https:\/\/www.europesays.com\/fr\/wp-json\/wp\/v2\/categories?post=519181"},{"taxonomy":"post_tag","embeddable":true,"href":"https:\/\/www.europesays.com\/fr\/wp-json\/wp\/v2\/tags?post=519181"}],"curies":[{"name":"wp","href":"https:\/\/api.w.org\/{rel}","templated":true}]}}