{"id":519186,"date":"2025-11-07T22:13:13","date_gmt":"2025-11-07T22:13:13","guid":{"rendered":"https:\/\/www.europesays.com\/fr\/519186\/"},"modified":"2025-11-07T22:13:13","modified_gmt":"2025-11-07T22:13:13","slug":"des-milliers-de-personnes-attendues-pour-la-grande-expo-playmobil-aux-portes-de-toulouse","status":"publish","type":"post","link":"https:\/\/www.europesays.com\/fr\/519186\/","title":{"rendered":"Des milliers de personnes attendues pour la grande expo Playmobil, aux portes de Toulouse"},"content":{"rendered":"<p>            Par<br \/>\n        <strong><br \/>\n            <a href=\"https:\/\/actu.fr\/auteur\/guillaume-laurens\" title=\"Consulter tous les articles de Guillaume Laurens\" target=\"_blank\" rel=\"noopener\">Guillaume Laurens<\/a><br \/>\n        <\/strong><\/p>\n<p>        Publi\u00e9 le<\/p>\n<p>            7 nov. 2025 \u00e0 18h49        <\/p>\n<p>Avis aux enfants\u2026 et grands enfants ! Une nouvelle \u00e9dition de la fameuse <strong>exposition Playmobil<\/strong> se tient \u00e0 <a href=\"https:\/\/actu.fr\/occitanie\/balma_31044\" target=\"_blank\" rel=\"noopener\"><strong>Balma<\/strong> <\/a>(Haute-Garonne), pr\u00e8s de <strong>Toulouse<\/strong>, ces samedi 8 et dimanche 9 novembre 2025. Et c\u2019est de tr\u00e8s loin <strong>le plus gros \u00e9v\u00e9nement<\/strong> du genre dans le d\u00e9partement, puisqu\u2019il avait attir\u00e9 quelque<strong> 4 000 personnes<\/strong> l\u2019an dernier.<\/p>\n<p>Dix nouveaux th\u00e8mes au programme cette ann\u00e9e<\/p>\n<p class=\" wall-content\">Au programme de cette <strong>7e \u00e9dition<\/strong> ? Coorganisateur de l\u2019exposition avec l\u2019association Fans de Jouets 34,\u00a0<strong>\u00c9ric Lempernesse<\/strong> a concoct\u00e9 <strong>dix nouveaux th\u00e8mes<\/strong> cette ann\u00e9e : \u00ab\u00a0Le western, le cirque, la ferme p\u00e9dagogique, les ann\u00e9es 1900, les f\u00e9es, l\u2019espace, un concert live, le chantier, les Vikings et la pr\u00e9histoire\u00a0\u00bb, raconte-t-il.<\/p>\n<p>    <img   decoding=\"async\" loading=\"lazy\" src=\"https:\/\/www.europesays.com\/fr\/wp-content\/uploads\/2025\/11\/expo-playmobil-toulouse-2-960x640.jpg\" alt=\"On varie les plaisirs \u00e0 l'expo \" width=\"960\" height=\"640\"\/><br \/>\n    Dix nouveaux th\u00e8mes seront propos\u00e9s \u00e0 l\u2019expo Playmobil de Balma cette ann\u00e9e (\u00a9\u00c9ric Lempernesse)Des exposants \u00ab\u00a0passionn\u00e9s et collectionneurs\u00a0\u00bb<\/p>\n<p class=\" wall-content\">Au total, huit exposants participeront \u00e0 l\u2019\u00e9v\u00e9nement : \u00ab\u00a0Ce sont tous des passionn\u00e9s de Playmobil et des collectionneurs\u00a0\u00bb.<\/p>\n<blockquote class=\"ac-article-quote wall-content\">\n<p>Ils viennent cette ann\u00e9e de l&rsquo;Is\u00e8re, du Tarn, du Tarn-et-Garonne, ou encore de l&rsquo;H\u00e9rault.<\/p>\n<p>    <strong>\u00c9ric Lempernesse<\/strong>\n            <\/p><\/blockquote>\n<p>Vid\u00e9os : en ce moment sur Actu<\/p>\n<p class=\" wall-content\">Accessible \u00e0 <strong>deux euros<\/strong> l\u2019entr\u00e9e (gratuit pour les moins de trois ans), l\u2019exposition se tient durant deux jours \u00e0 la <strong>salle de l\u2019Odyss\u00e9e<\/strong> \u00e0 Balma.<\/p>\n<p>    <img   decoding=\"async\" loading=\"lazy\" src=\"https:\/\/www.europesays.com\/fr\/wp-content\/uploads\/2025\/11\/expo-playmobil-toulouse-960x640.jpg\" alt=\"Dix nouveaux th\u00e8mes seront propos\u00e9s \u00e0 l'expo Playmobil de Balma cette ann\u00e9e\" width=\"960\" height=\"640\"\/><br \/>\n    Les exposants sont tous \u00ab\u00a0des passionn\u00e9s de Playmobil et des collectionneurs\u00a0\u00bb (\u00a9\u00c9ric Lempernesse)<\/p>\n<p>Votre r\u00e9gion, votre actu !<\/p>\n<p>Recevez chaque jour les infos qui comptent pour vous.<\/p>\n<p>\t<a href=\"https:\/\/actu.fr\/newsletter\" class=\"ac-btn ac-btn--corner ac-btn--medium ac-btn--blue800\" target=\"_blank\" rel=\"noopener\">S&rsquo;incrire<\/a><\/p>\n<p><strong>Infos pratiques :\u00a0<\/strong><br \/>Exposition\u00a0Playmobil\u00a0de Balma<br \/>Salle de l\u2019Odyss\u00e9e, 20 place de la Lib\u00e9ration \u00e0 Balma<br \/>Deux euros l\u2019entr\u00e9e, gratuit pour les moins de 3 ans<br \/>Buvette et cr\u00eapes sur place<\/p>\n<p>    <a href=\"https:\/\/www.google.com\/maps\/embed?pb=!1m18!1m12!1m3!1d2888.848527573627!2d1.4958702778545174!3d43.609695371104344!2m3!1f0!2f0!3f0!3m2!1i1024!2i768!4f13.1!3m3!1m2!1s0x12aebddb78bb93f9%3A0xde738d478c6b6492!2sL%27Odyss%C3%A9e%20-%20Nouvelle%20Salle%20des%20F%C3%AAtes!5e0!3m2!1sfr!2sfr!4v1762529439595!5m2!1sfr!2sfr\" title=\"Ouvrie le lien\" target=\"_blank\" rel=\"noopener\">Cliquez ici pour visualiser le contenu<\/a><\/p>\n<p class=\" wall-content\">Personnalisez votre actualit\u00e9 en ajoutant vos villes et m\u00e9dias en favori avec <a href=\"https:\/\/moncompte.actu.fr\" title=\"D\u00e9couvez Mon Actu\" rel=\"nofollow noopener\" data-trk=\"{&quot;cta&quot;:{&quot;action&quot;:&quot;https:\\\/\\\/moncompte.actu.fr&quot;,&quot;category&quot;:&quot;mon compte&quot;,&quot;from&quot;:&quot;article footer&quot;,&quot;name&quot;:&quot;Mon actu&quot;,&quot;type&quot;:&quot;cta&quot;}}\" target=\"_blank\">Mon Actu<\/a>.<\/p>\n","protected":false},"excerpt":{"rendered":"Par Guillaume Laurens Publi\u00e9 le 7 nov. 2025 \u00e0 18h49 Avis aux enfants\u2026 et grands enfants ! Une&hellip;\n","protected":false},"author":2,"featured_media":519187,"comment_status":"","ping_status":"","sticky":false,"template":"","format":"standard","meta":{"footnotes":""},"categories":[2816],"tags":[1111,11,1777,674,1011,27,1652,12,2680,25,1341,2312],"class_list":{"0":"post-519186","1":"post","2":"type-post","3":"status-publish","4":"format-standard","5":"has-post-thumbnail","7":"category-toulouse","8":"tag-actu","9":"tag-actualites","10":"tag-eu","11":"tag-europe","12":"tag-fr","13":"tag-france","14":"tag-loisirs-culture","15":"tag-news","16":"tag-occitanie","17":"tag-republique-francaise","18":"tag-sortir-a-toulouse","19":"tag-toulouse"},"share_on_mastodon":{"url":"https:\/\/pubeurope.com\/@fr\/115510721143583853","error":""},"_links":{"self":[{"href":"https:\/\/www.europesays.com\/fr\/wp-json\/wp\/v2\/posts\/519186","targetHints":{"allow":["GET"]}}],"collection":[{"href":"https:\/\/www.europesays.com\/fr\/wp-json\/wp\/v2\/posts"}],"about":[{"href":"https:\/\/www.europesays.com\/fr\/wp-json\/wp\/v2\/types\/post"}],"author":[{"embeddable":true,"href":"https:\/\/www.europesays.com\/fr\/wp-json\/wp\/v2\/users\/2"}],"replies":[{"embeddable":true,"href":"https:\/\/www.europesays.com\/fr\/wp-json\/wp\/v2\/comments?post=519186"}],"version-history":[{"count":0,"href":"https:\/\/www.europesays.com\/fr\/wp-json\/wp\/v2\/posts\/519186\/revisions"}],"wp:featuredmedia":[{"embeddable":true,"href":"https:\/\/www.europesays.com\/fr\/wp-json\/wp\/v2\/media\/519187"}],"wp:attachment":[{"href":"https:\/\/www.europesays.com\/fr\/wp-json\/wp\/v2\/media?parent=519186"}],"wp:term":[{"taxonomy":"category","embeddable":true,"href":"https:\/\/www.europesays.com\/fr\/wp-json\/wp\/v2\/categories?post=519186"},{"taxonomy":"post_tag","embeddable":true,"href":"https:\/\/www.europesays.com\/fr\/wp-json\/wp\/v2\/tags?post=519186"}],"curies":[{"name":"wp","href":"https:\/\/api.w.org\/{rel}","templated":true}]}}