{"id":51919,"date":"2025-04-25T14:07:08","date_gmt":"2025-04-25T14:07:08","guid":{"rendered":"https:\/\/www.europesays.com\/fr\/51919\/"},"modified":"2025-04-25T14:07:08","modified_gmt":"2025-04-25T14:07:08","slug":"on-ne-peut-pas-saccager-la-biodiversite-pour-se-faire-de-largent-larmateur-dun-catamaran-poursuivi-a-marseille","status":"publish","type":"post","link":"https:\/\/www.europesays.com\/fr\/51919\/","title":{"rendered":"\u00ab\u00a0On ne peut pas saccager la biodiversit\u00e9 pour se faire de l\u2019argent\u00a0\u00bb, l\u2019armateur d\u2019un catamaran poursuivi \u00e0 Marseille"},"content":{"rendered":"<p>              <img ci-src=\"https:\/\/www.nicematin.com\/justice\/protec\/DATA_ART_15405786-L6TU97QK.jpg?vh=9e903e&amp;ci_seal=1775f5a086\" alt=\"\"\/><br \/>\n        Me Isabelle Vergnoux, avocate qui repr\u00e9sente les int\u00e9r\u00eats de trois associations dont France Nature Environnement.  <strong>Photo So. B..<\/strong> <\/p>\n<p>Appartenant \u00e0 la soci\u00e9t\u00e9 Levantin et mesurant plus de 24m\u00e8tres, le voilier E. Colorato a mouill\u00e9 au moins \u00e0 deux reprises sur des mattes de posidonie, en 2021 et 2022, au c\u0153ur du parc des Calanques, lors de location \u00e0 des particuliers.<\/p>\n<p>Qualifiant le comportement de cet entrepreneur de \u00ab\u00a0politique de la terre br\u00fbl\u00e9e\u00a0\u00bb visant \u00e0 \u00ab\u00a0remplir ses caisses au plus vite\u00a0\u00bb, le procureur a requis une amende de 50.000 euros. Les parties civiles ont plaid\u00e9 en faveur de la r\u00e9paration du pr\u00e9judice \u00e9cologique, d\u00e9j\u00e0 reconnu par cette juridiction, et l\u2019ont chiffr\u00e9 \u00e0 49.000 euros, arguant que \u00ab\u00a0le mod\u00e8le \u00e9conomique de l\u2019armateur reposait sur le patrimoine naturel du parc des Calanques\u00a0\u00bb.<\/p>\n<p>D\u00e9j\u00e0 poursuivi devant le tribunal maritime, le chef d\u2019entreprise s\u2019est fait porter p\u00e2le et n\u2019\u00e9tait repr\u00e9sent\u00e9 par aucun avocat, lors de l\u2019audience qui s\u2019est tenue ce vendredi 25 avril. C\u2019est pour avoir \u00ab\u00a0donn\u00e9 des directives\u00a0\u00bb aux skippers de ses bateaux, et \u00ab\u00a0bris\u00e9 la concurrence avec les autres exploitants qui respectent la r\u00e9glementation\u00a0\u00bb, que le parquet a form\u00e9 des poursuites \u00e0 son encontre, ce qui est une premi\u00e8re en France.<\/p>\n<p>En M\u00e9diterran\u00e9e fran\u00e7aise, tout bateau de plus de 24m\u00e8tres a interdiction de jeter l\u2019ancre sur un herbier de posidonie. Le d\u00e9lib\u00e9r\u00e9 sera rendu le 12 juin prochain.<\/p>\n<p>\u00ab\u00a0D\u00e9serter ses responsabilit\u00e9s\u00a0\u00bb<\/p>\n<p>Peut-on \u00ab\u00a0exploiter sans scrupule\u00a0\u00bb un milieu naturel, comme le d\u00e9crit le minist\u00e8re public du tribunal maritime de Marseille, et \u00ab\u00a0d\u00e9serter ses responsabilit\u00e9s\u00a0\u00bb ? Vendredi matin, la juridiction examinait un nouveau dossier d\u2019infraction \u00e0 la r\u00e9glementation en faveur de la posidonie, mais avec le point particulier que, cette fois, en plus de deux skippers, le propri\u00e9taire d\u2019un catamaran de tourisme a \u00e9t\u00e9 somm\u00e9 de rendre des comptes \u00e0 la justice.<\/p>\n<p>Cet homme dont la soci\u00e9t\u00e9 est plac\u00e9e en liquidation judiciaire n\u2019est pas venu r\u00e9pondre aux questions des magistrats et c\u2019est en son absence que son dossier a \u00e9t\u00e9 examin\u00e9. Au cours de l\u2019enqu\u00eate, il a ni\u00e9 avoir donn\u00e9 des consignes, alors que ses skippers ont parl\u00e9 de \u00ab\u00a0la pression commerciale\u00a0\u00bb qui s\u2019exer\u00e7ait sur eux, pour mouiller dans une zone interdite. Cela faisait partie de \u00ab\u00a0la feuille de route\u00a0\u00bb vendue \u00e0 la client\u00e8le qui embarquait pour admirer les calanques de Sormiou ou de Sugiton.<\/p>\n<p>\u00ab\u00a0Ses d\u00e9clarations sont teint\u00e9es de mauvaise foi. Alors que nous sommes dans un parc national, il a bien un comportement habitue et intentionnel\u00a0\u00bb, a point\u00e9 Me Isabelle Vergnoux, avocate qui repr\u00e9sente les int\u00e9r\u00eats de trois associations dont France Nature Environnement, d\u00e9j\u00e0 reconnue partie civile dans des proc\u00e9dures ant\u00e9rieures de destruction de la posidonie.<\/p>\n<p>\u00ab\u00a0Les armateurs, les capitaines, les touristes et l\u2019ensemble du grand public, chacun doit comprendre qu\u2019on ne peut pas se faire de l\u2019argent au d\u00e9triment de la biodiversit\u00e9. On ne peut plus se servir et saccager des esp\u00e8ces naturelles.\u00a0\u00bb<\/p>\n<p>\u00ab\u00a0Sans surveillance, l\u2019herbier pourrait dispara\u00eetre\u00a0\u00bb<\/p>\n<p>La seconde fois o\u00f9 le catamaran de 48 tonnes a \u00e9t\u00e9 contr\u00f4l\u00e9 en infraction, il y avait 58 clients \u00e0 bord et quatre membres d\u2019\u00e9quipage. L\u2019ancre avait \u00e9t\u00e9 jet\u00e9e dans un herbier.<\/p>\n<p>Cet entrepreneur \u00ab\u00a0a gagn\u00e9 beaucoup, beaucoup beaucoup d\u2019argent gr\u00e2ce au parc, a soulign\u00e9 Me S\u00e9bastien Mabile, avocat aux int\u00e9r\u00eats au parc national des Calanques qui s\u2019est constitu\u00e9 partie civile. Il a \u00e9t\u00e9 radi\u00e9 de la liste des armateurs autoris\u00e9s pour du transport maritime dans le c\u0153ur du parc.\u00a0\u00bb C\u2019est bien lui, \u00ab\u00a0l\u2019armateur, qui a le pouvoir de contr\u00f4le et de direction, sur le navire\u00a0\u00bb.<\/p>\n<p>Pour compenser la destruction de la posidonie, selon la m\u00e9thode \u00e9tablie par le tribunal de Marseille, le parc naturel demande qu\u2019un pr\u00e9judice \u00e9cologique soit reconnu \u00e0 hauteur de 49.000 euros. Ce qui permettrait de financer des actions de balisage et d\u2019organisation du mouillage, en lien avec la protection de cette plante marine m\u00e9diterran\u00e9enne.<\/p>\n<p>\u00ab\u00a0Sans surveillance et sans poursuites judiciaires, a pr\u00e9venu Me Mabile, l\u2019herbier pourrait dispara\u00eetre, arrach\u00e9 par les ancres en quelques instants, quand il lui a fallu plusieurs si\u00e8cles et mill\u00e9naires pour se constituer.\u00a0\u00bb<\/p>\n<p>Repr\u00e9sentant le liquidateur de la soci\u00e9t\u00e9 Levantin, la seule voix de la d\u00e9fense a contest\u00e9 le principe de la responsabilit\u00e9 civile, ainsi que le montant des demandes indemnitaires. En estimant que \u00ab\u00a0la posidonie se reconstitue naturellement\u00a0\u00bb. Ce qui est vrai, mais quelques centim\u00e8tres par an (au mieux) ne font pas le poids face \u00e0 l\u2019arrachage des ancres de navires de plaisance.<\/p>\n","protected":false},"excerpt":{"rendered":"Me Isabelle Vergnoux, avocate qui repr\u00e9sente les int\u00e9r\u00eats de trois associations dont France Nature Environnement. Photo So. B..&hellip;\n","protected":false},"author":2,"featured_media":51920,"comment_status":"","ping_status":"","sticky":false,"template":"","format":"standard","meta":{"footnotes":""},"categories":[2814],"tags":[1111,11,1129,33,436,1777,674,1011,27,303,884,12,882,25],"class_list":{"0":"post-51919","1":"post","2":"type-post","3":"status-publish","4":"format-standard","5":"has-post-thumbnail","7":"category-marseille","8":"tag-actu","9":"tag-actualites","10":"tag-climat","11":"tag-economie","12":"tag-environnement","13":"tag-eu","14":"tag-europe","15":"tag-fr","16":"tag-france","17":"tag-justice","18":"tag-marseille","19":"tag-news","20":"tag-provence-alpes-cote-dazur","21":"tag-republique-francaise"},"share_on_mastodon":{"url":"https:\/\/pubeurope.com\/@fr\/114398995639078689","error":""},"_links":{"self":[{"href":"https:\/\/www.europesays.com\/fr\/wp-json\/wp\/v2\/posts\/51919","targetHints":{"allow":["GET"]}}],"collection":[{"href":"https:\/\/www.europesays.com\/fr\/wp-json\/wp\/v2\/posts"}],"about":[{"href":"https:\/\/www.europesays.com\/fr\/wp-json\/wp\/v2\/types\/post"}],"author":[{"embeddable":true,"href":"https:\/\/www.europesays.com\/fr\/wp-json\/wp\/v2\/users\/2"}],"replies":[{"embeddable":true,"href":"https:\/\/www.europesays.com\/fr\/wp-json\/wp\/v2\/comments?post=51919"}],"version-history":[{"count":0,"href":"https:\/\/www.europesays.com\/fr\/wp-json\/wp\/v2\/posts\/51919\/revisions"}],"wp:featuredmedia":[{"embeddable":true,"href":"https:\/\/www.europesays.com\/fr\/wp-json\/wp\/v2\/media\/51920"}],"wp:attachment":[{"href":"https:\/\/www.europesays.com\/fr\/wp-json\/wp\/v2\/media?parent=51919"}],"wp:term":[{"taxonomy":"category","embeddable":true,"href":"https:\/\/www.europesays.com\/fr\/wp-json\/wp\/v2\/categories?post=51919"},{"taxonomy":"post_tag","embeddable":true,"href":"https:\/\/www.europesays.com\/fr\/wp-json\/wp\/v2\/tags?post=51919"}],"curies":[{"name":"wp","href":"https:\/\/api.w.org\/{rel}","templated":true}]}}