{"id":519192,"date":"2025-11-07T22:16:13","date_gmt":"2025-11-07T22:16:13","guid":{"rendered":"https:\/\/www.europesays.com\/fr\/519192\/"},"modified":"2025-11-07T22:16:13","modified_gmt":"2025-11-07T22:16:13","slug":"mauvaise-nouvelle-pour-lille-et-son-defenseur-alexsandro","status":"publish","type":"post","link":"https:\/\/www.europesays.com\/fr\/519192\/","title":{"rendered":"mauvaise nouvelle pour Lille et son d\u00e9fenseur Alexsandro"},"content":{"rendered":"<p>\n    Souffrant d\u2019une l\u00e9sion au quadriceps droit depuis la mi-septembre, le d\u00e9fenseur central br\u00e9silien va se faire op\u00e9rer, a annonc\u00e9 le LOSC dans un communiqu\u00e9 vendredi soir.<\/p>\n<p class=\"fig-paragraph\">Nouveau coup dur pour Alexsandro. Le d\u00e9fenseur international br\u00e9silien de\u00a0<a href=\"http:\/\/www.lefigaro.fr\/sports\/football\/ligue-europa\/ligue-europa-deux-de-chute-pour-lille-battu-sur-le-fil-par-l-etoile-rouge-20251106\" data-fig-type=\"Article\" data-gtm-custom-categorie=\"navigation\" data-gtm-custom-action=\"crossclick\" data-gtm-custom-label=\"Contextuel\" data-gtm-event=\"customEventSPE\" data-fig-domain=\"LEFIGARO\" target=\"_blank\" rel=\"noopener\">Lille<\/a>, souffrant d&rsquo;une l\u00e9sion au quadriceps droit depuis la mi-septembre, va se faire op\u00e9rer, a annonc\u00e9 le club nordiste dans un communiqu\u00e9 vendredi soir.<\/p>\n<p class=\"fig-paragraph\">\u00abAlexsandro subira dans les prochains jours une intervention chirurgicale au niveau du quadriceps droit. La dur\u00e9e de son indisponibilit\u00e9 sera \u00e9tablie \u00e0 l&rsquo;issue de l&rsquo;op\u00e9ration\u00bb, indique le Losc sans pr\u00e9ciser la date de l&rsquo;op\u00e9ration.<\/p>\n<p>                                    <a class=\"fig-a11y-skip a11y-hidden\" href=\"#fig-a11y-skip-main-inarticle\"><br \/>\n        Passer la publicit\u00e9<br \/>\n    <\/a><\/p>\n<p class=\"fig-paragraph\">Cadre de la d\u00e9fense lilloise, le joueur de 26 ans a \u00e9t\u00e9 victime d&rsquo;une l\u00e9sion musculaire contre Toulouse, le 14 septembre, et n&rsquo;est plus apparu sur les terrains depuis, alors qu&rsquo;une op\u00e9ration n&rsquo;avait pas \u00e9t\u00e9 envisag\u00e9e dans un premier temps.<\/p>\n<p class=\"fig-paragraph\">Lille, battu (1-0) jeudi par l&rsquo;\u00c9toile rouge en Ligue Europa \u00e0 Belgrade, devra donc composer pendant plusieurs semaines encore sans le chef de file de sa d\u00e9fense. Les hommes de Bruno Genesio (4e, 20 pts) effectuent un d\u00e9placement p\u00e9rilleux dimanche \u00e0 Strasbourg (7e), qu&rsquo;ils ne devancent que d&rsquo;un point.<\/p>\n","protected":false},"excerpt":{"rendered":"Souffrant d\u2019une l\u00e9sion au quadriceps droit depuis la mi-septembre, le d\u00e9fenseur central br\u00e9silien va se faire op\u00e9rer, a&hellip;\n","protected":false},"author":2,"featured_media":519193,"comment_status":"","ping_status":"","sticky":false,"template":"","format":"standard","meta":{"footnotes":""},"categories":[2815],"tags":[1111,11,1777,674,1011,27,811,1307,2267,12,25],"class_list":{"0":"post-519192","1":"post","2":"type-post","3":"status-publish","4":"format-standard","5":"has-post-thumbnail","7":"category-lille","8":"tag-actu","9":"tag-actualites","10":"tag-eu","11":"tag-europe","12":"tag-fr","13":"tag-france","14":"tag-hauts-de-france","15":"tag-lille","16":"tag-losc","17":"tag-news","18":"tag-republique-francaise"},"share_on_mastodon":{"url":"https:\/\/pubeurope.com\/@fr\/115510731401421242","error":""},"_links":{"self":[{"href":"https:\/\/www.europesays.com\/fr\/wp-json\/wp\/v2\/posts\/519192","targetHints":{"allow":["GET"]}}],"collection":[{"href":"https:\/\/www.europesays.com\/fr\/wp-json\/wp\/v2\/posts"}],"about":[{"href":"https:\/\/www.europesays.com\/fr\/wp-json\/wp\/v2\/types\/post"}],"author":[{"embeddable":true,"href":"https:\/\/www.europesays.com\/fr\/wp-json\/wp\/v2\/users\/2"}],"replies":[{"embeddable":true,"href":"https:\/\/www.europesays.com\/fr\/wp-json\/wp\/v2\/comments?post=519192"}],"version-history":[{"count":0,"href":"https:\/\/www.europesays.com\/fr\/wp-json\/wp\/v2\/posts\/519192\/revisions"}],"wp:featuredmedia":[{"embeddable":true,"href":"https:\/\/www.europesays.com\/fr\/wp-json\/wp\/v2\/media\/519193"}],"wp:attachment":[{"href":"https:\/\/www.europesays.com\/fr\/wp-json\/wp\/v2\/media?parent=519192"}],"wp:term":[{"taxonomy":"category","embeddable":true,"href":"https:\/\/www.europesays.com\/fr\/wp-json\/wp\/v2\/categories?post=519192"},{"taxonomy":"post_tag","embeddable":true,"href":"https:\/\/www.europesays.com\/fr\/wp-json\/wp\/v2\/tags?post=519192"}],"curies":[{"name":"wp","href":"https:\/\/api.w.org\/{rel}","templated":true}]}}