{"id":519194,"date":"2025-11-07T22:17:14","date_gmt":"2025-11-07T22:17:14","guid":{"rendered":"https:\/\/www.europesays.com\/fr\/519194\/"},"modified":"2025-11-07T22:17:14","modified_gmt":"2025-11-07T22:17:14","slug":"frederic-collart-dvd-sur-le-point-dabandonner","status":"publish","type":"post","link":"https:\/\/www.europesays.com\/fr\/519194\/","title":{"rendered":"Fr\u00e9d\u00e9ric Collart (DVD) sur le point d&rsquo;abandonner ?"},"content":{"rendered":"<p>Une candidature sur le point de faire pschitt\u00a0? Toutes les coulisses de la politique marseillaise bruissent depuis plusieurs semaines du retrait de la course \u00e0 la mairie de Marseille de Fr\u00e9d\u00e9ric Collart. Le chirurgien cardiaque et conseiller d\u00e9partemental dans la majorit\u00e9 de Martine Vassal (DVD) avait confirm\u00e9 dans <a href=\"https:\/\/www.laprovence.com\/article\/politique\/3076091261920214\/municipales-2026-le-divers-droit-frederic-collart-oui-je-suis-candidat-a-marseille\" target=\"_blank\" rel=\"noopener\">La Provence le 11\u00a0septembre dernier qu\u2019il conduirait une liste \u00e0 large spectre<\/a> repr\u00e9sentant la soci\u00e9t\u00e9 civile en\u00a02026.<\/p>\n<p>\u00ab\u00a0Officiellement, il est toujours dans la course, commente-t-on dans son entourage. Le mouvement Marseille \u00e0 c\u0153ur (qu\u2019il a cr\u00e9\u00e9 il y a un an pour porter sa candidature, Ndlr) incarne un besoin de renouveau au sein de la politique marseillaise, de rupture avec les anciennes pratiques. C\u2019est ce qu\u2019incarne Fr\u00e9d\u00e9ric Collart mais aussi tous les membres du mouvement, il n\u2019est pas tout seul.\u00a0\u00bb Comprendre, s\u2019il abandonne, ses soutiens d\u00e9\u00e7us ne rentreront pas dans leurs foyers, convaincus qu\u2019il y a un v\u00e9ritable espace \u00e0 occuper au centre, entre une Martine Vassal qui serre tr\u00e8s droite et un Beno\u00eet Payan bordur\u00e9 sur sa gauche. Ce sera donc avec ou sans lui, sont-ils m\u00eame pr\u00eats \u00e0 envisager. C\u2019est dire si son leadership au sein d\u2019un mouvement qui revendique un millier &#8230;<\/p>\n","protected":false},"excerpt":{"rendered":"Une candidature sur le point de faire pschitt\u00a0? Toutes les coulisses de la politique marseillaise bruissent depuis plusieurs&hellip;\n","protected":false},"author":2,"featured_media":519195,"comment_status":"","ping_status":"","sticky":false,"template":"","format":"standard","meta":{"footnotes":""},"categories":[2814],"tags":[17,5734,1111,11,21894,2933,5949,1777,674,1011,27,14143,884,3554,12,882,25,3356],"class_list":{"0":"post-519194","1":"post","2":"type-post","3":"status-publish","4":"format-standard","5":"has-post-thumbnail","7":"category-marseille","8":"tag-17","9":"tag-5734","10":"tag-actu","11":"tag-actualites","12":"tag-collart","13":"tag-dvd","14":"tag-elections","15":"tag-eu","16":"tag-europe","17":"tag-fr","18":"tag-france","19":"tag-frederic","20":"tag-marseille","21":"tag-municipales","22":"tag-news","23":"tag-provence-alpes-cote-dazur","24":"tag-republique-francaise","25":"tag-sur"},"share_on_mastodon":{"url":"https:\/\/pubeurope.com\/@fr\/115510735372952822","error":""},"_links":{"self":[{"href":"https:\/\/www.europesays.com\/fr\/wp-json\/wp\/v2\/posts\/519194","targetHints":{"allow":["GET"]}}],"collection":[{"href":"https:\/\/www.europesays.com\/fr\/wp-json\/wp\/v2\/posts"}],"about":[{"href":"https:\/\/www.europesays.com\/fr\/wp-json\/wp\/v2\/types\/post"}],"author":[{"embeddable":true,"href":"https:\/\/www.europesays.com\/fr\/wp-json\/wp\/v2\/users\/2"}],"replies":[{"embeddable":true,"href":"https:\/\/www.europesays.com\/fr\/wp-json\/wp\/v2\/comments?post=519194"}],"version-history":[{"count":0,"href":"https:\/\/www.europesays.com\/fr\/wp-json\/wp\/v2\/posts\/519194\/revisions"}],"wp:featuredmedia":[{"embeddable":true,"href":"https:\/\/www.europesays.com\/fr\/wp-json\/wp\/v2\/media\/519195"}],"wp:attachment":[{"href":"https:\/\/www.europesays.com\/fr\/wp-json\/wp\/v2\/media?parent=519194"}],"wp:term":[{"taxonomy":"category","embeddable":true,"href":"https:\/\/www.europesays.com\/fr\/wp-json\/wp\/v2\/categories?post=519194"},{"taxonomy":"post_tag","embeddable":true,"href":"https:\/\/www.europesays.com\/fr\/wp-json\/wp\/v2\/tags?post=519194"}],"curies":[{"name":"wp","href":"https:\/\/api.w.org\/{rel}","templated":true}]}}