{"id":519196,"date":"2025-11-07T22:18:12","date_gmt":"2025-11-07T22:18:12","guid":{"rendered":"https:\/\/www.europesays.com\/fr\/519196\/"},"modified":"2025-11-07T22:18:12","modified_gmt":"2025-11-07T22:18:12","slug":"marseille-jaime-beaucoup-cette-ambiance-le-rappeur-gazo-a-mis-le-feu-au-dome","status":"publish","type":"post","link":"https:\/\/www.europesays.com\/fr\/519196\/","title":{"rendered":"Marseille, j&rsquo;aime beaucoup cette ambiance ! \u00ab\u00a0, le rappeur Gazo a mis le feu au D\u00f4me !"},"content":{"rendered":"<p>Apr\u00e8s avoir fait r\u00e9sonner ses beats drill sur les plages du Prado lors de l&rsquo;\u00e9t\u00e9 2024, <a href=\"https:\/\/www.laprovence.com\/article\/culture-loisirs\/2223664148818815\/le-rappeur-gazo-fera-resonner-ses-beats-lourds-au-dome-de-marseille-l-automne-prochain\" target=\"_blank\" rel=\"noopener\">Gazo<\/a> s&rsquo;est attaqu\u00e9 au D\u00f4me de Marseille ce vendredi 7 novembre 2025. Apr\u00e8s une premi\u00e8re partie assur\u00e9e par son acolyte Level Santana, \u00ab\u00a0le prince de la drill\u00a0\u00bb a fait trembler la sc\u00e8ne de la coupole de Saint-Just une premi\u00e8re fois avec son hit A$ap.<\/p>\n<p>\u00c0 ses c\u00f4t\u00e9s, deux 4&#215;4 Range Rover noirs immacul\u00e9s posaient le d\u00e9cor de la soir\u00e9e. Peu de lumi\u00e8re, sauf les impressionnantes cha\u00eenes du rappeur et les flammes crach\u00e9es par les engins pyrotechniques sur sc\u00e8ne. Tchin 2X lan\u00e7ait les premiers pogos pendant que cinq danseurs alternaient pas de danses et poses sto\u00efques fa\u00e7on gardes rapproch\u00e9es du rappeur. S&rsquo;en sont suivis deux featurings :\u00a0 Bodies avec la star belge Damso et Kassav avec Tiakola.\u00a0<\/p>\n<p>Apr\u00e8s un d\u00e9but de concert sur les chapeaux de roues, Haine&amp;Sex annon\u00e7ait un premier sas de d\u00e9compression devant de nombreux fans qui avaient sorti leurs t\u00e9l\u00e9phones pour capter le moment. Gazo lui savourait : \u00ab\u00a0Marseille, j&rsquo;aime beaucoup cette ambiance ! \u00a0\u00bb Dans la fosse et les gradins, nombreux de ses jeunes supporters portaient des tee-shirts et des cagoules \u00e0 l&rsquo;effigie de BSB, label de l&rsquo;artiste.<\/p>\n<p>Un mix entre ses hits ef<\/p>\n","protected":false},"excerpt":{"rendered":"Apr\u00e8s avoir fait r\u00e9sonner ses beats drill sur les plages du Prado lors de l&rsquo;\u00e9t\u00e9 2024, Gazo s&rsquo;est&hellip;\n","protected":false},"author":2,"featured_media":519197,"comment_status":"","ping_status":"","sticky":false,"template":"","format":"standard","meta":{"footnotes":""},"categories":[2814],"tags":[17,1111,11,8894,26056,3477,251,1777,674,1011,27,64012,23042,884,12,882,6198,25],"class_list":{"0":"post-519196","1":"post","2":"type-post","3":"status-publish","4":"format-standard","5":"has-post-thumbnail","7":"category-marseille","8":"tag-17","9":"tag-actu","10":"tag-actualites","11":"tag-ambiance","12":"tag-beaucoup","13":"tag-cette","14":"tag-culture","15":"tag-eu","16":"tag-europe","17":"tag-fr","18":"tag-france","19":"tag-gazo","20":"tag-jaime","21":"tag-marseille","22":"tag-news","23":"tag-provence-alpes-cote-dazur","24":"tag-rappeur","25":"tag-republique-francaise"},"share_on_mastodon":{"url":"https:\/\/pubeurope.com\/@fr\/115510739264937587","error":""},"_links":{"self":[{"href":"https:\/\/www.europesays.com\/fr\/wp-json\/wp\/v2\/posts\/519196","targetHints":{"allow":["GET"]}}],"collection":[{"href":"https:\/\/www.europesays.com\/fr\/wp-json\/wp\/v2\/posts"}],"about":[{"href":"https:\/\/www.europesays.com\/fr\/wp-json\/wp\/v2\/types\/post"}],"author":[{"embeddable":true,"href":"https:\/\/www.europesays.com\/fr\/wp-json\/wp\/v2\/users\/2"}],"replies":[{"embeddable":true,"href":"https:\/\/www.europesays.com\/fr\/wp-json\/wp\/v2\/comments?post=519196"}],"version-history":[{"count":0,"href":"https:\/\/www.europesays.com\/fr\/wp-json\/wp\/v2\/posts\/519196\/revisions"}],"wp:featuredmedia":[{"embeddable":true,"href":"https:\/\/www.europesays.com\/fr\/wp-json\/wp\/v2\/media\/519197"}],"wp:attachment":[{"href":"https:\/\/www.europesays.com\/fr\/wp-json\/wp\/v2\/media?parent=519196"}],"wp:term":[{"taxonomy":"category","embeddable":true,"href":"https:\/\/www.europesays.com\/fr\/wp-json\/wp\/v2\/categories?post=519196"},{"taxonomy":"post_tag","embeddable":true,"href":"https:\/\/www.europesays.com\/fr\/wp-json\/wp\/v2\/tags?post=519196"}],"curies":[{"name":"wp","href":"https:\/\/api.w.org\/{rel}","templated":true}]}}