{"id":519217,"date":"2025-11-07T22:30:14","date_gmt":"2025-11-07T22:30:14","guid":{"rendered":"https:\/\/www.europesays.com\/fr\/519217\/"},"modified":"2025-11-07T22:30:14","modified_gmt":"2025-11-07T22:30:14","slug":"tentative-despionnage-un-fanatique-de-james-bond-condamne-a-7-ans-de-prison-au-royaume-uni","status":"publish","type":"post","link":"https:\/\/www.europesays.com\/fr\/519217\/","title":{"rendered":"Tentative d\u2019espionnage: un fanatique de James Bond condamn\u00e9 \u00e0 7 ans de prison au Royaume-Uni"},"content":{"rendered":"<p>Howard Phillips, 65 ans, a \u00e9t\u00e9 reconnu coupable en juillet d&rsquo;avoir tent\u00e9 de transmettre des informations sur l&rsquo;ancien ministre de la D\u00e9fense Grant Shapps, qu&rsquo;il connaissait, \u00e0 deux hommes qu&rsquo;il croyait \u00eatre des agents des services secrets russes. Cependant, ces \u00abagents\u00bb \u00e9taient en r\u00e9alit\u00e9 des agents secrets britanniques.<\/p>\n<p>\u00abVous \u00e9tiez pr\u00eat \u00e0 trahir votre pays pour de l&rsquo;argent\u00bb, a d\u00e9clar\u00e9 le juge Bobbie Cheema-Grubb \u00e0 Phillips lors de son audience de d\u00e9termination de la peine \u00e0 la Cour royale de Winchester, dans le sud de l&rsquo;Angleterre.<\/p>\n<p>Le juge a d\u00e9clar\u00e9 que Phillips avait \u00abune personnalit\u00e9 avec des tendances narcissiques et un sens exag\u00e9r\u00e9 de sa propre importance\u00bb.<\/p>\n<p>Le proc\u00e8s a r\u00e9v\u00e9l\u00e9 que Phillips avait l&rsquo;intention d&rsquo;aider des agents russes entre fin 2023 et mai 2024. Grant Shapps \u00e9tait ministre de la D\u00e9fense de ao\u00fbt 2023 jusqu\u2019\u00e0 juillet 2024, lorsque son parti conservateur a \u00e9t\u00e9 \u00e9vinc\u00e9 du pouvoir et qu&rsquo;il a perdu son si\u00e8ge au Parlement lors des \u00e9lections g\u00e9n\u00e9rales.<\/p>\n<p>\u00a0<\/p>\n<p>Plus pr\u00e9cis\u00e9ment, le proc\u00e8s a r\u00e9v\u00e9l\u00e9 que Phillips avait tent\u00e9 de transmettre les coordonn\u00e9es de ministre Shapps ainsi que l&#8217;emplacement o\u00f9 il gardait son avion priv\u00e9 afin de \u00abfaciliter l&rsquo;\u00e9coute des plans de d\u00e9fense britanniques par les Russes\u00bb.<\/p>\n<p>L&rsquo;ex-femme de l&rsquo;accus\u00e9 a d\u00e9clar\u00e9 au tribunal que Phillips \u00abr\u00eavait d&rsquo;\u00eatre comme James Bond\u00bb et regardait des films sur les services secrets britanniques parce qu&rsquo;il en \u00e9tait \u00abfascin\u00e9\u00bb.<\/p>\n<p>Dans une d\u00e9claration de la victime lue devant le tribunal, Shapps a exprim\u00e9 son choc lorsqu&rsquo;il a appris les activit\u00e9s de Phillips. Il s&rsquo;est souvenu d&rsquo;un d\u00eener chez Phillips en 2002.<\/p>\n<p>\u00abCe qui est inacceptable, c&rsquo;est le comportement irresponsable d&rsquo;un individu qui expose toute ma famille aux risques extr\u00eamement graves li\u00e9s aux activit\u00e9s d&rsquo;un service de renseignement \u00e9tranger\u00bb, a-t-il indiqu\u00e9.<\/p>\n<p>Bethan David, chef de la division antiterroriste du Crown Prosecution Service (service des poursuites p\u00e9nales), a d\u00e9clar\u00e9 que cette condamnation envoyait \u00abun message clair \u00e0 toute personne envisageant d&rsquo;espionner ou d&rsquo;aider la Russie\u00bb.<\/p>\n","protected":false},"excerpt":{"rendered":"Howard Phillips, 65 ans, a \u00e9t\u00e9 reconnu coupable en juillet d&rsquo;avoir tent\u00e9 de transmettre des informations sur l&rsquo;ancien&hellip;\n","protected":false},"author":2,"featured_media":519218,"comment_status":"","ping_status":"","sticky":false,"template":"","format":"standard","meta":{"footnotes":""},"categories":[1588],"tags":[11,1777,674,12,473,1853,1851,1850,1852],"class_list":{"0":"post-519217","1":"post","2":"type-post","3":"status-publish","4":"format-standard","5":"has-post-thumbnail","7":"category-royaume-uni","8":"tag-actualites","9":"tag-eu","10":"tag-europe","11":"tag-news","12":"tag-royaume-uni","13":"tag-royaume-uni-de-grande-bretagne-et-dirlande-du-nord","14":"tag-uk","15":"tag-united-kingdom","16":"tag-united-kingdom-of-great-britain-and-northern-ireland"},"share_on_mastodon":{"url":"https:\/\/pubeurope.com\/@fr\/115510786497042112","error":""},"_links":{"self":[{"href":"https:\/\/www.europesays.com\/fr\/wp-json\/wp\/v2\/posts\/519217","targetHints":{"allow":["GET"]}}],"collection":[{"href":"https:\/\/www.europesays.com\/fr\/wp-json\/wp\/v2\/posts"}],"about":[{"href":"https:\/\/www.europesays.com\/fr\/wp-json\/wp\/v2\/types\/post"}],"author":[{"embeddable":true,"href":"https:\/\/www.europesays.com\/fr\/wp-json\/wp\/v2\/users\/2"}],"replies":[{"embeddable":true,"href":"https:\/\/www.europesays.com\/fr\/wp-json\/wp\/v2\/comments?post=519217"}],"version-history":[{"count":0,"href":"https:\/\/www.europesays.com\/fr\/wp-json\/wp\/v2\/posts\/519217\/revisions"}],"wp:featuredmedia":[{"embeddable":true,"href":"https:\/\/www.europesays.com\/fr\/wp-json\/wp\/v2\/media\/519218"}],"wp:attachment":[{"href":"https:\/\/www.europesays.com\/fr\/wp-json\/wp\/v2\/media?parent=519217"}],"wp:term":[{"taxonomy":"category","embeddable":true,"href":"https:\/\/www.europesays.com\/fr\/wp-json\/wp\/v2\/categories?post=519217"},{"taxonomy":"post_tag","embeddable":true,"href":"https:\/\/www.europesays.com\/fr\/wp-json\/wp\/v2\/tags?post=519217"}],"curies":[{"name":"wp","href":"https:\/\/api.w.org\/{rel}","templated":true}]}}