{"id":519220,"date":"2025-11-07T22:31:23","date_gmt":"2025-11-07T22:31:23","guid":{"rendered":"https:\/\/www.europesays.com\/fr\/519220\/"},"modified":"2025-11-07T22:31:23","modified_gmt":"2025-11-07T22:31:23","slug":"cop-30-lallemagne-promet-de-soutenir-linitiative-bresilienne-de-protection-des-forets","status":"publish","type":"post","link":"https:\/\/www.europesays.com\/fr\/519220\/","title":{"rendered":"COP 30 : l&rsquo;Allemagne promet de soutenir l&rsquo;initiative br\u00e9silienne de protection des for\u00eats"},"content":{"rendered":"<p class=\"mb-4 text-lg md:leading-8 break-words\">Le chancelier allemand Friedrich Merz s&rsquo;est engag\u00e9 \u00e0 soutenir une initiative br\u00e9silienne en faveur de la conservation des for\u00eats menac\u00e9es dans le monde, lors de discussions internationales \u00e0 la lisi\u00e8re de la for\u00eat amazonienne, en amont de la conf\u00e9rence annuelle des Nations unies sur le climat, la COP30.<\/p>\n<p class=\"mb-4 text-lg md:leading-8 break-words\">L&rsquo;initiative, baptis\u00e9e \u00ab\u00a0<a href=\"https:\/\/tfff.earth\/fr\/\" rel=\"nofollow noopener\" target=\"_blank\" data-ylk=\"slk:Tropical Forest Forever Facility;elm:context_link;itc:0;sec:content-canvas\" class=\"link \">Tropical Forest Forever Facility<\/a>\u00ab\u00a0, a suscit\u00e9 des engagements \u00e0 hauteur de 5,5 milliards de dollars (4,7 milliards d&rsquo;euros), la Norv\u00e8ge et <strong>la France<\/strong> promettant de se joindre au Br\u00e9sil et \u00e0 l&rsquo;Indon\u00e9sie pour investir.<\/p>\n<p class=\"mb-4 text-lg md:leading-8 break-words\">Selon Merz, l&rsquo;Allemagne ferait une promesse \u00ab\u00a0consid\u00e9rable\u00a0\u00bb, mais n&rsquo;a pas pr\u00e9cis\u00e9 le montant.<\/p>\n<p class=\"mb-4 text-lg md:leading-8 break-words\"><b class=\"c-widget-related__title__text\">Related<\/b><\/p>\n<p class=\"mb-4 text-lg md:leading-8 break-words\">\u00c0 terme, le fonds vise \u00e0 mobiliser des investissements \u00e0 hauteur de 125 milliards de dollars (108 milliards d&rsquo;euros), qui pourront \u00eatre utilis\u00e9s pour r\u00e9mun\u00e9rer 74 pays en d\u00e9veloppement pour chaque hectare de for\u00eat qu&rsquo;ils conservent.<\/p>\n<p class=\"mb-4 text-lg md:leading-8 break-words\">Des dizaines de gouvernements, dont la Chine et les \u00c9mirats arabes unis, ont exprim\u00e9 leur soutien au fonds et sont en pourparlers pour en savoir plus, a d\u00e9clar\u00e9 le ministre br\u00e9silien des Finances, Fernando Haddad.<\/p>\n<p><img alt=\"Le pr\u00e9sident br\u00e9silien Luiz In\u00e1cio Lula da Silva et le chancelier allemand Friedrich Merz lors d'une r\u00e9union \u00e0 Bel\u00e9m, le 7 novembre 2025.\" loading=\"lazy\" width=\"808\" height=\"539\" decoding=\"async\" data-nimg=\"1\" class=\"rounded-lg\" style=\"color:transparent\" src=\"https:\/\/www.europesays.com\/fr\/wp-content\/uploads\/2025\/11\/e8d27a93dca9348009b8be443d468147.jpeg\"\/><\/p>\n<p> Le pr\u00e9sident br\u00e9silien Luiz In\u00e1cio Lula da Silva et le chancelier allemand Friedrich Merz lors d&rsquo;une r\u00e9union \u00e0 Bel\u00e9m, le 7 novembre 2025.   &#8211; AP Photo <\/p>\n<p class=\"mb-4 text-lg md:leading-8 break-words\">Le vice-premier ministre chinois, Ding Xuexiang, a d\u00e9clar\u00e9 que son pays \u00ab\u00a0est pr\u00eat \u00e0 renforcer la coop\u00e9ration avec toutes les parties sur la conservation des for\u00eats tropicales humides et \u00e0 apporter des contributions plus importantes\u00a0\u00bb, sans donner d&rsquo;engagement pr\u00e9cis.<\/p>\n<p class=\"mb-4 text-lg md:leading-8 break-words\">L&rsquo;absence de promesses de la part de certains pays qui ont fait l&rsquo;\u00e9loge de l&rsquo;initiative, notamment le Royaume-Uni, a \u00e9t\u00e9 remarqu\u00e9e, car les gouvernements sont confront\u00e9s \u00e0 des contraintes politiques et budg\u00e9taires.<\/p>\n<p class=\"mb-4 text-lg md:leading-8 break-words\"><b class=\"c-widget-related__title__text\">Related<\/b><\/p>\n<p><strong>Une gouvernance autonome pour soutenir les for\u00eats tropicales<\/strong><\/p>\n<p class=\"mb-4 text-lg md:leading-8 break-words\">Financ\u00e9 par une dette portant int\u00e9r\u00eat plut\u00f4t que par des dons, le fonds investirait ses actifs afin de g\u00e9n\u00e9rer des rendements qui serviraient \u00e0 rembourser les cr\u00e9anciers et \u00e0 r\u00e9compenser les pays qui r\u00e9duisent la d\u00e9forestation.<\/p>\n<p class=\"mb-4 text-lg md:leading-8 break-words\">Plut\u00f4t que de s&rsquo;appuyer sur la bonne volont\u00e9, le syst\u00e8me vise \u00e0 faire en sorte qu&rsquo;il soit plus lucratif pour les gouvernements de conserver leurs arbres que de les abattre pour l&rsquo;agriculture industrielle ou l&rsquo;exploitation mini\u00e8re.<\/p>\n<p class=\"mb-4 text-lg md:leading-8 break-words\">Les r\u00e8gles du fonds pr\u00e9voient que les gouvernements r\u00e9servent 20 % des indemnisations qu&rsquo;ils re\u00e7oivent aux populations autochtones qui, depuis des mill\u00e9naires, g\u00e8rent et pr\u00e9servent les terres.<\/p>\n<p><img alt=\"Des \u00e9cologistes traversent la for\u00eat nationale de Caxiuana au Br\u00e9sil, le 22 mars 2025.\" loading=\"lazy\" width=\"808\" height=\"539\" decoding=\"async\" data-nimg=\"1\" class=\"rounded-lg\" style=\"color:transparent\" src=\"https:\/\/www.europesays.com\/fr\/wp-content\/uploads\/2025\/11\/b5411e6b7d2925770b0f86fa6645f2ed.jpeg\"\/><\/p>\n<p> Des \u00e9cologistes traversent la for\u00eat nationale de Caxiuana, au Br\u00e9sil, le 22 mars 2025.   &#8211; AP Photo <\/p>\n<p class=\"mb-4 text-lg md:leading-8 break-words\">\u00ab\u00a0Gr\u00e2ce \u00e0 cela, nous pouvons surmonter les fluctuations des politiques gouvernementales et mettre en place une structure, une gouvernance autonome pour soutenir les for\u00eats tropicales\u00a0\u00bb, a d\u00e9clar\u00e9 \u00e0 la presse Sonia Guajajara, ministre br\u00e9silienne des peuples indig\u00e8nes.<\/p>\n<p class=\"mb-4 text-lg md:leading-8 break-words\">On s&rsquo;attend \u00e0 ce que les tribus, en particulier celles du Br\u00e9sil et des pays voisins, soient largement repr\u00e9sent\u00e9es lors des n\u00e9gociations sur le climat.<\/p>\n<p class=\"mb-4 text-lg md:leading-8 break-words\">Les for\u00eats, notamment l&rsquo;Amazonie, o\u00f9 le Br\u00e9sil accueille cette ann\u00e9e la conf\u00e9rence COP, jouent un r\u00f4le crucial dans la r\u00e9gulation du climat en absorbant d&rsquo;\u00e9normes quantit\u00e9s de dioxyde de carbone, un gaz \u00e0 effet de serre qui r\u00e9chauffe la plan\u00e8te lorsqu&rsquo;il est lib\u00e9r\u00e9 dans l&rsquo;atmosph\u00e8re.<\/p>\n<p><strong>Unifier les march\u00e9s mondiaux du carbone<\/strong><\/p>\n<p class=\"mb-4 text-lg md:leading-8 break-words\">L&rsquo;Union europ\u00e9enne a d\u00e9clar\u00e9 vendredi qu&rsquo;elle rejoignait le Br\u00e9sil et d&rsquo;autres pays dans une coalition visant \u00e0 unifier les march\u00e9s mondiaux du carbone et \u00e0 inciter les nations et les entreprises \u00e0 r\u00e9duire leurs \u00e9missions de gaz \u00e0 effet de serre.<\/p>\n<p class=\"mb-4 text-lg md:leading-8 break-words\">Le Br\u00e9sil a d\u00e9clar\u00e9 qu&rsquo;il souhaitait que la COP30 aboutisse \u00e0 un cadre international de tarification du carbone dans lequel aucun pays ne fixerait les normes d&rsquo;\u00e9change de quotas d&rsquo;\u00e9mission, qui permettent aux entreprises qui polluent moins que les limites d&rsquo;\u00e9mission qui leur sont assign\u00e9es de vendre des cr\u00e9dits \u00e0 celles qui d\u00e9passent les leurs.<\/p>\n<p><img alt=\"Les dirigeants participant au sommet des Nations unies sur le climat COP30 posent pour une photo de groupe \u00e0 Bel\u00e9m, le 7 novembre 2025.\" loading=\"lazy\" width=\"808\" height=\"539\" decoding=\"async\" data-nimg=\"1\" class=\"rounded-lg\" style=\"color:transparent\" src=\"https:\/\/www.europesays.com\/fr\/wp-content\/uploads\/2025\/11\/3b04ad1ba9196abee8053f1046ed9cc5.jpeg\"\/><\/p>\n<p> Les dirigeants participant au sommet des Nations unies sur le climat COP30 posent pour une photo de groupe \u00e0 Bel\u00e9m, le 7 novembre 2025.   &#8211; AP Photo <\/p>\n<p class=\"mb-4 text-lg md:leading-8 break-words\">Plut\u00f4t que d&rsquo;essayer d&rsquo;amener pr\u00e8s de 200 pays \u00e0 rejoindre un march\u00e9 unifi\u00e9, ce qui a \u00e9chou\u00e9 lors des pr\u00e9c\u00e9dents sommets, le Br\u00e9sil et l&rsquo;Union europ\u00e9enne affirment qu&rsquo;ils visent \u00e0 \u00e9tablir un ensemble de r\u00e8gles de base pour int\u00e9grer les diff\u00e9rents syst\u00e8mes de tarification du carbone dans le monde.<\/p>\n<p class=\"mb-4 text-lg md:leading-8 break-words\">La pr\u00e9sidente de la Commission europ\u00e9enne, Ursula von der Leyen, a d\u00e9clar\u00e9 que la tarification du carbone \u00e9tait \u00ab\u00a0l&rsquo;un de nos meilleurs atouts pour le climat\u00a0\u00bb.<\/p>\n<p class=\"mb-4 text-lg md:leading-8 break-words\">\u00ab\u00a0Avec le Br\u00e9sil et d&rsquo;autres partenaires, nous devons agir correctement et ensemble\u00a0\u00bb, a-t-elle d\u00e9clar\u00e9.<\/p>\n","protected":false},"excerpt":{"rendered":"Le chancelier allemand Friedrich Merz s&rsquo;est engag\u00e9 \u00e0 soutenir une initiative br\u00e9silienne en faveur de la conservation des&hellip;\n","protected":false},"author":2,"featured_media":519221,"comment_status":"","ping_status":"","sticky":false,"template":"","format":"standard","meta":{"footnotes":""},"categories":[1587],"tags":[11,672,2548,1804,19487,1805,1803,1777,674,4710,1801,64018,12,64019,1802],"class_list":{"0":"post-519220","1":"post","2":"type-post","3":"status-publish","4":"format-standard","5":"has-post-thumbnail","7":"category-allemagne","8":"tag-actualites","9":"tag-allemagne","10":"tag-bresil","11":"tag-bundesrepublik-deutschland","12":"tag-chancelier-allemand","13":"tag-de","14":"tag-deutschland","15":"tag-eu","16":"tag-europe","17":"tag-friedrich-merz","18":"tag-germany","19":"tag-les-forets-tropicales","20":"tag-news","21":"tag-pays-en-developpement","22":"tag-republique-federale-dallemagne"},"share_on_mastodon":{"url":"https:\/\/pubeurope.com\/@fr\/115510791160102300","error":""},"_links":{"self":[{"href":"https:\/\/www.europesays.com\/fr\/wp-json\/wp\/v2\/posts\/519220","targetHints":{"allow":["GET"]}}],"collection":[{"href":"https:\/\/www.europesays.com\/fr\/wp-json\/wp\/v2\/posts"}],"about":[{"href":"https:\/\/www.europesays.com\/fr\/wp-json\/wp\/v2\/types\/post"}],"author":[{"embeddable":true,"href":"https:\/\/www.europesays.com\/fr\/wp-json\/wp\/v2\/users\/2"}],"replies":[{"embeddable":true,"href":"https:\/\/www.europesays.com\/fr\/wp-json\/wp\/v2\/comments?post=519220"}],"version-history":[{"count":0,"href":"https:\/\/www.europesays.com\/fr\/wp-json\/wp\/v2\/posts\/519220\/revisions"}],"wp:featuredmedia":[{"embeddable":true,"href":"https:\/\/www.europesays.com\/fr\/wp-json\/wp\/v2\/media\/519221"}],"wp:attachment":[{"href":"https:\/\/www.europesays.com\/fr\/wp-json\/wp\/v2\/media?parent=519220"}],"wp:term":[{"taxonomy":"category","embeddable":true,"href":"https:\/\/www.europesays.com\/fr\/wp-json\/wp\/v2\/categories?post=519220"},{"taxonomy":"post_tag","embeddable":true,"href":"https:\/\/www.europesays.com\/fr\/wp-json\/wp\/v2\/tags?post=519220"}],"curies":[{"name":"wp","href":"https:\/\/api.w.org\/{rel}","templated":true}]}}