{"id":51923,"date":"2025-04-25T14:09:11","date_gmt":"2025-04-25T14:09:11","guid":{"rendered":"https:\/\/www.europesays.com\/fr\/51923\/"},"modified":"2025-04-25T14:09:11","modified_gmt":"2025-04-25T14:09:11","slug":"le-domicile-du-president-de-la-metropole-de-lyon-tague-son-adresse-bientot-revelee","status":"publish","type":"post","link":"https:\/\/www.europesays.com\/fr\/51923\/","title":{"rendered":"le domicile du pr\u00e9sident de la M\u00e9tropole de Lyon tagu\u00e9, son adresse bient\u00f4t r\u00e9v\u00e9l\u00e9e ?"},"content":{"rendered":"<p>\u00ab\u00a0Bruno Bernard, on va squatter chez toi\u00a0\u00bb : le domicile du pr\u00e9sident de la M\u00e9tropole de Lyon tagu\u00e9, son adresse bient\u00f4t r\u00e9v\u00e9l\u00e9e ? &#8211; LyonMag<\/p>\n<p itemprop=\"description\"><strong>Sale semaine pour les \u00e9cologistes.<\/strong><\/p>\n<p>Apr\u00e8s la frayeur d&rsquo;<a href=\"https:\/\/www.lyonmag.com\/profil-personnalite-lyonnaise\/552\/audrey-henocque\" target=\"_blank\" rel=\"noopener\">Audrey H\u00e9nocque<\/a> ce jeudi apr\u00e8s-midi place Bellecour lorsque <a href=\"https:\/\/www.lyonmag.com\/article\/143549\/lyon-son-happening-tourne-mal-un-candidat-aux-municipales-maitrise-par-la-police-place-bellecour\" target=\"_blank\" rel=\"noopener\">le candidat aux municipales Edouard Hoffmann est venu interpeller la 1\u00e8re adjointe au maire de Lyon<\/a>, c&rsquo;est au tour de <a href=\"https:\/\/www.lyonmag.com\/profil-personnalite-lyonnaise\/518\/bruno-bernard\" target=\"_blank\" rel=\"noopener\">Bruno Bernard<\/a> d&rsquo;\u00eatre vis\u00e9.<\/p>\n<p>Le pr\u00e9sident de la M\u00e9tropole de Lyon se retrouve attaqu\u00e9 sur sa gauche. Dans un texte relay\u00e9 par le site <a href=\"https:\/\/rebellyon.info\/Bruno-Bernard-on-va-squatter-chez-toi-29356\" target=\"_blank\" rel=\"noopener\">Rebellyon<\/a>, des militants anti-expulsions annoncent avoir d\u00e9couvert son adresse et avoir tagu\u00e9 sur place \u00ab\u00a0Bruno Bernard fin des expulsions sinon on va squatter chez toi !\u00a0\u00bb.<\/p>\n<p>Une action men\u00e9e car \u00ab\u00a0chaque ann\u00e9e, la M\u00e9tropole de Lyon, qui poss\u00e8de plein de b\u00e2timents vides, expulse de nombreux squats et autres lieux de vie. En plus de d\u00e9penser plein d\u2019argent pour surveiller ses b\u00e2timents vides, elle n\u2019h\u00e9site pas \u00e0 envoyer les flics pour casser les portes des pr\u00e9caires et les mettre \u00e0 la rue, voire les enfermer en centre de r\u00e9tention et les d\u00e9porter lorsqu\u2019il s\u2019agit de personnes sans-papiers\u00a0\u00bb.<\/p>\n<p>S&rsquo;en suit une menace adress\u00e9e \u00e0 l&rsquo;\u00e9lu \u00e9cologiste \u00ab\u00a0et \u00e0 sa clique\u00a0\u00bb : \u00ab\u00a0La prochaine fois que la M\u00e9tropole de Lyon ose mettre quelqu\u2019un \u00e0 la rue, l\u2019adresse de Bruno Bernard sera rendue publique, tout comme le digicode de l\u2019immeuble (vous pouvez toujours tenter de le changer, ce sera jamais un probl\u00e8me pour des squatteurs d\u2019ouvrir une porte)\u00a0\u00bb.<\/p>\n<p>Un chantage in\u00e9dit dans l&rsquo;agglom\u00e9ration.<\/p>\n<p>Ces militants menacent aussi \u00ab\u00a0le bailleur Grand Lyon Habitat, o\u00f9 Bruno Bernard a pistonn\u00e9 son tonton (Fran\u00e7ois Th\u00e9venieau ndlr) comme directeur\u00a0\u00bb.<\/p>\n<p>\u00ab\u00a0La peur va changer de camp. Un toit c\u2019est un droit !\u00a0\u00bb, concluent-ils.<\/p>\n<p>Selon nos informations, Bruno Bernard a d\u00e9pos\u00e9 plainte. \u00ab\u00a0Cet acte inacceptable constitue une tentative manifeste de pression personnelle et politique. De tels agissements rel\u00e8vent du droit p\u00e9nal : les menaces, les intimidations et les intrusions dans la sph\u00e8re priv\u00e9e ne sauraient \u00eatre tol\u00e9r\u00e9es dans un \u00c9tat de droit. Ces m\u00e9thodes sont indignes, profond\u00e9ment choquantes, et doivent \u00eatre condamn\u00e9es avec la plus grande fermet\u00e9. Je ne c\u00e9derai \u00e0 aucune intimidation ni menace\u00a0\u00bb, a-t-il r\u00e9agi aupr\u00e8s de notre r\u00e9daction.<\/p>\n<blockquote class=\"twitter-tweet\"><p>&#13;<\/p>\n<p dir=\"ltr\" lang=\"fr\">Un groupuscule s\u2019est introduit dans ma copropri\u00e9t\u00e9 pour y inscrire des messages d\u2019intimidation me visant personnellement.<\/p>\n<p>Cet acte inacceptable constitue une tentative manifeste de pression personnelle et politique.<\/p>\n<p>De tels agissements rel\u00e8vent du droit p\u00e9nal : les menaces, les\u2026<\/p>\n<p>&#13;<br \/>\n\u2014 Bruno Bernard (@brunobernard_fr) <a href=\"https:\/\/twitter.com\/brunobernard_fr\/status\/1915751777288208570?ref_src=twsrc%5Etfw\" target=\"_blank\" rel=\"noopener\">April 25, 2025<\/a><\/p><\/blockquote>\n<p>\t\t  <script async src=\"https:\/\/platform.twitter.com\/widgets.js\" charset=\"utf-8\"><\/script><\/p>\n","protected":false},"excerpt":{"rendered":"\u00ab\u00a0Bruno Bernard, on va squatter chez toi\u00a0\u00bb : le domicile du pr\u00e9sident de la M\u00e9tropole de Lyon tagu\u00e9,&hellip;\n","protected":false},"author":2,"featured_media":51924,"comment_status":"","ping_status":"","sticky":false,"template":"","format":"standard","meta":{"footnotes":""},"categories":[1889],"tags":[1111,11,2813,2190,2430,1109,251,1112,2811,1777,674,118,1011,27,1922,1110,1114,2428,2810,12,241,316,25,2812,517,800],"class_list":{"0":"post-51923","1":"post","2":"type-post","3":"status-publish","4":"format-standard","5":"has-post-thumbnail","7":"category-lyon","8":"tag-actu","9":"tag-actualites","10":"tag-article","11":"tag-asvel","12":"tag-auvergne-rhone-alpes","13":"tag-breves","14":"tag-culture","15":"tag-depeches","16":"tag-economique","17":"tag-eu","18":"tag-europe","19":"tag-faits-divers","20":"tag-fr","21":"tag-france","22":"tag-info","23":"tag-informations","24":"tag-infos","25":"tag-lyon","26":"tag-lyonmag","27":"tag-news","28":"tag-ol","29":"tag-politique","30":"tag-republique-francaise","31":"tag-sociale","32":"tag-sport","33":"tag-transports"},"share_on_mastodon":{"url":"https:\/\/pubeurope.com\/@fr\/114399003469765999","error":""},"_links":{"self":[{"href":"https:\/\/www.europesays.com\/fr\/wp-json\/wp\/v2\/posts\/51923","targetHints":{"allow":["GET"]}}],"collection":[{"href":"https:\/\/www.europesays.com\/fr\/wp-json\/wp\/v2\/posts"}],"about":[{"href":"https:\/\/www.europesays.com\/fr\/wp-json\/wp\/v2\/types\/post"}],"author":[{"embeddable":true,"href":"https:\/\/www.europesays.com\/fr\/wp-json\/wp\/v2\/users\/2"}],"replies":[{"embeddable":true,"href":"https:\/\/www.europesays.com\/fr\/wp-json\/wp\/v2\/comments?post=51923"}],"version-history":[{"count":0,"href":"https:\/\/www.europesays.com\/fr\/wp-json\/wp\/v2\/posts\/51923\/revisions"}],"wp:featuredmedia":[{"embeddable":true,"href":"https:\/\/www.europesays.com\/fr\/wp-json\/wp\/v2\/media\/51924"}],"wp:attachment":[{"href":"https:\/\/www.europesays.com\/fr\/wp-json\/wp\/v2\/media?parent=51923"}],"wp:term":[{"taxonomy":"category","embeddable":true,"href":"https:\/\/www.europesays.com\/fr\/wp-json\/wp\/v2\/categories?post=51923"},{"taxonomy":"post_tag","embeddable":true,"href":"https:\/\/www.europesays.com\/fr\/wp-json\/wp\/v2\/tags?post=51923"}],"curies":[{"name":"wp","href":"https:\/\/api.w.org\/{rel}","templated":true}]}}