{"id":519230,"date":"2025-11-07T22:36:20","date_gmt":"2025-11-07T22:36:20","guid":{"rendered":"https:\/\/www.europesays.com\/fr\/519230\/"},"modified":"2025-11-07T22:36:20","modified_gmt":"2025-11-07T22:36:20","slug":"la-france-prend-le-meilleur-sur-la-norvege-2-0","status":"publish","type":"post","link":"https:\/\/www.europesays.com\/fr\/519230\/","title":{"rendered":"la France prend le meilleur sur la Norv\u00e8ge (2-0)"},"content":{"rendered":"<p>Apr\u00e8s avoir d\u00e9but\u00e9 jeudi la coupe des Nations par une victoire face au Danemark (3-1), les Fran\u00e7ais ont obtenu une deuxi\u00e8me victoire face \u00e0 la Norv\u00e8ge (2-0) dans un patinoire de Poissompr\u00e9 \u00e0 guichets ferm\u00e9s. Dans une partie longtemps ferm\u00e9e \u00e0 double tour, les Bleus ont fait la diff\u00e9rence en fin de match. Pour d\u00e9couvrir les images de cette rencontre, c&rsquo;est par ici.<\/p>\n","protected":false},"excerpt":{"rendered":"Apr\u00e8s avoir d\u00e9but\u00e9 jeudi la coupe des Nations par une victoire face au Danemark (3-1), les Fran\u00e7ais ont&hellip;\n","protected":false},"author":2,"featured_media":519231,"comment_status":"","ping_status":"","sticky":false,"template":"","format":"standard","meta":{"footnotes":""},"categories":[4],"tags":[47,11,778,64020,107,1701,1795,1011,27,5325,2798,9540,4133,12,25,517,1700,774],"class_list":{"0":"post-519230","1":"post","2":"type-post","3":"status-publish","4":"format-standard","5":"has-post-thumbnail","7":"category-france","8":"tag-actualite","9":"tag-actualites","10":"tag-epinal","11":"tag-epinal-hockey-club-hec","12":"tag-fil-info","13":"tag-fil-info-sport","14":"tag-fil-web","15":"tag-fr","16":"tag-france","17":"tag-galerie-media","18":"tag-galerie-photo","19":"tag-galerie-sport","20":"tag-hockey-sur-glace","21":"tag-news","22":"tag-republique-francaise","23":"tag-sport","24":"tag-sport-lorrain","25":"tag-vosges"},"share_on_mastodon":{"url":"https:\/\/pubeurope.com\/@fr\/115510809897182826","error":""},"_links":{"self":[{"href":"https:\/\/www.europesays.com\/fr\/wp-json\/wp\/v2\/posts\/519230","targetHints":{"allow":["GET"]}}],"collection":[{"href":"https:\/\/www.europesays.com\/fr\/wp-json\/wp\/v2\/posts"}],"about":[{"href":"https:\/\/www.europesays.com\/fr\/wp-json\/wp\/v2\/types\/post"}],"author":[{"embeddable":true,"href":"https:\/\/www.europesays.com\/fr\/wp-json\/wp\/v2\/users\/2"}],"replies":[{"embeddable":true,"href":"https:\/\/www.europesays.com\/fr\/wp-json\/wp\/v2\/comments?post=519230"}],"version-history":[{"count":0,"href":"https:\/\/www.europesays.com\/fr\/wp-json\/wp\/v2\/posts\/519230\/revisions"}],"wp:featuredmedia":[{"embeddable":true,"href":"https:\/\/www.europesays.com\/fr\/wp-json\/wp\/v2\/media\/519231"}],"wp:attachment":[{"href":"https:\/\/www.europesays.com\/fr\/wp-json\/wp\/v2\/media?parent=519230"}],"wp:term":[{"taxonomy":"category","embeddable":true,"href":"https:\/\/www.europesays.com\/fr\/wp-json\/wp\/v2\/categories?post=519230"},{"taxonomy":"post_tag","embeddable":true,"href":"https:\/\/www.europesays.com\/fr\/wp-json\/wp\/v2\/tags?post=519230"}],"curies":[{"name":"wp","href":"https:\/\/api.w.org\/{rel}","templated":true}]}}