{"id":519248,"date":"2025-11-07T22:50:12","date_gmt":"2025-11-07T22:50:12","guid":{"rendered":"https:\/\/www.europesays.com\/fr\/519248\/"},"modified":"2025-11-07T22:50:12","modified_gmt":"2025-11-07T22:50:12","slug":"entre-pekin-et-paris-joyce-jonathan-ouvre-les-portes-de-son-duplex-xxl-une-vue-a-couper-le-souffle","status":"publish","type":"post","link":"https:\/\/www.europesays.com\/fr\/519248\/","title":{"rendered":"Entre P\u00e9kin et Paris, Joyce Jonathan ouvre les portes de son duplex XXL, une vue \u00e0 couper le souffle"},"content":{"rendered":"<p>Avant de devenir l\u2019une des voix les plus douces de la chanson<br \/>\nfran\u00e7aise, <strong>Joyce Jonathan<\/strong> s\u2019est d\u2019abord fait<br \/>\nconna\u00eetre sur MySpace. \u00c0 seulement 16 ans, elle partageait d\u00e9j\u00e0 ses<br \/>\npropres compositions sur le r\u00e9seau, attirant l\u2019attention de<br \/>\n<strong>Michael Goldman<\/strong>, futur directeur de la Star<br \/>\nAcademy et fils du c\u00e9l\u00e8bre <strong>Jean-Jacques<br \/>\nGoldman<\/strong>. Son talent et sa d\u00e9termination la conduisent \u00e0<br \/>\nsortir un premier album en 2010, marquant le d\u00e9but d\u2019une carri\u00e8re<br \/>\nprometteuse port\u00e9e par des textes sinc\u00e8res et une sensibilit\u00e9<br \/>\nrare.<\/p>\n<p>Apr\u00e8s plusieurs ann\u00e9es plus discr\u00e8tes, la chanteuse a sign\u00e9 un<br \/>\nretour remarqu\u00e9 avec son titre \u00ab\u00a0Si je mange, je vais en enfer\u00a0\u00bb il y<br \/>\na\u00a0 quelques mois. Dans ce morceau poignant, l\u00a0\u00bbartiste se<br \/>\nconfie sur <a href=\"https:\/\/www.melty.fr\/people\/ancienne-anorexique-joyce-jonathan-moquee-sur-les-reseaux-a-cause-de-cette-photo-2239270.html\" target=\"_blank\" rel=\"noopener\"><br \/>\nses ann\u00e9es de combat contre l\u2019anorexie et la boulimie<\/a>, un sujet<br \/>\nqu\u2019elle aborde avec \u00e9motion dans le podcast<br \/>\n\u00ab\u00a0Contre-addictions\u00a0\u00bb. Une mani\u00e8re pour elle de<br \/>\n<strong>transformer la douleur en art<\/strong> et d\u2019inspirer celles<br \/>\net ceux qui traversent les m\u00eames \u00e9preuves.<\/p>\n<p>Joyce Jonathan, du tumulte dans sa vie priv\u00e9e<\/p>\n<p>Sous le soleil corse, Joyce Jonathan a r\u00e9cemment offert \u00e0 ses<br \/>\nabonn\u00e9s un aper\u00e7u d\u2019un bonheur simple. Entre les paysages de<br \/>\nPorto-Vecchio et le golfe de Pinarello, l\u2019artiste a partag\u00e9 sur<br \/>\nInstagram des instants de d\u00e9tente en compagnie de <strong>Gabriel<br \/>\nAttal<\/strong>. Leur complicit\u00e9, \u00e9vidente sur les clich\u00e9s, a s\u00e9duit<br \/>\nles internautes. Malgr\u00e9 la curiosit\u00e9 du public, la chanteuse reste<br \/>\nfid\u00e8le \u00e0 sa r\u00e9serve habituelle lorsqu\u2019il s\u2019agit de sa vie priv\u00e9e.<br \/>\n<a href=\"https:\/\/www.melty.fr\/people\/joyce-jonathan-au-plumard-avec-le-fils-de-francois-hollande-javais-limpression-detre-la-2273821.html\" target=\"_blank\" rel=\"noopener\"><br \/>\nCelle qui a connu une histoire m\u00e9diatis\u00e9e avec Thomas Hollande<\/a>,<br \/>\npuis une relation avec <strong>Gabriel Diefenthal<\/strong>, a<br \/>\nconfi\u00e9 \u00e0 propos de Gabriel Attal : \u00ab Je suis tr\u00e8s fi\u00e8re de lui,<br \/>\nil est exemplaire et il donne beaucoup d&rsquo;espoir \u00e0 la jeunesse<br \/>\n\u00bb. Cette parenth\u00e8se corse semble traduire une p\u00e9riode plus paisible<br \/>\net plus \u00e9quilibr\u00e9e pour l\u2019artiste.<\/p>\n<p>Pourtant, cette s\u00e9r\u00e9nit\u00e9 a \u00e9t\u00e9 durement acquise. La trentenaire<br \/>\ns\u2019est longtemps sentie \u00e9touff\u00e9e par l\u2019attention m\u00e9diatique<br \/>\nentourant sa relation avec Thomas Hollande. Elle se souvient : \u00ab<br \/>\nOn \u00e9tait un peu paparazz\u00e9s, quand on allait d\u00e9jeuner, en<br \/>\nvacances. Ce qui \u00e9tait un peu troublant, c&rsquo;est que parfois, j&rsquo;avais<br \/>\nl&rsquo;impression de plus \u00eatre la petite copine de Thomas Hollande que<br \/>\nla chanteuse \u00bb.<\/p>\n<p>Une exposition constante qu\u2019elle a mal v\u00e9cue, comme elle<br \/>\nl\u2019expliquait d\u00e9j\u00e0 dans Th\u00e9 ou Caf\u00e9.\u00a0\u00ab Le fait que<br \/>\nce soit partag\u00e9, de voir mes photos de vacances dans un magazine<br \/>\nplut\u00f4t que dans mon album photos, ce n&rsquo;\u00e9tait pas tr\u00e8s<br \/>\nagr\u00e9able. Et je pense que c&rsquo;est ce qui fait que \u00e7a n&rsquo;a pas<br \/>\ndur\u00e9 finalement \u00bb. Cette exp\u00e9rience l\u2019a pouss\u00e9e \u00e0<br \/>\n<strong>red\u00e9finir ses priorit\u00e9s et \u00e0 privil\u00e9gier des relations plus<br \/>\nsinc\u00e8res<\/strong>, loin des projecteurs.<\/p>\n<p>Sa fille, sa priorit\u00e9<\/p>\n<p>Ces derniers mois, Joyce Jonathan a franchi une nouvelle \u00e9tape<br \/>\ndans sa vie personnelle. S\u00e9par\u00e9e de <strong>Martial Paoli<\/strong>,<br \/>\nle p\u00e8re de sa fille <strong>Ghjulia,<\/strong>\u00a0la chanteuse<br \/>\nd\u00e9couvre d\u00e9sormais le quotidien d\u2019une maman solo. Invit\u00e9e dans<br \/>\nLes Grosses T\u00eates sur RTL, elle a confirm\u00e9 cette<br \/>\nrupture&#8230; Avant d\u2019en dire plus dans une interview pour Lou Media.<br \/>\nDans une vid\u00e9o publi\u00e9e sur Instagram, elle confie avec franchise<br \/>\nqu\u2019\u00ab il faut \u00eatre tr\u00e8s organis\u00e9e quand on vit seule avec un<br \/>\nenfant \u00bb.<\/p>\n<p>Chaque journ\u00e9e est minutieusement planifi\u00e9e, comme elle le<br \/>\nraconte : \u00ab Quand je d\u00e9pose ma fille \u00e0 l&rsquo;\u00e9cole, je sais tous<br \/>\nles trucs que j\u2019ai \u00e0 faire et j&rsquo;ai une liste \u00bb. Elle s\u2019impose<br \/>\nm\u00eame un \u00ab top 3 des priorit\u00e9s \u00bb afin de rester efficace. \u00ab<br \/>\nEt puis si je n&rsquo;ai pas eu le temps de faire le reste, je<br \/>\nbascule sur le jour suivant. Mais je suis tr\u00e8s organis\u00e9e<br \/>\ndans ma t\u00eate, sinon je n&rsquo;arrive pas au bout des choses \u00bb.<br \/>\nMalgr\u00e9 les d\u00e9fis, <strong>l&rsquo;interpr\u00e8te de \u00c7a ira<\/strong><br \/>\ngarde une attitude positive face \u00e0 cette nouvelle vie. La chanteuse<br \/>\nvoit aussi la s\u00e9paration comme une red\u00e9couverte de soi et de sa<br \/>\nlibert\u00e9.<\/p>\n<p>\u00ab Quand tu te s\u00e9pares, tu red\u00e9couvres ta vie de femme et le<br \/>\nfait de te dire : L\u00e0, j&rsquo;ai du temps libre ! \u00bb avoue-t-elle<br \/>\navec un sourire complice. Un sentiment encore \u00e9trange apr\u00e8s des<br \/>\nann\u00e9es enti\u00e8rement consacr\u00e9es \u00e0 sa fille. \u00ab C&rsquo;est tr\u00e8s curieux<br \/>\nd&rsquo;avoir du temps libre quand tu es maman \u00bb. Une chose est<br \/>\ns\u00fbre, Joyce Jonathan semble pr\u00eate \u00e0 <strong>profiter pleinement de<br \/>\ncette nouvelle page<\/strong>.<\/p>\n<blockquote class=\"instagram-media\" style=\"background: #ffffff;border: 0;margin: 1px;width: 100%;padding: 0;max-width: 500px;\" data-instgrm-permalink=\"https:\/\/www.instagram.com\/reel\/DGX9L4TM9wr\/\" data-instgrm-version=\"14\"\/><p>\nJoyce Jonathan d\u00e9voile son cocon<br \/>\nparisien au charme discret<\/p>\n<p>Lors d\u2019une soir\u00e9e organis\u00e9e par la marque Longchamp au Pavillon<br \/>\nGabriel, Joyce Jonathan a surpris ses fans en ouvrant les portes de<br \/>\nson appartement parisien \u00e0 Paris Match. D\u2019ordinaire<br \/>\nr\u00e9serv\u00e9e, l\u2019artiste de 36 ans a r\u00e9v\u00e9l\u00e9 un int\u00e9rieur \u00e0 son image, \u00e0<br \/>\nla fois simple et \u00e9l\u00e9gant. Dans ce duplex lumineux, chaque d\u00e9tail<br \/>\nrespire la s\u00e9r\u00e9nit\u00e9. La cuisine ouverte, baign\u00e9e de lumi\u00e8re,<br \/>\ns\u2019int\u00e8gre parfaitement au salon, <strong>o\u00f9 tout semble pens\u00e9 pour<br \/>\nallier confort et sobri\u00e9t\u00e9<\/strong>. Peu d\u2019objets, des murs<br \/>\nimmacul\u00e9s, et quelques accessoires assortis comme le grille-pain et<br \/>\nla bouilloire viennent compl\u00e9ter l\u2019ensemble.<\/p>\n<p>L\u2019atmosph\u00e8re chaleureuse du s\u00e9jour refl\u00e8te son go\u00fbt pour les<br \/>\nespaces \u00e9pur\u00e9s et les mati\u00e8res naturelles. Au milieu des jouets de<br \/>\nsa fille tr\u00f4nent un canap\u00e9 moelleux, des poufs blancs et une table<br \/>\nbasse en bois brut&#8230; Autour desquels s\u2019articulent plusieurs cadres<br \/>\nd\u00e9coratifs. Les grandes baies vitr\u00e9es offrent <strong>une vue<br \/>\nsaisissante sur les toits de Paris<\/strong>&#8230; Ajoutant \u00e0 ce havre<br \/>\nde paix une touche d\u2019\u00e9vasion et de po\u00e9sie.<\/p>\n<p><script async src=\"\/\/www.instagram.com\/embed.js\"><\/script><\/p>\n","protected":false},"excerpt":{"rendered":"Avant de devenir l\u2019une des voix les plus douces de la chanson fran\u00e7aise, Joyce Jonathan s\u2019est d\u2019abord fait&hellip;\n","protected":false},"author":2,"featured_media":519249,"comment_status":"","ping_status":"","sticky":false,"template":"","format":"standard","meta":{"footnotes":""},"categories":[1355],"tags":[58,59,1011,27,4410,17032,1361,873],"class_list":{"0":"post-519248","1":"post","2":"type-post","3":"status-publish","4":"format-standard","5":"has-post-thumbnail","7":"category-musique","8":"tag-divertissement","9":"tag-entertainment","10":"tag-fr","11":"tag-france","12":"tag-gabriel-attal","13":"tag-joyce-jonathan","14":"tag-music","15":"tag-musique"},"share_on_mastodon":{"url":"https:\/\/pubeurope.com\/@fr\/115510865249785353","error":""},"_links":{"self":[{"href":"https:\/\/www.europesays.com\/fr\/wp-json\/wp\/v2\/posts\/519248","targetHints":{"allow":["GET"]}}],"collection":[{"href":"https:\/\/www.europesays.com\/fr\/wp-json\/wp\/v2\/posts"}],"about":[{"href":"https:\/\/www.europesays.com\/fr\/wp-json\/wp\/v2\/types\/post"}],"author":[{"embeddable":true,"href":"https:\/\/www.europesays.com\/fr\/wp-json\/wp\/v2\/users\/2"}],"replies":[{"embeddable":true,"href":"https:\/\/www.europesays.com\/fr\/wp-json\/wp\/v2\/comments?post=519248"}],"version-history":[{"count":0,"href":"https:\/\/www.europesays.com\/fr\/wp-json\/wp\/v2\/posts\/519248\/revisions"}],"wp:featuredmedia":[{"embeddable":true,"href":"https:\/\/www.europesays.com\/fr\/wp-json\/wp\/v2\/media\/519249"}],"wp:attachment":[{"href":"https:\/\/www.europesays.com\/fr\/wp-json\/wp\/v2\/media?parent=519248"}],"wp:term":[{"taxonomy":"category","embeddable":true,"href":"https:\/\/www.europesays.com\/fr\/wp-json\/wp\/v2\/categories?post=519248"},{"taxonomy":"post_tag","embeddable":true,"href":"https:\/\/www.europesays.com\/fr\/wp-json\/wp\/v2\/tags?post=519248"}],"curies":[{"name":"wp","href":"https:\/\/api.w.org\/{rel}","templated":true}]}}