{"id":519260,"date":"2025-11-07T22:56:21","date_gmt":"2025-11-07T22:56:21","guid":{"rendered":"https:\/\/www.europesays.com\/fr\/519260\/"},"modified":"2025-11-07T22:56:21","modified_gmt":"2025-11-07T22:56:21","slug":"un-millier-de-vols-annules-aux-etats-unis-sous-paralysie-budgetaire-07-11-2025-a-2315","status":"publish","type":"post","link":"https:\/\/www.europesays.com\/fr\/519260\/","title":{"rendered":"Un millier de vols annul\u00e9s aux Etats-Unis, sous paralysie budg\u00e9taire &#8211; 07\/11\/2025 \u00e0 23:15"},"content":{"rendered":"<p>        <img decoding=\"async\" src=\"https:\/\/www.europesays.com\/fr\/wp-content\/uploads\/2025\/11\/aaae0fb935c5286030faf7fdb88048e0-760x507.jpg\" alt=\"Voyageurs \u00e0 l'a\u00e9roport international de Chicago, Illinois le 7 novembre 2025 ( AFP \/ KAMIL KRZACZYNSKI )\" loading=\"eager\" fetchpriority=\"high\" width=\"760\" height=\"507\" style=\"max-width: 100%!important; height: auto;\"\/><\/p>\n<p class=\"c-image-news__legend\">Voyageurs \u00e0 l&rsquo;a\u00e9roport international de Chicago, Illinois le 7 novembre 2025 ( AFP \/ KAMIL KRZACZYNSKI )<\/p>\n<p>\n Un millier de vols ont \u00e9t\u00e9 annul\u00e9s vendredi dans les a\u00e9roports am\u00e9ricains en raison du blocage budg\u00e9taire qui s&rsquo;\u00e9tire et a conduit les autorit\u00e9s \u00e0 all\u00e9ger le trafic a\u00e9rien face \u00e0 la p\u00e9nurie d&rsquo;aiguilleurs du ciel.\n<\/p>\n<p>\n Par mesure de s\u00e9curit\u00e9, l&rsquo;administration Trump a impos\u00e9 mercredi une r\u00e9duction du trafic dans quarante des a\u00e9roports am\u00e9ricains les plus fr\u00e9quent\u00e9s face au manque de personnel dans les tours de contr\u00f4le, auquel il est demand\u00e9 depuis plus de cinq semaines de travailler sans \u00eatre pay\u00e9 du fait du \u00ab\u00a0shutdown\u00a0\u00bb.\n<\/p>\n<p>\n Les vols internationaux ne sont pas concern\u00e9s, a confirm\u00e9 vendredi le ministre des Transports Sean Duffy.\n<\/p>\n<p>\n Arriv\u00e9 sans encombre \u00e0 New York du Canada vendredi, Ravi, un homme d&rsquo;affaires quadrag\u00e9naire qui ne souhaite pas donner son nom de famille, doit repartir pour Miami dimanche. \u00ab\u00a0Nous esp\u00e9rons ne pas \u00eatre affect\u00e9s. Je reprends donc un autre vol. Je n&rsquo;ai pas envie mais c&rsquo;est d\u00e9j\u00e0 r\u00e9serv\u00e9\u00a0\u00bb, dit-il \u00e0 l&rsquo;AFP.\n<\/p>\n<p>\n Un millier de vols ont \u00e9t\u00e9 annul\u00e9s vendredi, selon le site de suivi FlightAware, qui identifie les a\u00e9roports de Washington (Reagan), Chicago O&rsquo;Hare et Atlanta comme ceux les plus touch\u00e9s. Environ 700 annulations sont annonc\u00e9es pour samedi.\n<\/p>\n<p>\n L&rsquo;a\u00e9roport Reagan de la capitale a averti dans l&rsquo;apr\u00e8s-midi sur les r\u00e9seaux sociaux \u00ab\u00a0pr\u00e9voir des retards importants et des annulations dans la soir\u00e9e en raison de la r\u00e9duction du trafic a\u00e9rien.\u00a0\u00bb\n<\/p>\n<p> &#8211; Vols int\u00e9rieurs et r\u00e9gionaux &#8211;<\/p>\n<p>\n D&rsquo;apr\u00e8s le minist\u00e8re des Transports, le trafic a\u00e9rien est r\u00e9duit de 4% vendredi, puis le sera de 6% mardi et jusqu&rsquo;\u00e0 10% dans une semaine, si la paralysie budg\u00e9taire se poursuit.\n<\/p>\n<p>\n Depuis l&rsquo;a\u00e9roport de Miami, Jose Rincon, 78 ans, s&rsquo;attend \u00e0 \u00ab\u00a0beaucoup de probl\u00e8mes \u00e0 partir de ce week-end\u00a0\u00bb. \u00ab\u00a0Et je ne sais pas pourquoi le gouvernement laisse durer le blocage, surtout pour des choses aussi essentielles que la s\u00e9curit\u00e9 et le confort des passagers\u00a0\u00bb, consid\u00e8re-t-il aupr\u00e8s de l&rsquo;AFP.\n<\/p>\n<p>\n \u00ab\u00a0R\u00e9duire les vols, si c&rsquo;est une question de s\u00e9curit\u00e9, absolument, mais on n&rsquo;aurait jamais d\u00fb en arriver l\u00e0\u00a0\u00bb, d\u00e9plore Elvira Buchi, venue chercher sa fille \u00e0 l&rsquo;a\u00e9roport de La Guardia \u00e0 New York.\n<\/p>\n<p>\n Dans son 38e jour vendredi, la paralysie budg\u00e9taire est la plus longue de l&rsquo;histoire am\u00e9ricaine, parlementaires r\u00e9publicains et d\u00e9mocrates \u00e9tant incapables de s&rsquo;entendre sur un nouveau budget.\n<\/p>\n<p>\n La compagnie a\u00e9rienne United indique que les annulations se concentrent sur \u00ab\u00a0les vols int\u00e9rieurs et r\u00e9gionaux qui ne relient pas nos hubs\u00a0\u00bb a\u00e9roportuaires.\n<\/p>\n<p>\n Ces perturbations s&rsquo;ajoutent aux files d&rsquo;attente qui s&rsquo;allongent aux points de contr\u00f4le g\u00e9r\u00e9s par des agents de s\u00e9curit\u00e9, \u00e9galement priv\u00e9s de salaire depuis plus d&rsquo;un mois.\n<\/p>\n<p> &#8211; \u00ab\u00a0C&rsquo;est beaucoup demander\u00a0\u00bb &#8211;<\/p>\n<p>\n Elles d\u00e9butent \u00e0 la veille d&rsquo;un week-end que nombre d&rsquo;Am\u00e9ricains prolongeront jusqu&rsquo;au mardi 11 novembre, f\u00e9ri\u00e9 aux Etats-Unis. Et elles surviennent \u00e0 l&rsquo;approche de Thanksgiving, la grande f\u00eate familiale pour laquelle des millions d&rsquo;Am\u00e9ricains prennent l&rsquo;avion chaque ann\u00e9e, le 27 novembre.\n<\/p>\n<p>\n \u00ab\u00a0Si vous devez aller \u00e0 un mariage, des obs\u00e8ques ou autre chose d&rsquo;important dans les prochains jours, compte tenu du risque d&rsquo;annulation de vols, je conseillerais d&rsquo;acheter un billet de secours sur une autre compagnie\u00a0\u00bb, sugg\u00e8re le patron de la compagnie \u00e0 bas co\u00fbt Frontier, Barry Biffle, sur les r\u00e9seaux sociaux.\n<\/p>\n<p>\n A titre d&rsquo;illustration, le r\u00e9gulateur a\u00e9rien am\u00e9ricain (FAA) expliquait le 31 octobre que la moiti\u00e9 des 30 a\u00e9roports principaux \u00ab\u00a0connaissent des p\u00e9nuries de personnel\u00a0\u00bb et que pr\u00e8s de 80% des contr\u00f4leurs a\u00e9riens \u00e9taient absents dans les a\u00e9roports new-yorkais\u00a0\u00bb. \u00ab\u00a0Apr\u00e8s 31 jours sans salaire, les contr\u00f4leurs a\u00e9riens sont soumis \u00e0 un stress et une fatigue immenses\u00a0\u00bb.\n<\/p>\n<p>\n \u00ab\u00a0C&rsquo;est beaucoup demander que de travailler sous pression sans \u00eatre pay\u00e9\u00a0\u00bb, souligne aupr\u00e8s de l&rsquo;AFP Kathleen, retrait\u00e9e de 81 ans arriv\u00e9e \u00e0 New York de Saint Louis, dans le Missouri.\n<\/p>\n<p>\n Autour de 14.000 contr\u00f4leurs a\u00e9riens surveillent le ciel am\u00e9ricain. Chaque jour plus de trois millions de passagers prennent l&rsquo;avion aux Etats-Unis, \u00e0 raison de plus de 44.000 vols en moyenne, selon la FAA.<\/p>\n","protected":false},"excerpt":{"rendered":"Voyageurs \u00e0 l&rsquo;a\u00e9roport international de Chicago, Illinois le 7 novembre 2025 ( AFP \/ KAMIL KRZACZYNSKI ) Un&hellip;\n","protected":false},"author":2,"featured_media":519261,"comment_status":"","ping_status":"","sticky":false,"template":"","format":"standard","meta":{"footnotes":""},"categories":[6],"tags":[400,398,408,35,405,33,34,1011,27,403,402,399,404,401,406,407],"class_list":{"0":"post-519260","1":"post","2":"type-post","3":"status-publish","4":"format-standard","5":"has-post-thumbnail","7":"category-economie","8":"tag-action-cac-40","9":"tag-bourse-de-paris","10":"tag-boursorama","11":"tag-business","12":"tag-cotations","13":"tag-economie","14":"tag-economy","15":"tag-fr","16":"tag-france","17":"tag-indices-devises","18":"tag-investir","19":"tag-investissement","20":"tag-marche-boursier","21":"tag-sicav","22":"tag-trackers","23":"tag-warrants"},"share_on_mastodon":{"url":"https:\/\/pubeurope.com\/@fr\/115510889231872412","error":""},"_links":{"self":[{"href":"https:\/\/www.europesays.com\/fr\/wp-json\/wp\/v2\/posts\/519260","targetHints":{"allow":["GET"]}}],"collection":[{"href":"https:\/\/www.europesays.com\/fr\/wp-json\/wp\/v2\/posts"}],"about":[{"href":"https:\/\/www.europesays.com\/fr\/wp-json\/wp\/v2\/types\/post"}],"author":[{"embeddable":true,"href":"https:\/\/www.europesays.com\/fr\/wp-json\/wp\/v2\/users\/2"}],"replies":[{"embeddable":true,"href":"https:\/\/www.europesays.com\/fr\/wp-json\/wp\/v2\/comments?post=519260"}],"version-history":[{"count":0,"href":"https:\/\/www.europesays.com\/fr\/wp-json\/wp\/v2\/posts\/519260\/revisions"}],"wp:featuredmedia":[{"embeddable":true,"href":"https:\/\/www.europesays.com\/fr\/wp-json\/wp\/v2\/media\/519261"}],"wp:attachment":[{"href":"https:\/\/www.europesays.com\/fr\/wp-json\/wp\/v2\/media?parent=519260"}],"wp:term":[{"taxonomy":"category","embeddable":true,"href":"https:\/\/www.europesays.com\/fr\/wp-json\/wp\/v2\/categories?post=519260"},{"taxonomy":"post_tag","embeddable":true,"href":"https:\/\/www.europesays.com\/fr\/wp-json\/wp\/v2\/tags?post=519260"}],"curies":[{"name":"wp","href":"https:\/\/api.w.org\/{rel}","templated":true}]}}